{"id":349371,"date":"2024-11-18T15:27:23","date_gmt":"2024-11-18T18:27:23","guid":{"rendered":"https:\/\/jundiai.sp.gov.br\/noticias\/?p=349371"},"modified":"2024-11-18T17:56:49","modified_gmt":"2024-11-18T20:56:49","slug":"3a-edicao-do-festival-de-musica-chega-ao-fim-com-premiacoes-e-mencoes-honrosas","status":"publish","type":"post","link":"https:\/\/jundiai.sp.gov.br\/noticias\/2024\/11\/18\/3a-edicao-do-festival-de-musica-chega-ao-fim-com-premiacoes-e-mencoes-honrosas\/","title":{"rendered":"3\u00aa edi\u00e7\u00e3o do Festival de M\u00fasica chega ao fim com premia\u00e7\u00f5es e men\u00e7\u00f5es honrosas"},"content":{"rendered":"\n<p>A Unidade de Gest\u00e3o de Cultura realizou na noite desse domingo (17) a Grande Final do <a href=\"https:\/\/cultura.jundiai.sp.gov.br\/festivaldemusica\/\" target=\"_blank\" rel=\"noreferrer noopener\">3\u00ba Festival de M\u00fasica de Jundia\u00ed<\/a>. Ap\u00f3s as apresenta\u00e7\u00f5es das Mostras Competitiva e Paralela no Espa\u00e7o Expressa, o palco do Teatro Polytheama recebeu o espet\u00e1culo de premia\u00e7\u00e3o, que consagrou como vencedores da edi\u00e7\u00e3o os paulistanos Ana Luiza e Thomas Howard, com \u201cTempo de Crian\u00e7a\u201d, e que levaram para casa pr\u00eamio no valor de R$ 5 mil.<\/p>\n\n\n\n<p><a href=\"https:\/\/www.flickr.com\/photos\/prefeituradejundiai\/albums\/72177720322011510\" target=\"_blank\" rel=\"noreferrer noopener\">CONFIRA AS FOTOS<\/a><\/p>\n\n\n\n<p>O 2\u00ba lugar e a premia\u00e7\u00e3o de R$ 4 mil ficaram com \u201cSubesta\u00e7\u00e3o\u201d, de Seiferts, de Pinhais (PR). E o 3\u00ba lugar e o pr\u00eamio de R$ 3 mil foram para \u201cS\u00f3 se for de amor\u201d, do jundiaiense Oiti Quarteto.<\/p>\n\n\n\n<figure class=\"wp-block-image size-large\"><img loading=\"lazy\" decoding=\"async\" width=\"1280\" height=\"854\" src=\"https:\/\/jundiai.sp.gov.br\/noticias\/wp-content\/uploads\/sites\/32\/2024\/11\/3o_festival_de_musica_de_jundiai_final_polytheama_pa-150-1280x854.jpg\" alt=\"\" class=\"wp-image-349392\" srcset=\"https:\/\/jundiai.sp.gov.br\/noticias\/wp-content\/uploads\/sites\/32\/2024\/11\/3o_festival_de_musica_de_jundiai_final_polytheama_pa-150-1280x854.jpg 1280w, https:\/\/jundiai.sp.gov.br\/noticias\/wp-content\/uploads\/sites\/32\/2024\/11\/3o_festival_de_musica_de_jundiai_final_polytheama_pa-150-300x200.jpg 300w, https:\/\/jundiai.sp.gov.br\/noticias\/wp-content\/uploads\/sites\/32\/2024\/11\/3o_festival_de_musica_de_jundiai_final_polytheama_pa-150-768x512.jpg 768w, https:\/\/jundiai.sp.gov.br\/noticias\/wp-content\/uploads\/sites\/32\/2024\/11\/3o_festival_de_musica_de_jundiai_final_polytheama_pa-150-1536x1024.jpg 1536w, https:\/\/jundiai.sp.gov.br\/noticias\/wp-content\/uploads\/sites\/32\/2024\/11\/3o_festival_de_musica_de_jundiai_final_polytheama_pa-150-450x300.jpg 450w, https:\/\/jundiai.sp.gov.br\/noticias\/wp-content\/uploads\/sites\/32\/2024\/11\/3o_festival_de_musica_de_jundiai_final_polytheama_pa-150.jpg 1900w\" sizes=\"auto, (max-width: 1280px) 100vw, 1280px\" \/><figcaption class=\"wp-element-caption\">Ana Luiza e Thomas Howard levaram o 1\u00ba lugar, com a m\u00fasica \u201cTempo de Crian\u00e7a\u201d<\/figcaption><\/figure>\n\n\n\n<p>\u201cA terceira edi\u00e7\u00e3o do Festival de M\u00fasica chega ao seu fim cumprindo o seu papel que \u00e9 o de estimular a cena de m\u00fasica autoral, permitir o interc\u00e2mbio da produ\u00e7\u00e3o local com o que tem sido produzido nacionalmente e fomentar a cria\u00e7\u00e3o de p\u00fablico para esta linguagem art\u00edstica. Isso sem contar a sua contribui\u00e7\u00e3o para a economia da Cultura local, em vista dos artistas envolvidos que aparecem no palco, mas tamb\u00e9m todos os demais profissionais e t\u00e9cnicos que trabalham atr\u00e1s das cortinas para que o festival fosse poss\u00edvel\u201d, comentou o gestor de Cultura, Marcelo Peroni.<\/p>\n\n\n\n<p><a href=\"https:\/\/cultura.jundiai.sp.gov.br\/festivaldemusica\/\" target=\"_blank\" rel=\"noreferrer noopener\">CONFIRA MAIS DETALHES NO SITE DO FESTIVAL<\/a> <\/p>\n\n\n\n<p>J\u00e1 o Pr\u00eamio M\u00fasica Jundia\u00ed do Festival, que garantiu premia\u00e7\u00e3o de R$ 3 mil para proponente do Munic\u00edpio, ficou com \u201cDo Bronze\u201d, de Marina Ebbecke. O Pr\u00eamio Melhor Int\u00e9rprete e o M\u00fasica Instrumental, ambos no valor de R$ 3 mil, ficaram, respectivamente para Mara Braga com \u201cO Peso do Orvalho\u201d e \u201cCastelo de Areia\u201d, do grupo Regional Viol\u00e3o Brejeiro. J\u00e1 a Men\u00e7\u00e3o Honrosa desta edi\u00e7\u00e3o quem levou foi Negrex, proponente da m\u00fasica \u201cAfrofutureboy\u201d, de Campo Limpo Paulista. Os jurados desta edi\u00e7\u00e3o foram Camila Fr\u00e9sca, Fernando Andrade&nbsp;e Jo\u00e3o Marcello B\u00f4scoli.<\/p>\n\n\n\n<figure class=\"wp-block-image size-large\"><img loading=\"lazy\" decoding=\"async\" width=\"1280\" height=\"854\" src=\"https:\/\/jundiai.sp.gov.br\/noticias\/wp-content\/uploads\/sites\/32\/2024\/11\/3o_festival_de_musica_de_jundiai_final_polytheama_pa-218-1280x854.jpg\" alt=\"\" class=\"wp-image-349393\" srcset=\"https:\/\/jundiai.sp.gov.br\/noticias\/wp-content\/uploads\/sites\/32\/2024\/11\/3o_festival_de_musica_de_jundiai_final_polytheama_pa-218-1280x854.jpg 1280w, https:\/\/jundiai.sp.gov.br\/noticias\/wp-content\/uploads\/sites\/32\/2024\/11\/3o_festival_de_musica_de_jundiai_final_polytheama_pa-218-300x200.jpg 300w, https:\/\/jundiai.sp.gov.br\/noticias\/wp-content\/uploads\/sites\/32\/2024\/11\/3o_festival_de_musica_de_jundiai_final_polytheama_pa-218-768x512.jpg 768w, https:\/\/jundiai.sp.gov.br\/noticias\/wp-content\/uploads\/sites\/32\/2024\/11\/3o_festival_de_musica_de_jundiai_final_polytheama_pa-218-1536x1024.jpg 1536w, https:\/\/jundiai.sp.gov.br\/noticias\/wp-content\/uploads\/sites\/32\/2024\/11\/3o_festival_de_musica_de_jundiai_final_polytheama_pa-218-450x300.jpg 450w, https:\/\/jundiai.sp.gov.br\/noticias\/wp-content\/uploads\/sites\/32\/2024\/11\/3o_festival_de_musica_de_jundiai_final_polytheama_pa-218.jpg 1900w\" sizes=\"auto, (max-width: 1280px) 100vw, 1280px\" \/><figcaption class=\"wp-element-caption\">Teatro Polytheama foi o palco da premia\u00e7\u00e3o do festival <\/figcaption><\/figure>\n\n\n\n<p>Para a Grande Final, o p\u00fablico p\u00f4de conferir ainda uma apresenta\u00e7\u00e3o especial com o Coral Municipal de Jundia\u00ed (adulto) e da Orquestra Sinf\u00f4nica Municipal de Jundia\u00ed (OSMJ), corpos art\u00edsticos municipais vinculados \u00e0 UGC, e que levaram para o palco do Polytheama um concerto com o tema \u201c80 anos de Chico Buarque\u201d.<\/p>\n\n\n\n<p>Para esta edi\u00e7\u00e3o, o Festival recebeu as inscri\u00e7\u00f5es de 208 m\u00fasicas, de 153 compositores diferentes. As inscri\u00e7\u00f5es vieram de 58 Munic\u00edpios de 15 Estados diferentes. Tamb\u00e9m foram contemplados 92 diferentes estilos musicais.<\/p>\n\n\n\n<p>A Mostra Competitiva foi realizada nos dias 15 (sexta-feira) e 16 de novembro (s\u00e1bado), na Sala Santos-Jundia\u00ed do Espa\u00e7o Expressa, em que foram apresentadas as 30 m\u00fasicas classificadas \u2013 15 por dia -, das quais foram selecionadas 12 para a Grande Final. J\u00e1 no dia 17 de novembro (domingo), foi a vez da Mostra Paralela do Festival, tamb\u00e9m na Sala Santos-Jundia\u00ed do Espa\u00e7o Expressa. Nesta categoria foram apresentadas as 12 m\u00fasicas de compositores jundiaienses mais bem classificadas, das que n\u00e3o ficaram entre as 30 selecionadas.<\/p>\n\n\n\n<figure class=\"wp-block-gallery has-nested-images columns-default is-cropped wp-block-gallery-1 is-layout-flex wp-block-gallery-is-layout-flex\">\n<figure class=\"wp-block-image size-large\"><a href=\"https:\/\/jundiai.sp.gov.br\/noticias\/wp-content\/uploads\/sites\/32\/2024\/11\/3o_festival_de_musica_de_jundiai_final_polytheama_pa-126.jpg\"><img loading=\"lazy\" decoding=\"async\" width=\"1280\" height=\"854\" data-id=\"349397\" src=\"https:\/\/jundiai.sp.gov.br\/noticias\/wp-content\/uploads\/sites\/32\/2024\/11\/3o_festival_de_musica_de_jundiai_final_polytheama_pa-126-1280x854.jpg\" alt=\"\" class=\"wp-image-349397\" srcset=\"https:\/\/jundiai.sp.gov.br\/noticias\/wp-content\/uploads\/sites\/32\/2024\/11\/3o_festival_de_musica_de_jundiai_final_polytheama_pa-126-1280x854.jpg 1280w, https:\/\/jundiai.sp.gov.br\/noticias\/wp-content\/uploads\/sites\/32\/2024\/11\/3o_festival_de_musica_de_jundiai_final_polytheama_pa-126-300x200.jpg 300w, https:\/\/jundiai.sp.gov.br\/noticias\/wp-content\/uploads\/sites\/32\/2024\/11\/3o_festival_de_musica_de_jundiai_final_polytheama_pa-126-768x512.jpg 768w, https:\/\/jundiai.sp.gov.br\/noticias\/wp-content\/uploads\/sites\/32\/2024\/11\/3o_festival_de_musica_de_jundiai_final_polytheama_pa-126-1536x1024.jpg 1536w, https:\/\/jundiai.sp.gov.br\/noticias\/wp-content\/uploads\/sites\/32\/2024\/11\/3o_festival_de_musica_de_jundiai_final_polytheama_pa-126-450x300.jpg 450w, https:\/\/jundiai.sp.gov.br\/noticias\/wp-content\/uploads\/sites\/32\/2024\/11\/3o_festival_de_musica_de_jundiai_final_polytheama_pa-126.jpg 1900w\" sizes=\"auto, (max-width: 1280px) 100vw, 1280px\" \/><\/a><figcaption class=\"wp-element-caption\">Com \u201cDo Bronze\u201d, de Marina Ebbecke levou o Pr\u00eamio M\u00fasica Jundia\u00ed <\/figcaption><\/figure>\n\n\n\n<figure class=\"wp-block-image size-large\"><a href=\"https:\/\/jundiai.sp.gov.br\/noticias\/wp-content\/uploads\/sites\/32\/2024\/11\/3o_festival_de_musica_de_jundiai_final_polytheama_pa-60.jpg\"><img loading=\"lazy\" decoding=\"async\" width=\"1280\" height=\"854\" data-id=\"349391\" src=\"https:\/\/jundiai.sp.gov.br\/noticias\/wp-content\/uploads\/sites\/32\/2024\/11\/3o_festival_de_musica_de_jundiai_final_polytheama_pa-60-1280x854.jpg\" alt=\"\" class=\"wp-image-349391\" srcset=\"https:\/\/jundiai.sp.gov.br\/noticias\/wp-content\/uploads\/sites\/32\/2024\/11\/3o_festival_de_musica_de_jundiai_final_polytheama_pa-60-1280x854.jpg 1280w, https:\/\/jundiai.sp.gov.br\/noticias\/wp-content\/uploads\/sites\/32\/2024\/11\/3o_festival_de_musica_de_jundiai_final_polytheama_pa-60-300x200.jpg 300w, https:\/\/jundiai.sp.gov.br\/noticias\/wp-content\/uploads\/sites\/32\/2024\/11\/3o_festival_de_musica_de_jundiai_final_polytheama_pa-60-768x512.jpg 768w, https:\/\/jundiai.sp.gov.br\/noticias\/wp-content\/uploads\/sites\/32\/2024\/11\/3o_festival_de_musica_de_jundiai_final_polytheama_pa-60-1536x1024.jpg 1536w, https:\/\/jundiai.sp.gov.br\/noticias\/wp-content\/uploads\/sites\/32\/2024\/11\/3o_festival_de_musica_de_jundiai_final_polytheama_pa-60-450x300.jpg 450w, https:\/\/jundiai.sp.gov.br\/noticias\/wp-content\/uploads\/sites\/32\/2024\/11\/3o_festival_de_musica_de_jundiai_final_polytheama_pa-60.jpg 1900w\" sizes=\"auto, (max-width: 1280px) 100vw, 1280px\" \/><\/a><figcaption class=\"wp-element-caption\">Coral e Orquestra municipais marcaram presen\u00e7a na noite especial<\/figcaption><\/figure>\n<\/figure>\n\n\n\n<p><strong>Assessoria de Imprensa<br>Fotos: Fot\u00f3grafos PMJ <\/strong><\/p>\n","protected":false},"excerpt":{"rendered":"<p>A Unidade de Gest\u00e3o de Cultura realizou na noite desse domingo (17) a Grande Final do 3\u00ba Festival de M\u00fasica de Jundia\u00ed. Ap\u00f3s as apresenta\u00e7\u00f5es das Mostras Competitiva e Paralela no Espa\u00e7o Expressa, o palco do Teatro Polytheama recebeu o espet\u00e1culo de premia\u00e7\u00e3o, que consagrou como vencedores da edi\u00e7\u00e3o os paulistanos Ana Luiza e Thomas [&hellip;]<\/p>\n","protected":false},"author":14,"featured_media":349393,"comment_status":"closed","ping_status":"0","sticky":false,"template":"","format":"standard","meta":{"footnotes":""},"categories":[4620,2],"tags":[275,29,3017,307,98],"ods":[],"class_list":["post-349371","post","type-post","status-publish","format-standard","has-post-thumbnail","hentry","category-destaques","category-noticias","tag-coral-municipal-de-jundiai","tag-cultura","tag-festival-de-musica","tag-orquestra-municipal-de-jundiai","tag-teatro-polytheama"],"_links":{"self":[{"href":"https:\/\/jundiai.sp.gov.br\/noticias\/wp-json\/wp\/v2\/posts\/349371","targetHints":{"allow":["GET"]}}],"collection":[{"href":"https:\/\/jundiai.sp.gov.br\/noticias\/wp-json\/wp\/v2\/posts"}],"about":[{"href":"https:\/\/jundiai.sp.gov.br\/noticias\/wp-json\/wp\/v2\/types\/post"}],"author":[{"embeddable":true,"href":"https:\/\/jundiai.sp.gov.br\/noticias\/wp-json\/wp\/v2\/users\/14"}],"replies":[{"embeddable":true,"href":"https:\/\/jundiai.sp.gov.br\/noticias\/wp-json\/wp\/v2\/comments?post=349371"}],"version-history":[{"count":9,"href":"https:\/\/jundiai.sp.gov.br\/noticias\/wp-json\/wp\/v2\/posts\/349371\/revisions"}],"predecessor-version":[{"id":349402,"href":"https:\/\/jundiai.sp.gov.br\/noticias\/wp-json\/wp\/v2\/posts\/349371\/revisions\/349402"}],"wp:featuredmedia":[{"embeddable":true,"href":"https:\/\/jundiai.sp.gov.br\/noticias\/wp-json\/wp\/v2\/media\/349393"}],"wp:attachment":[{"href":"https:\/\/jundiai.sp.gov.br\/noticias\/wp-json\/wp\/v2\/media?parent=349371"}],"wp:term":[{"taxonomy":"category","embeddable":true,"href":"https:\/\/jundiai.sp.gov.br\/noticias\/wp-json\/wp\/v2\/categories?post=349371"},{"taxonomy":"post_tag","embeddable":true,"href":"https:\/\/jundiai.sp.gov.br\/noticias\/wp-json\/wp\/v2\/tags?post=349371"},{"taxonomy":"ods","embeddable":true,"href":"https:\/\/jundiai.sp.gov.br\/noticias\/wp-json\/wp\/v2\/ods?post=349371"}],"curies":[{"name":"wp","href":"https:\/\/api.w.org\/{rel}","templated":true}]}}