{"id":349578,"date":"2024-11-22T10:56:17","date_gmt":"2024-11-22T13:56:17","guid":{"rendered":"https:\/\/jundiai.sp.gov.br\/noticias\/?p=349578"},"modified":"2024-11-22T10:57:01","modified_gmt":"2024-11-22T13:57:01","slug":"jardim-do-lago-dae-realiza-interligacao-de-rede-para-novo-reservatorio-neste-final-de-semana-23-e-24","status":"publish","type":"post","link":"https:\/\/jundiai.sp.gov.br\/noticias\/2024\/11\/22\/jardim-do-lago-dae-realiza-interligacao-de-rede-para-novo-reservatorio-neste-final-de-semana-23-e-24\/","title":{"rendered":"Jardim do Lago: DAE realiza interliga\u00e7\u00e3o de rede para novo reservat\u00f3rio, neste final de semana (23 e 24)"},"content":{"rendered":"\n<p>A DAE Jundia\u00ed realiza, neste s\u00e1bado (23) e domingo (24), \u00a0uma interliga\u00e7\u00e3o de rede para o novo reservat\u00f3rio do Jardim do Lago. Para isso, um trecho da avenida Professora Leonita Faber Ladeira ser\u00e1 interditado durante o final de semana. Al\u00e9m disso, no domingo (24), o\u00a0abastecimento ser\u00e1 paralisado nos bairros Vila Esperan\u00e7a, Cidade Jardim e Nova Cidade Jardim, das 8 \u00e0s 19 horas.<\/p>\n\n\n\n<p>A DAE refor\u00e7a que \u00e9 importante toda constru\u00e7\u00e3o manter uma reserva m\u00ednima de 250 litros de \u00e1gua por morador, por dia, para evitar transtornos no abastecimento durante interrup\u00e7\u00f5es no fornecimento.<\/p>\n\n\n\n<p>Em caso de d\u00favidas ou para mais informa\u00e7\u00f5es, a Central de Relacionamento da empresa, pelo telefone 0800 0133 155, est\u00e1 \u00e0 disposi\u00e7\u00e3o. A liga\u00e7\u00e3o \u00e9 gratuita e o atendimento 24 horas.<\/p>\n\n\n\n<p><strong>Novo reservat\u00f3rio<br><\/strong><br>Com a interliga\u00e7\u00e3o de rede, o reservat\u00f3rio do Jardim do Lago entra em fase final de testes antes de dar in\u00edcio \u00e0s opera\u00e7\u00f5es. As regi\u00f5es do Jardim do Lago, Vila Didi, Jardim Est\u00e1dio, Cidade Jardim e Vila Esperan\u00e7a ser\u00e3o beneficiadas e ter\u00e3o o abastecimento refor\u00e7ado pelo equipamento.<\/p>\n\n\n\n<p>O novo reservat\u00f3rio se somar\u00e1 aos outros 59 equipamentos em opera\u00e7\u00e3o na cidade, ampliando a capacidade de armazenamento em mais tr\u00eas milh\u00f5es de litros de \u00e1gua tratada.<\/p>\n\n\n\n<p><strong>Assessoria de Comunica\u00e7\u00e3o \u2013 DAE Jundia\u00ed<\/strong><\/p>\n\n\n\n<p><strong>Foto: DAE Jundia\u00ed<\/strong><\/p>\n\n\n\n<p><\/p>\n","protected":false},"excerpt":{"rendered":"<p>A DAE Jundia\u00ed realiza, neste s\u00e1bado (23) e domingo (24), \u00a0uma interliga\u00e7\u00e3o de rede para o novo reservat\u00f3rio do Jardim do Lago. Para isso, um trecho da avenida Professora Leonita Faber Ladeira ser\u00e1 interditado durante o final de semana. Al\u00e9m disso, no domingo (24), o\u00a0abastecimento ser\u00e1 paralisado nos bairros Vila Esperan\u00e7a, Cidade Jardim e Nova [&hellip;]<\/p>\n","protected":false},"author":89,"featured_media":347565,"comment_status":"closed","ping_status":"0","sticky":false,"template":"","format":"standard","meta":{"footnotes":""},"categories":[2],"tags":[3169,4190,3080,4347],"ods":[],"class_list":["post-349578","post","type-post","status-publish","format-standard","has-post-thumbnail","hentry","category-noticias","tag-abastecimento","tag-dae-jundiai-2","tag-jardim-do-lago","tag-limpeza-de-reservatorio"],"_links":{"self":[{"href":"https:\/\/jundiai.sp.gov.br\/noticias\/wp-json\/wp\/v2\/posts\/349578","targetHints":{"allow":["GET"]}}],"collection":[{"href":"https:\/\/jundiai.sp.gov.br\/noticias\/wp-json\/wp\/v2\/posts"}],"about":[{"href":"https:\/\/jundiai.sp.gov.br\/noticias\/wp-json\/wp\/v2\/types\/post"}],"author":[{"embeddable":true,"href":"https:\/\/jundiai.sp.gov.br\/noticias\/wp-json\/wp\/v2\/users\/89"}],"replies":[{"embeddable":true,"href":"https:\/\/jundiai.sp.gov.br\/noticias\/wp-json\/wp\/v2\/comments?post=349578"}],"version-history":[{"count":3,"href":"https:\/\/jundiai.sp.gov.br\/noticias\/wp-json\/wp\/v2\/posts\/349578\/revisions"}],"predecessor-version":[{"id":349581,"href":"https:\/\/jundiai.sp.gov.br\/noticias\/wp-json\/wp\/v2\/posts\/349578\/revisions\/349581"}],"wp:featuredmedia":[{"embeddable":true,"href":"https:\/\/jundiai.sp.gov.br\/noticias\/wp-json\/wp\/v2\/media\/347565"}],"wp:attachment":[{"href":"https:\/\/jundiai.sp.gov.br\/noticias\/wp-json\/wp\/v2\/media?parent=349578"}],"wp:term":[{"taxonomy":"category","embeddable":true,"href":"https:\/\/jundiai.sp.gov.br\/noticias\/wp-json\/wp\/v2\/categories?post=349578"},{"taxonomy":"post_tag","embeddable":true,"href":"https:\/\/jundiai.sp.gov.br\/noticias\/wp-json\/wp\/v2\/tags?post=349578"},{"taxonomy":"ods","embeddable":true,"href":"https:\/\/jundiai.sp.gov.br\/noticias\/wp-json\/wp\/v2\/ods?post=349578"}],"curies":[{"name":"wp","href":"https:\/\/api.w.org\/{rel}","templated":true}]}}