{"id":349741,"date":"2024-11-25T14:30:30","date_gmt":"2024-11-25T17:30:30","guid":{"rendered":"https:\/\/jundiai.sp.gov.br\/noticias\/?p=349741"},"modified":"2024-11-25T14:30:30","modified_gmt":"2024-11-25T17:30:30","slug":"dae-libera-de-forma-parcial-transito-na-rua-barao-de-teffe","status":"publish","type":"post","link":"https:\/\/jundiai.sp.gov.br\/noticias\/2024\/11\/25\/dae-libera-de-forma-parcial-transito-na-rua-barao-de-teffe\/","title":{"rendered":"DAE libera, de forma parcial, tr\u00e2nsito na rua Bar\u00e3o de Teff\u00e9"},"content":{"rendered":"\n<p>A DAE Jundia\u00ed liberou meia faixa de tr\u00e2nsito no cruzamento entre as ruas Bar\u00e3o de Teff\u00e9 e Amadeu Ribeiro, onde est\u00e3o em andamento obras de interliga\u00e7\u00e3o de adutoras. A previs\u00e3o \u00e9 de que a obra seja conclu\u00edda e a interdi\u00e7\u00e3o finalizada dentro de 20 dias.<\/p>\n\n\n<div class=\"wp-block-image\">\n<figure class=\"aligncenter size-large\"><a href=\"https:\/\/jundiai.sp.gov.br\/noticias\/wp-content\/uploads\/sites\/32\/2024\/11\/barao-de-teffe_2511.jpeg\"><img loading=\"lazy\" decoding=\"async\" width=\"1280\" height=\"960\" src=\"https:\/\/jundiai.sp.gov.br\/noticias\/wp-content\/uploads\/sites\/32\/2024\/11\/barao-de-teffe_2511-1280x960.jpeg\" alt=\"\" class=\"wp-image-349742\" srcset=\"https:\/\/jundiai.sp.gov.br\/noticias\/wp-content\/uploads\/sites\/32\/2024\/11\/barao-de-teffe_2511-1280x960.jpeg 1280w, https:\/\/jundiai.sp.gov.br\/noticias\/wp-content\/uploads\/sites\/32\/2024\/11\/barao-de-teffe_2511-300x225.jpeg 300w, https:\/\/jundiai.sp.gov.br\/noticias\/wp-content\/uploads\/sites\/32\/2024\/11\/barao-de-teffe_2511-768x576.jpeg 768w, https:\/\/jundiai.sp.gov.br\/noticias\/wp-content\/uploads\/sites\/32\/2024\/11\/barao-de-teffe_2511-1536x1152.jpeg 1536w, https:\/\/jundiai.sp.gov.br\/noticias\/wp-content\/uploads\/sites\/32\/2024\/11\/barao-de-teffe_2511.jpeg 1900w\" sizes=\"auto, (max-width: 1280px) 100vw, 1280px\" \/><\/a><figcaption class=\"wp-element-caption\"><em>Previs\u00e3o \u00e9 de que a obra seja conclu\u00edda e a via totalmente liberada dentro de 20 dias<\/em><\/figcaption><\/figure>\n<\/div>\n\n\n<p>Os locais est\u00e3o sinalizados e os desvios indicados. Apesar de se tratar de uma adutora, n\u00e3o h\u00e1 previs\u00e3o de paradas no abastecimento.<\/p>\n\n\n\n<p>Durante o per\u00edodo, em caso de d\u00favidas ou mais informa\u00e7\u00f5es, os mun\u00edcipes podem entrar em contato com a Central de Relacionamento da empresa, pelo telefone 0800 0133 155. A liga\u00e7\u00e3o \u00e9 gratuita e o atendimento 24 horas.<\/p>\n\n\n\n<p><strong>Assessoria de Comunica\u00e7\u00e3o &#8211; DAE Jundia\u00ed<\/strong><\/p>\n\n\n\n<p><strong>Foto: DAE Jundia\u00ed<\/strong><\/p>\n","protected":false},"excerpt":{"rendered":"<p>A DAE Jundia\u00ed liberou meia faixa de tr\u00e2nsito no cruzamento entre as ruas Bar\u00e3o de Teff\u00e9 e Amadeu Ribeiro, onde est\u00e3o em andamento obras de interliga\u00e7\u00e3o de adutoras. A previs\u00e3o \u00e9 de que a obra seja conclu\u00edda e a interdi\u00e7\u00e3o finalizada dentro de 20 dias. Os locais est\u00e3o sinalizados e os desvios indicados. Apesar de [&hellip;]<\/p>\n","protected":false},"author":51,"featured_media":349742,"comment_status":"closed","ping_status":"0","sticky":false,"template":"","format":"standard","meta":{"footnotes":""},"categories":[2],"tags":[4332,66,1940,1994],"ods":[],"class_list":["post-349741","post","type-post","status-publish","format-standard","has-post-thumbnail","hentry","category-noticias","tag-barao-de-teffe","tag-dae","tag-dae-jundiai","tag-interdicao"],"_links":{"self":[{"href":"https:\/\/jundiai.sp.gov.br\/noticias\/wp-json\/wp\/v2\/posts\/349741","targetHints":{"allow":["GET"]}}],"collection":[{"href":"https:\/\/jundiai.sp.gov.br\/noticias\/wp-json\/wp\/v2\/posts"}],"about":[{"href":"https:\/\/jundiai.sp.gov.br\/noticias\/wp-json\/wp\/v2\/types\/post"}],"author":[{"embeddable":true,"href":"https:\/\/jundiai.sp.gov.br\/noticias\/wp-json\/wp\/v2\/users\/51"}],"replies":[{"embeddable":true,"href":"https:\/\/jundiai.sp.gov.br\/noticias\/wp-json\/wp\/v2\/comments?post=349741"}],"version-history":[{"count":1,"href":"https:\/\/jundiai.sp.gov.br\/noticias\/wp-json\/wp\/v2\/posts\/349741\/revisions"}],"predecessor-version":[{"id":349743,"href":"https:\/\/jundiai.sp.gov.br\/noticias\/wp-json\/wp\/v2\/posts\/349741\/revisions\/349743"}],"wp:featuredmedia":[{"embeddable":true,"href":"https:\/\/jundiai.sp.gov.br\/noticias\/wp-json\/wp\/v2\/media\/349742"}],"wp:attachment":[{"href":"https:\/\/jundiai.sp.gov.br\/noticias\/wp-json\/wp\/v2\/media?parent=349741"}],"wp:term":[{"taxonomy":"category","embeddable":true,"href":"https:\/\/jundiai.sp.gov.br\/noticias\/wp-json\/wp\/v2\/categories?post=349741"},{"taxonomy":"post_tag","embeddable":true,"href":"https:\/\/jundiai.sp.gov.br\/noticias\/wp-json\/wp\/v2\/tags?post=349741"},{"taxonomy":"ods","embeddable":true,"href":"https:\/\/jundiai.sp.gov.br\/noticias\/wp-json\/wp\/v2\/ods?post=349741"}],"curies":[{"name":"wp","href":"https:\/\/api.w.org\/{rel}","templated":true}]}}