{"id":349778,"date":"2024-11-26T14:54:33","date_gmt":"2024-11-26T17:54:33","guid":{"rendered":"https:\/\/jundiai.sp.gov.br\/noticias\/?p=349778"},"modified":"2024-12-27T10:10:32","modified_gmt":"2024-12-27T13:10:32","slug":"cultura-entrega-acervo-digital-da-cidade-em-solenidade-na-camara","status":"publish","type":"post","link":"https:\/\/jundiai.sp.gov.br\/noticias\/2024\/11\/26\/cultura-entrega-acervo-digital-da-cidade-em-solenidade-na-camara\/","title":{"rendered":"Cultura entrega acervo digital da cidade em solenidade na C\u00e2mara"},"content":{"rendered":"\n<p>Na manh\u00e3 desta ter\u00e7a-feira (26), no in\u00edcio da Sess\u00e3o Ordin\u00e1ria da C\u00e2mara de Vereadores de Jundia\u00ed, foi realizada solenidade de entrega oficial do Acervo Hist\u00f3rico Digital de Jundia\u00ed para o Legislativo Municipal, referente \u00e0s atas e documentos f\u00edsicos, que datam dos per\u00edodos de Col\u00f4nia, Imp\u00e9rio e Rep\u00fablica, que s\u00e3o de responsabilidade da Casa de Leis. Somados aos acervos disponibilizados pelo Clube 28 e demais institui\u00e7\u00f5es, os documentos digitais alcan\u00e7am 60 mil imagens de atas de reuni\u00f5es e registros da hist\u00f3ria da cidade.<\/p>\n\n\n\n<p><a href=\"https:\/\/cultura.jundiai.sp.gov.br\/espacos-culturais\/arquivo-historico\/acervo-digital\/\" target=\"_blank\" rel=\"noreferrer noopener\">Confira o Acervo Digital do Arquivo Hist\u00f3rico<\/a><\/p>\n\n\n\n<p>Para a conclus\u00e3o do projeto, elaborado e desenvolvido pelo Departamento de Museu, da Unidade de Gest\u00e3o de Cultura (UGC), foram necess\u00e1rios sete anos de trabalho. &#8220;Toda a hist\u00f3ria registrada de Jundia\u00ed pode ser acessada digitalmente, gra\u00e7as \u00e0 parceria entre a Prefeitura, a partir da Unidade de Gest\u00e3o de Cultura e da C\u00e2mara Municipal. Hoje oficializamos a entrega de um trabalho minucioso para  preserva\u00e7\u00e3o da hist\u00f3ria e cultura de Jundia\u00ed&#8221;, comentou o gestor da UGC, Marcelo Peroni. <\/p>\n\n\n\n<figure class=\"wp-block-image size-large\"><img loading=\"lazy\" decoding=\"async\" width=\"1280\" height=\"854\" src=\"https:\/\/jundiai.sp.gov.br\/noticias\/wp-content\/uploads\/sites\/32\/2024\/11\/ugc_entrega_documentos_digitalizados_camara_municipal_pa-36-1280x854.jpg\" alt=\"\" class=\"wp-image-349808\" srcset=\"https:\/\/jundiai.sp.gov.br\/noticias\/wp-content\/uploads\/sites\/32\/2024\/11\/ugc_entrega_documentos_digitalizados_camara_municipal_pa-36-1280x854.jpg 1280w, https:\/\/jundiai.sp.gov.br\/noticias\/wp-content\/uploads\/sites\/32\/2024\/11\/ugc_entrega_documentos_digitalizados_camara_municipal_pa-36-300x200.jpg 300w, https:\/\/jundiai.sp.gov.br\/noticias\/wp-content\/uploads\/sites\/32\/2024\/11\/ugc_entrega_documentos_digitalizados_camara_municipal_pa-36-768x512.jpg 768w, https:\/\/jundiai.sp.gov.br\/noticias\/wp-content\/uploads\/sites\/32\/2024\/11\/ugc_entrega_documentos_digitalizados_camara_municipal_pa-36-1536x1024.jpg 1536w, https:\/\/jundiai.sp.gov.br\/noticias\/wp-content\/uploads\/sites\/32\/2024\/11\/ugc_entrega_documentos_digitalizados_camara_municipal_pa-36-450x300.jpg 450w, https:\/\/jundiai.sp.gov.br\/noticias\/wp-content\/uploads\/sites\/32\/2024\/11\/ugc_entrega_documentos_digitalizados_camara_municipal_pa-36.jpg 1900w\" sizes=\"auto, (max-width: 1280px) 100vw, 1280px\" \/><\/figure>\n\n\n\n<p>De acordo com o diretor, Paulo Vicentini, ao longo do processo de digitaliza\u00e7\u00e3o, muitas descobertas e constata\u00e7\u00f5es foram feitas a partir de an\u00e1lises dos documentos locais em conjunto com demais acervos agregados. &#8220;O Arquivo Hist\u00f3rico Digital de Jundia\u00ed \u00e9 uma fonte oficial e de f\u00e1cil acesso \u00e0 popula\u00e7\u00e3o, com riqueza de detalhes, situa\u00e7\u00f5es e nuances vivenciadas por Jundia\u00ed, em todas as suas fases. Temos um dos acervos mais completos entre todas as cidades brasileiras&#8221;, refor\u00e7a.<\/p>\n\n\n\n<p><strong>Assessoria de Imprensa<br>Fotos: Fot\u00f3grafos PMJ<\/strong><\/p>\n","protected":false},"excerpt":{"rendered":"<p>Na manh\u00e3 desta ter\u00e7a-feira (26), no in\u00edcio da Sess\u00e3o Ordin\u00e1ria da C\u00e2mara de Vereadores de Jundia\u00ed, foi realizada solenidade de entrega oficial do Acervo Hist\u00f3rico Digital de Jundia\u00ed para o Legislativo Municipal, referente \u00e0s atas e documentos f\u00edsicos, que datam dos per\u00edodos de Col\u00f4nia, Imp\u00e9rio e Rep\u00fablica, que s\u00e3o de responsabilidade da Casa de Leis. [&hellip;]<\/p>\n","protected":false},"author":39,"featured_media":349811,"comment_status":"closed","ping_status":"0","sticky":false,"template":"","format":"standard","meta":{"footnotes":""},"categories":[2],"tags":[2693,29],"ods":[],"class_list":["post-349778","post","type-post","status-publish","format-standard","has-post-thumbnail","hentry","category-noticias","tag-arquivo-historico-professora-maria-angela-borges-salvadori","tag-cultura"],"_links":{"self":[{"href":"https:\/\/jundiai.sp.gov.br\/noticias\/wp-json\/wp\/v2\/posts\/349778","targetHints":{"allow":["GET"]}}],"collection":[{"href":"https:\/\/jundiai.sp.gov.br\/noticias\/wp-json\/wp\/v2\/posts"}],"about":[{"href":"https:\/\/jundiai.sp.gov.br\/noticias\/wp-json\/wp\/v2\/types\/post"}],"author":[{"embeddable":true,"href":"https:\/\/jundiai.sp.gov.br\/noticias\/wp-json\/wp\/v2\/users\/39"}],"replies":[{"embeddable":true,"href":"https:\/\/jundiai.sp.gov.br\/noticias\/wp-json\/wp\/v2\/comments?post=349778"}],"version-history":[{"count":6,"href":"https:\/\/jundiai.sp.gov.br\/noticias\/wp-json\/wp\/v2\/posts\/349778\/revisions"}],"predecessor-version":[{"id":349990,"href":"https:\/\/jundiai.sp.gov.br\/noticias\/wp-json\/wp\/v2\/posts\/349778\/revisions\/349990"}],"wp:featuredmedia":[{"embeddable":true,"href":"https:\/\/jundiai.sp.gov.br\/noticias\/wp-json\/wp\/v2\/media\/349811"}],"wp:attachment":[{"href":"https:\/\/jundiai.sp.gov.br\/noticias\/wp-json\/wp\/v2\/media?parent=349778"}],"wp:term":[{"taxonomy":"category","embeddable":true,"href":"https:\/\/jundiai.sp.gov.br\/noticias\/wp-json\/wp\/v2\/categories?post=349778"},{"taxonomy":"post_tag","embeddable":true,"href":"https:\/\/jundiai.sp.gov.br\/noticias\/wp-json\/wp\/v2\/tags?post=349778"},{"taxonomy":"ods","embeddable":true,"href":"https:\/\/jundiai.sp.gov.br\/noticias\/wp-json\/wp\/v2\/ods?post=349778"}],"curies":[{"name":"wp","href":"https:\/\/api.w.org\/{rel}","templated":true}]}}