{"id":349978,"date":"2024-11-29T11:18:18","date_gmt":"2024-11-29T14:18:18","guid":{"rendered":"https:\/\/jundiai.sp.gov.br\/noticias\/?p=349978"},"modified":"2024-11-29T11:18:18","modified_gmt":"2024-11-29T14:18:18","slug":"prefeitura-promove-curso-de-horta-comunitaria-acessivel-no-cecco","status":"publish","type":"post","link":"https:\/\/jundiai.sp.gov.br\/noticias\/2024\/11\/29\/prefeitura-promove-curso-de-horta-comunitaria-acessivel-no-cecco\/","title":{"rendered":"Prefeitura promove curso de horta comunit\u00e1ria acess\u00edvel no CECCO\u00a0"},"content":{"rendered":"\n<p>Cerca de 20 pessoas participaram, nesta semana, do primeiro curso de horta comunit\u00e1ria acess\u00edvel, promovido a partir de parceria entre o Centro de Conviv\u00eancia, Cultura, Trabalho e Gera\u00e7\u00e3o de Renda (CECCO), \u00f3rg\u00e3o da Unidade de Gest\u00e3o de Promo\u00e7\u00e3o da Sa\u00fade (UGPS), a Assessoria de Pol\u00edticas para a Pessoa com Defici\u00eancia, vinculada a Unidade de Gest\u00e3o da Casa Civil (UGCC), a Unidade de Gest\u00e3o de Educa\u00e7\u00e3o (UGE) e a Unidade de Gest\u00e3o de Agroneg\u00f3cio, Abastecimento e Turismo (UGAAT). A atividade integra um projeto intersetorial voltado \u00e0s pessoas com defici\u00eancia f\u00edsica em cadeira de rodas e\/ou mobilidade reduzida.<\/p>\n\n\n\n<p>\u201cTeremos no CECCO 16 canteiros elevados que permitir\u00e3o o acesso de cadeirantes e idosos, e onde ser\u00e3o implantadas hortas comunit\u00e1rias para o cultivo de verduras, hortali\u00e7as, temperos e ervas medicinais. Com esse curso, damos o pontap\u00e9 inicial, capacitando multiplicadores que nos auxiliar\u00e3o no manejo dessas hortas e, tamb\u00e9m, no apoio \u00e0 orienta\u00e7\u00e3o da comunidade\u201d, explica a gerente do \u00f3rg\u00e3o, Fernanda Torres Apollonio.<\/p>\n\n\n\n<figure class=\"wp-block-image size-large\"><img loading=\"lazy\" decoding=\"async\" width=\"1280\" height=\"854\" src=\"https:\/\/jundiai.sp.gov.br\/noticias\/wp-content\/uploads\/sites\/32\/2024\/11\/qualificacao-para-formacao-de-horta-acessivel-cecco-_ws-5-1280x854.jpg\" alt=\"\" class=\"wp-image-349980\" srcset=\"https:\/\/jundiai.sp.gov.br\/noticias\/wp-content\/uploads\/sites\/32\/2024\/11\/qualificacao-para-formacao-de-horta-acessivel-cecco-_ws-5-1280x854.jpg 1280w, https:\/\/jundiai.sp.gov.br\/noticias\/wp-content\/uploads\/sites\/32\/2024\/11\/qualificacao-para-formacao-de-horta-acessivel-cecco-_ws-5-300x200.jpg 300w, https:\/\/jundiai.sp.gov.br\/noticias\/wp-content\/uploads\/sites\/32\/2024\/11\/qualificacao-para-formacao-de-horta-acessivel-cecco-_ws-5-768x512.jpg 768w, https:\/\/jundiai.sp.gov.br\/noticias\/wp-content\/uploads\/sites\/32\/2024\/11\/qualificacao-para-formacao-de-horta-acessivel-cecco-_ws-5-1536x1024.jpg 1536w, https:\/\/jundiai.sp.gov.br\/noticias\/wp-content\/uploads\/sites\/32\/2024\/11\/qualificacao-para-formacao-de-horta-acessivel-cecco-_ws-5-450x300.jpg 450w, https:\/\/jundiai.sp.gov.br\/noticias\/wp-content\/uploads\/sites\/32\/2024\/11\/qualificacao-para-formacao-de-horta-acessivel-cecco-_ws-5.jpg 1900w\" sizes=\"auto, (max-width: 1280px) 100vw, 1280px\" \/><figcaption class=\"wp-element-caption\">A comunidade vai ajudar no manejo das hortas.  V\u00e1rias t\u00e9cnicas de cultivo foram ensinadas<\/figcaption><\/figure>\n\n\n\n<p>Al\u00e9m de estarem aprendendo t\u00e9cnicas de cultivo com o engenheiro agr\u00f4nomo da UGAAT, S\u00e9rgio Pompermayer, na \u00faltima segunda-feira (25), os participantes conheceram dois exemplos de hortas: o Vale Verde, que tem por objetivo o abastecimento da merenda com produtos org\u00e2nicos, e a horta da EMEB Geralda Berthola Facca, no Jardim do Lago.<\/p>\n\n\n\n<p>\u201cEsse \u00e9 um projeto gratificante, que estamos implantando a partir de uma emenda parlamentar. Mais do que permitir a complementa\u00e7\u00e3o de alimenta\u00e7\u00e3o, a iniciativa que re\u00fane unidades de gest\u00e3o e conta com o apoio do Conselho Municipal dos Direitos da Pessoa com Defici\u00eancia, do Conselho Municipal da Pessoa Idosa, do Conselho Municipal de Sa\u00fade (COMUS) e do Conselho Gestor do CECCO, possibilitar\u00e1 a gera\u00e7\u00e3o de renda e a socializa\u00e7\u00e3o. A previs\u00e3o \u00e9 que, no primeiro trimestre do pr\u00f3ximo ano, os canteiros estejam produzindo\u201d, destaca o assessor de Pol\u00edticas para a Pessoa com Defici\u00eancia, Marco Antonio dos Santos.<\/p>\n\n\n\n<p>O gestor da Casa Civil, Dr. Gustavo Maryssael, tamb\u00e9m enfatiza a import\u00e2ncia da iniciativa. \u201cJundia\u00ed avan\u00e7a a partir de pol\u00edticas p\u00fablicas assertivas que permitem com que as pessoas com defici\u00eancia busquem cada vez mais o seu espa\u00e7o na sociedade. A implanta\u00e7\u00e3o dessas hortas acess\u00edveis \u00e9 mais uma iniciativa da gest\u00e3o do prefeito Luiz Fernando que oportunizar\u00e1 o desenvolvimento pessoal e a difus\u00e3o de pr\u00e1ticas sustent\u00e1veis\u201d, acrescenta.<\/p>\n\n\n\n<p><strong>Assessoria de Imprensa<br>Foto: Fot\u00f3grafos PMJ <\/strong><\/p>\n","protected":false},"excerpt":{"rendered":"<p>Cerca de 20 pessoas participaram, nesta semana, do primeiro curso de horta comunit\u00e1ria acess\u00edvel, promovido a partir de parceria entre o Centro de Conviv\u00eancia, Cultura, Trabalho e Gera\u00e7\u00e3o de Renda (CECCO), \u00f3rg\u00e3o da Unidade de Gest\u00e3o de Promo\u00e7\u00e3o da Sa\u00fade (UGPS), a Assessoria de Pol\u00edticas para a Pessoa com Defici\u00eancia, vinculada a Unidade de Gest\u00e3o [&hellip;]<\/p>\n","protected":false},"author":50,"featured_media":349981,"comment_status":"closed","ping_status":"0","sticky":false,"template":"","format":"standard","meta":{"footnotes":""},"categories":[2],"tags":[989,1031,62,1118,981],"ods":[],"class_list":["post-349978","post","type-post","status-publish","format-standard","has-post-thumbnail","hentry","category-noticias","tag-assessoria-de-politicas-de-direitos-humanos","tag-assessoria-de-politicas-para-pessoa-com-deficiencia","tag-casa-civil","tag-cecco","tag-promocao-da-saude"],"_links":{"self":[{"href":"https:\/\/jundiai.sp.gov.br\/noticias\/wp-json\/wp\/v2\/posts\/349978","targetHints":{"allow":["GET"]}}],"collection":[{"href":"https:\/\/jundiai.sp.gov.br\/noticias\/wp-json\/wp\/v2\/posts"}],"about":[{"href":"https:\/\/jundiai.sp.gov.br\/noticias\/wp-json\/wp\/v2\/types\/post"}],"author":[{"embeddable":true,"href":"https:\/\/jundiai.sp.gov.br\/noticias\/wp-json\/wp\/v2\/users\/50"}],"replies":[{"embeddable":true,"href":"https:\/\/jundiai.sp.gov.br\/noticias\/wp-json\/wp\/v2\/comments?post=349978"}],"version-history":[{"count":2,"href":"https:\/\/jundiai.sp.gov.br\/noticias\/wp-json\/wp\/v2\/posts\/349978\/revisions"}],"predecessor-version":[{"id":349985,"href":"https:\/\/jundiai.sp.gov.br\/noticias\/wp-json\/wp\/v2\/posts\/349978\/revisions\/349985"}],"wp:featuredmedia":[{"embeddable":true,"href":"https:\/\/jundiai.sp.gov.br\/noticias\/wp-json\/wp\/v2\/media\/349981"}],"wp:attachment":[{"href":"https:\/\/jundiai.sp.gov.br\/noticias\/wp-json\/wp\/v2\/media?parent=349978"}],"wp:term":[{"taxonomy":"category","embeddable":true,"href":"https:\/\/jundiai.sp.gov.br\/noticias\/wp-json\/wp\/v2\/categories?post=349978"},{"taxonomy":"post_tag","embeddable":true,"href":"https:\/\/jundiai.sp.gov.br\/noticias\/wp-json\/wp\/v2\/tags?post=349978"},{"taxonomy":"ods","embeddable":true,"href":"https:\/\/jundiai.sp.gov.br\/noticias\/wp-json\/wp\/v2\/ods?post=349978"}],"curies":[{"name":"wp","href":"https:\/\/api.w.org\/{rel}","templated":true}]}}