{"id":349986,"date":"2024-11-29T08:21:46","date_gmt":"2024-11-29T11:21:46","guid":{"rendered":"https:\/\/jundiai.sp.gov.br\/noticias\/?p=349986"},"modified":"2024-11-29T08:21:46","modified_gmt":"2024-11-29T11:21:46","slug":"nota-oficial-interrupcao-da-vacinacao-contra-covid-19","status":"publish","type":"post","link":"https:\/\/jundiai.sp.gov.br\/noticias\/2024\/11\/29\/nota-oficial-interrupcao-da-vacinacao-contra-covid-19\/","title":{"rendered":"Nota Oficial \u2013 interrup\u00e7\u00e3o da vacina\u00e7\u00e3o contra  Covid-19"},"content":{"rendered":"\n<p>A Unidade de Gest\u00e3o de Promo\u00e7\u00e3o da Sa\u00fade (UGPS) informa que o Munic\u00edpio est\u00e1 desabastecido de doses da vacina contra a Covid-19. Assim que novos lotes do imunizante forem encaminhados para o Jundia\u00ed, ser\u00e1 retomada a aplica\u00e7\u00e3o nos grupos definidos pelo Minist\u00e9rio da Sa\u00fade. A divulga\u00e7\u00e3o ser\u00e1 realizada nos canais oficiais da Prefeitura.<\/p>\n\n\n\n<p><strong>Assessoria de Imprensa<\/strong><\/p>\n","protected":false},"excerpt":{"rendered":"<p>A Unidade de Gest\u00e3o de Promo\u00e7\u00e3o da Sa\u00fade (UGPS) informa que o Munic\u00edpio est\u00e1 desabastecido de doses da vacina contra a Covid-19. Assim que novos lotes do imunizante forem encaminhados para o Jundia\u00ed, ser\u00e1 retomada a aplica\u00e7\u00e3o nos grupos definidos pelo Minist\u00e9rio da Sa\u00fade. A divulga\u00e7\u00e3o ser\u00e1 realizada nos canais oficiais da Prefeitura. Assessoria de [&hellip;]<\/p>\n","protected":false},"author":50,"featured_media":245984,"comment_status":"closed","ping_status":"0","sticky":false,"template":"","format":"standard","meta":{"footnotes":""},"categories":[2],"tags":[1500,1057,981],"ods":[],"class_list":["post-349986","post","type-post","status-publish","format-standard","has-post-thumbnail","hentry","category-noticias","tag-coronavirus","tag-nota-oficial","tag-promocao-da-saude"],"_links":{"self":[{"href":"https:\/\/jundiai.sp.gov.br\/noticias\/wp-json\/wp\/v2\/posts\/349986","targetHints":{"allow":["GET"]}}],"collection":[{"href":"https:\/\/jundiai.sp.gov.br\/noticias\/wp-json\/wp\/v2\/posts"}],"about":[{"href":"https:\/\/jundiai.sp.gov.br\/noticias\/wp-json\/wp\/v2\/types\/post"}],"author":[{"embeddable":true,"href":"https:\/\/jundiai.sp.gov.br\/noticias\/wp-json\/wp\/v2\/users\/50"}],"replies":[{"embeddable":true,"href":"https:\/\/jundiai.sp.gov.br\/noticias\/wp-json\/wp\/v2\/comments?post=349986"}],"version-history":[{"count":2,"href":"https:\/\/jundiai.sp.gov.br\/noticias\/wp-json\/wp\/v2\/posts\/349986\/revisions"}],"predecessor-version":[{"id":349988,"href":"https:\/\/jundiai.sp.gov.br\/noticias\/wp-json\/wp\/v2\/posts\/349986\/revisions\/349988"}],"wp:featuredmedia":[{"embeddable":true,"href":"https:\/\/jundiai.sp.gov.br\/noticias\/wp-json\/wp\/v2\/media\/245984"}],"wp:attachment":[{"href":"https:\/\/jundiai.sp.gov.br\/noticias\/wp-json\/wp\/v2\/media?parent=349986"}],"wp:term":[{"taxonomy":"category","embeddable":true,"href":"https:\/\/jundiai.sp.gov.br\/noticias\/wp-json\/wp\/v2\/categories?post=349986"},{"taxonomy":"post_tag","embeddable":true,"href":"https:\/\/jundiai.sp.gov.br\/noticias\/wp-json\/wp\/v2\/tags?post=349986"},{"taxonomy":"ods","embeddable":true,"href":"https:\/\/jundiai.sp.gov.br\/noticias\/wp-json\/wp\/v2\/ods?post=349986"}],"curies":[{"name":"wp","href":"https:\/\/api.w.org\/{rel}","templated":true}]}}