{"id":349992,"date":"2024-11-29T11:17:31","date_gmt":"2024-11-29T14:17:31","guid":{"rendered":"https:\/\/jundiai.sp.gov.br\/noticias\/?p=349992"},"modified":"2024-11-29T11:17:31","modified_gmt":"2024-11-29T14:17:31","slug":"neste-sabado-e-dia-d-de-mobilizacao-contra-arboviroses","status":"publish","type":"post","link":"https:\/\/jundiai.sp.gov.br\/noticias\/2024\/11\/29\/neste-sabado-e-dia-d-de-mobilizacao-contra-arboviroses\/","title":{"rendered":"Neste s\u00e1bado \u00e9 Dia D de mobiliza\u00e7\u00e3o contra arboviroses"},"content":{"rendered":"\n<p>Para alertar a popula\u00e7\u00e3o sobre a necessidade de preven\u00e7\u00e3o da dengue, da zika e da chikungunya, neste s\u00e1bado (30), Jundia\u00ed realiza o Dia D de mobiliza\u00e7\u00e3o contra as arboviroses. A a\u00e7\u00e3o ocorre, a partir das 9h, na Pra\u00e7a Governador Pedro de Toledo (Pra\u00e7a da Matriz).<br><br>A equipe da Vigil\u00e2ncia em Sa\u00fade Ambiental (VISAM), \u00f3rg\u00e3o da Unidade de Gest\u00e3o de Promo\u00e7\u00e3o da Sa\u00fade (UGPS), estar\u00e1 com a barraca educativa no local, inclusive com um cantinho especial para as crian\u00e7as. Al\u00e9m de explicar o ciclo biol\u00f3gico do Aedes aegypti, eles estar\u00e3o conversando sobre as doen\u00e7as e, principalmente, fazendo o chamado para todos agirem, eliminando os criadouros do mosquito. O evento tamb\u00e9m marca o in\u00edcio da Campanha contra a Dengue 2025.<\/p>\n\n\n\n<figure class=\"wp-block-image size-large\"><img loading=\"lazy\" decoding=\"async\" width=\"1280\" height=\"854\" src=\"https:\/\/jundiai.sp.gov.br\/noticias\/wp-content\/uploads\/sites\/32\/2024\/11\/acao-dia-d_rc-42-1280x854.jpg\" alt=\"\" class=\"wp-image-349993\" srcset=\"https:\/\/jundiai.sp.gov.br\/noticias\/wp-content\/uploads\/sites\/32\/2024\/11\/acao-dia-d_rc-42-1280x854.jpg 1280w, https:\/\/jundiai.sp.gov.br\/noticias\/wp-content\/uploads\/sites\/32\/2024\/11\/acao-dia-d_rc-42-300x200.jpg 300w, https:\/\/jundiai.sp.gov.br\/noticias\/wp-content\/uploads\/sites\/32\/2024\/11\/acao-dia-d_rc-42-768x512.jpg 768w, https:\/\/jundiai.sp.gov.br\/noticias\/wp-content\/uploads\/sites\/32\/2024\/11\/acao-dia-d_rc-42-1536x1024.jpg 1536w, https:\/\/jundiai.sp.gov.br\/noticias\/wp-content\/uploads\/sites\/32\/2024\/11\/acao-dia-d_rc-42-450x300.jpg 450w, https:\/\/jundiai.sp.gov.br\/noticias\/wp-content\/uploads\/sites\/32\/2024\/11\/acao-dia-d_rc-42.jpg 1900w\" sizes=\"auto, (max-width: 1280px) 100vw, 1280px\" \/><figcaption class=\"wp-element-caption\">A barraca educativa ser\u00e1 montada na Pra\u00e7a da Matriz<\/figcaption><\/figure>\n\n\n\n<p>\u201cPrecisamos que a popula\u00e7\u00e3o entenda que seguimos em guerra contra o Aedes. Se n\u00e3o eliminarmos objetos com \u00e1gua parada, que servem de criadouros, teremos outra epidemia de dengue no pr\u00f3ximo ano, com pessoas indo a \u00f3bito. Em 10 minutos, \u00e9 poss\u00edvel fazer uma vistoria r\u00e1pida no quintal, por exemplo, e interromper o ciclo de vida do mosquito\u201d, destaca a gerente da VISAM, biom\u00e9dica Ana L\u00facia de Castro Silva.<br><br>Do total de casos de dengue do Munic\u00edpio, 22.519 s\u00e3o aut\u00f3ctones, ou seja, contra\u00eddos na cidade, e 196 s\u00e3o importados. A cidade acumula 16 mortes pela doen\u00e7a. Jundia\u00ed tamb\u00e9m registra 4 casos de chikungunya importados. N\u00e3o h\u00e1 ocorr\u00eancias de zika. O Boletim est\u00e1 dispon\u00edvel no link: <a href=\"https:\/\/jundiai.sp.gov.br\/boletimarboviroses\/\">https:\/\/jundiai.sp.gov.br\/boletimarboviroses\/<\/a><\/p>\n\n\n\n<p><strong>Assessoria de Imprensa<br>Foto: Fot\u00f3grafos PMJ<\/strong><\/p>\n","protected":false},"excerpt":{"rendered":"<p>Para alertar a popula\u00e7\u00e3o sobre a necessidade de preven\u00e7\u00e3o da dengue, da zika e da chikungunya, neste s\u00e1bado (30), Jundia\u00ed realiza o Dia D de mobiliza\u00e7\u00e3o contra as arboviroses. A a\u00e7\u00e3o ocorre, a partir das 9h, na Pra\u00e7a Governador Pedro de Toledo (Pra\u00e7a da Matriz). A equipe da Vigil\u00e2ncia em Sa\u00fade Ambiental (VISAM), \u00f3rg\u00e3o da [&hellip;]<\/p>\n","protected":false},"author":50,"featured_media":349993,"comment_status":"closed","ping_status":"0","sticky":false,"template":"","format":"standard","meta":{"footnotes":""},"categories":[2],"tags":[1216,24,981,1532],"ods":[],"class_list":["post-349992","post","type-post","status-publish","format-standard","has-post-thumbnail","hentry","category-noticias","tag-arboviroses","tag-dengue","tag-promocao-da-saude","tag-visam"],"_links":{"self":[{"href":"https:\/\/jundiai.sp.gov.br\/noticias\/wp-json\/wp\/v2\/posts\/349992","targetHints":{"allow":["GET"]}}],"collection":[{"href":"https:\/\/jundiai.sp.gov.br\/noticias\/wp-json\/wp\/v2\/posts"}],"about":[{"href":"https:\/\/jundiai.sp.gov.br\/noticias\/wp-json\/wp\/v2\/types\/post"}],"author":[{"embeddable":true,"href":"https:\/\/jundiai.sp.gov.br\/noticias\/wp-json\/wp\/v2\/users\/50"}],"replies":[{"embeddable":true,"href":"https:\/\/jundiai.sp.gov.br\/noticias\/wp-json\/wp\/v2\/comments?post=349992"}],"version-history":[{"count":1,"href":"https:\/\/jundiai.sp.gov.br\/noticias\/wp-json\/wp\/v2\/posts\/349992\/revisions"}],"predecessor-version":[{"id":349995,"href":"https:\/\/jundiai.sp.gov.br\/noticias\/wp-json\/wp\/v2\/posts\/349992\/revisions\/349995"}],"wp:featuredmedia":[{"embeddable":true,"href":"https:\/\/jundiai.sp.gov.br\/noticias\/wp-json\/wp\/v2\/media\/349993"}],"wp:attachment":[{"href":"https:\/\/jundiai.sp.gov.br\/noticias\/wp-json\/wp\/v2\/media?parent=349992"}],"wp:term":[{"taxonomy":"category","embeddable":true,"href":"https:\/\/jundiai.sp.gov.br\/noticias\/wp-json\/wp\/v2\/categories?post=349992"},{"taxonomy":"post_tag","embeddable":true,"href":"https:\/\/jundiai.sp.gov.br\/noticias\/wp-json\/wp\/v2\/tags?post=349992"},{"taxonomy":"ods","embeddable":true,"href":"https:\/\/jundiai.sp.gov.br\/noticias\/wp-json\/wp\/v2\/ods?post=349992"}],"curies":[{"name":"wp","href":"https:\/\/api.w.org\/{rel}","templated":true}]}}