{"id":350017,"date":"2024-11-30T09:00:00","date_gmt":"2024-11-30T12:00:00","guid":{"rendered":"https:\/\/jundiai.sp.gov.br\/noticias\/?p=350017"},"modified":"2024-11-29T11:45:01","modified_gmt":"2024-11-29T14:45:01","slug":"inovacao-sede-da-dae-jundiai-ganhara-uma-usina-fotovoltaica","status":"publish","type":"post","link":"https:\/\/jundiai.sp.gov.br\/noticias\/2024\/11\/30\/inovacao-sede-da-dae-jundiai-ganhara-uma-usina-fotovoltaica\/","title":{"rendered":"Inova\u00e7\u00e3o: sede da DAE Jundia\u00ed ganhar\u00e1 uma usina fotovoltaica"},"content":{"rendered":"\n<p>Gerar energia para as unidades de baixa tens\u00e3o e garantir a cobertura de todo o estacionamento de funcion\u00e1rios s\u00e3o os objetivos da usina fotovoltaica que ser\u00e1 implantada na sede administrativa da DAE Jundia\u00ed, localizada na Vila Hortol\u00e2ndia. As obras ter\u00e3o in\u00edcio em dezembro, com investimento de R$ 14 milh\u00f5es e expectativa de conclus\u00e3o em dez meses.<\/p>\n\n\n\n<figure class=\"wp-block-gallery has-nested-images columns-default is-cropped wp-block-gallery-1 is-layout-flex wp-block-gallery-is-layout-flex\">\n<figure class=\"wp-block-image size-large\"><img loading=\"lazy\" decoding=\"async\" width=\"1280\" height=\"720\" data-id=\"350021\" src=\"https:\/\/jundiai.sp.gov.br\/noticias\/wp-content\/uploads\/sites\/32\/2024\/11\/usina-fotovoltaica_dae-2-1-1280x720.jpg\" alt=\"\" class=\"wp-image-350021\" srcset=\"https:\/\/jundiai.sp.gov.br\/noticias\/wp-content\/uploads\/sites\/32\/2024\/11\/usina-fotovoltaica_dae-2-1-1280x720.jpg 1280w, https:\/\/jundiai.sp.gov.br\/noticias\/wp-content\/uploads\/sites\/32\/2024\/11\/usina-fotovoltaica_dae-2-1-300x169.jpg 300w, https:\/\/jundiai.sp.gov.br\/noticias\/wp-content\/uploads\/sites\/32\/2024\/11\/usina-fotovoltaica_dae-2-1-768x432.jpg 768w, https:\/\/jundiai.sp.gov.br\/noticias\/wp-content\/uploads\/sites\/32\/2024\/11\/usina-fotovoltaica_dae-2-1-1536x864.jpg 1536w, https:\/\/jundiai.sp.gov.br\/noticias\/wp-content\/uploads\/sites\/32\/2024\/11\/usina-fotovoltaica_dae-2-1.jpg 1900w\" sizes=\"auto, (max-width: 1280px) 100vw, 1280px\" \/><figcaption class=\"wp-element-caption\">Obras no atual estacionamento de funcion\u00e1rios come\u00e7am em dezembro<\/figcaption><\/figure>\n\n\n\n<figure class=\"wp-block-image size-large\"><img loading=\"lazy\" decoding=\"async\" width=\"1280\" height=\"511\" data-id=\"350020\" src=\"https:\/\/jundiai.sp.gov.br\/noticias\/wp-content\/uploads\/sites\/32\/2024\/11\/projeto-em-3d_usina-fotovoltaica-dae-1280x511.jpg\" alt=\"\" class=\"wp-image-350020\" srcset=\"https:\/\/jundiai.sp.gov.br\/noticias\/wp-content\/uploads\/sites\/32\/2024\/11\/projeto-em-3d_usina-fotovoltaica-dae-1280x511.jpg 1280w, https:\/\/jundiai.sp.gov.br\/noticias\/wp-content\/uploads\/sites\/32\/2024\/11\/projeto-em-3d_usina-fotovoltaica-dae-300x120.jpg 300w, https:\/\/jundiai.sp.gov.br\/noticias\/wp-content\/uploads\/sites\/32\/2024\/11\/projeto-em-3d_usina-fotovoltaica-dae-768x306.jpg 768w, https:\/\/jundiai.sp.gov.br\/noticias\/wp-content\/uploads\/sites\/32\/2024\/11\/projeto-em-3d_usina-fotovoltaica-dae-1536x613.jpg 1536w, https:\/\/jundiai.sp.gov.br\/noticias\/wp-content\/uploads\/sites\/32\/2024\/11\/projeto-em-3d_usina-fotovoltaica-dae.jpg 1900w\" sizes=\"auto, (max-width: 1280px) 100vw, 1280px\" \/><figcaption class=\"wp-element-caption\">Usina fotovoltaica vai gerar energia para unidades de baixa tens\u00e3o, com a cobertura de todas as vagas<\/figcaption><\/figure>\n<\/figure>\n\n\n\n<p>\u201cEste \u00e9 um projeto inovador, que agora estamos vendo sair do papel, gra\u00e7as ao empenho dos nossos colaboradores\u201d, aponta o diretor presidente da DAE, Walter da Costa e Silva Filho.<\/p>\n\n\n\n<p>O atual estacionamento de funcion\u00e1rios passar\u00e1 a ter 310 vagas de carros, todas cobertas, incluindo as preferenciais, para pessoas com defici\u00eancia, idosos e gestantes, adequadas conforme a legisla\u00e7\u00e3o e as necessidades da empresa.<\/p>\n\n\n\n<p>\u201cTemos a expectativa de suprir aproximadamente 70% do consumo de baixa tens\u00e3o da empresa, via gera\u00e7\u00e3o distribu\u00edda (GD)\u201d, detalha o assessor de Pol\u00edticas de Saneamento da \u00e1rea de Eletromec\u00e2nica e Opera\u00e7\u00f5es da DAE, Bruno Augusto Zanchim.<\/p>\n\n\n\n<p>Junto \u00e0 usina fotovoltaica, ser\u00e1 constru\u00eddo um edif\u00edcio com dois pavimentos: no t\u00e9rreo, haver\u00e1 um estacionamento coberto para motos, com capacidade para 50 vagas; j\u00e1 o primeiro andar ser\u00e1 destinado \u00e0 subesta\u00e7\u00e3o, sala de pain\u00e9is e inversores, um mirante com vista para a usina e um biciclet\u00e1rio.<\/p>\n\n\n\n<p><strong>Para funcion\u00e1rios<\/strong><\/p>\n\n\n<div class=\"wp-block-image\">\n<figure class=\"aligncenter size-large\"><a href=\"https:\/\/jundiai.sp.gov.br\/noticias\/wp-content\/uploads\/sites\/32\/2024\/11\/usina-fotovoltaica_dae-1.jpg\"><img loading=\"lazy\" decoding=\"async\" width=\"1280\" height=\"720\" src=\"https:\/\/jundiai.sp.gov.br\/noticias\/wp-content\/uploads\/sites\/32\/2024\/11\/usina-fotovoltaica_dae-1-1280x720.jpg\" alt=\"\" class=\"wp-image-350022\" srcset=\"https:\/\/jundiai.sp.gov.br\/noticias\/wp-content\/uploads\/sites\/32\/2024\/11\/usina-fotovoltaica_dae-1-1280x720.jpg 1280w, https:\/\/jundiai.sp.gov.br\/noticias\/wp-content\/uploads\/sites\/32\/2024\/11\/usina-fotovoltaica_dae-1-300x169.jpg 300w, https:\/\/jundiai.sp.gov.br\/noticias\/wp-content\/uploads\/sites\/32\/2024\/11\/usina-fotovoltaica_dae-1-768x432.jpg 768w, https:\/\/jundiai.sp.gov.br\/noticias\/wp-content\/uploads\/sites\/32\/2024\/11\/usina-fotovoltaica_dae-1-1536x864.jpg 1536w, https:\/\/jundiai.sp.gov.br\/noticias\/wp-content\/uploads\/sites\/32\/2024\/11\/usina-fotovoltaica_dae-1.jpg 1900w\" sizes=\"auto, (max-width: 1280px) 100vw, 1280px\" \/><\/a><figcaption class=\"wp-element-caption\"><em>Estacionamento provis\u00f3rio: ao lado do pr\u00e9dio administrativo, ser\u00e1 utilizado durante as obras e, depois, vai abrigar um Almoxarifado<\/em><\/figcaption><\/figure>\n<\/div>\n\n\n<p>Durante a execu\u00e7\u00e3o dos servi\u00e7os, um estacionamento provis\u00f3rio para uso dos colaboradores ser\u00e1 constru\u00eddo ao lado do pr\u00e9dio, dentro da sede. O local futuramente vai abrigar um almoxarifado. O acesso ser\u00e1 pela al\u00e7a de acesso da rodovia Jo\u00e3o Cereser, na altura do km 64.<\/p>\n\n\n\n<p>O estacionamento de clientes n\u00e3o ser\u00e1 afetado pela obra, tampouco o acesso ao Posto de Atendimento. A portaria localizada na avenida Alexandre Ludke tamb\u00e9m continuar\u00e1 em funcionamento.<\/p>\n\n\n\n<p><strong>Assessoria de Comunica\u00e7\u00e3o &#8211; DAE Jundia\u00ed<\/strong><\/p>\n\n\n\n<p><strong>Fotos: DAE Jundia\u00ed<\/strong><\/p>\n","protected":false},"excerpt":{"rendered":"<p>Gerar energia para as unidades de baixa tens\u00e3o e garantir a cobertura de todo o estacionamento de funcion\u00e1rios s\u00e3o os objetivos da usina fotovoltaica que ser\u00e1 implantada na sede administrativa da DAE Jundia\u00ed, localizada na Vila Hortol\u00e2ndia. As obras ter\u00e3o in\u00edcio em dezembro, com investimento de R$ 14 milh\u00f5es e expectativa de conclus\u00e3o em dez [&hellip;]<\/p>\n","protected":false},"author":51,"featured_media":0,"comment_status":"closed","ping_status":"0","sticky":false,"template":"","format":"standard","meta":{"footnotes":""},"categories":[2],"tags":[66,1940,4573,4705],"ods":[],"class_list":["post-350017","post","type-post","status-publish","format-standard","hentry","category-noticias","tag-dae","tag-dae-jundiai","tag-usina-fotovoltaica","tag-vila-hortolanida"],"_links":{"self":[{"href":"https:\/\/jundiai.sp.gov.br\/noticias\/wp-json\/wp\/v2\/posts\/350017","targetHints":{"allow":["GET"]}}],"collection":[{"href":"https:\/\/jundiai.sp.gov.br\/noticias\/wp-json\/wp\/v2\/posts"}],"about":[{"href":"https:\/\/jundiai.sp.gov.br\/noticias\/wp-json\/wp\/v2\/types\/post"}],"author":[{"embeddable":true,"href":"https:\/\/jundiai.sp.gov.br\/noticias\/wp-json\/wp\/v2\/users\/51"}],"replies":[{"embeddable":true,"href":"https:\/\/jundiai.sp.gov.br\/noticias\/wp-json\/wp\/v2\/comments?post=350017"}],"version-history":[{"count":1,"href":"https:\/\/jundiai.sp.gov.br\/noticias\/wp-json\/wp\/v2\/posts\/350017\/revisions"}],"predecessor-version":[{"id":350024,"href":"https:\/\/jundiai.sp.gov.br\/noticias\/wp-json\/wp\/v2\/posts\/350017\/revisions\/350024"}],"wp:attachment":[{"href":"https:\/\/jundiai.sp.gov.br\/noticias\/wp-json\/wp\/v2\/media?parent=350017"}],"wp:term":[{"taxonomy":"category","embeddable":true,"href":"https:\/\/jundiai.sp.gov.br\/noticias\/wp-json\/wp\/v2\/categories?post=350017"},{"taxonomy":"post_tag","embeddable":true,"href":"https:\/\/jundiai.sp.gov.br\/noticias\/wp-json\/wp\/v2\/tags?post=350017"},{"taxonomy":"ods","embeddable":true,"href":"https:\/\/jundiai.sp.gov.br\/noticias\/wp-json\/wp\/v2\/ods?post=350017"}],"curies":[{"name":"wp","href":"https:\/\/api.w.org\/{rel}","templated":true}]}}