{"id":350036,"date":"2024-12-27T08:36:16","date_gmt":"2024-12-27T11:36:16","guid":{"rendered":"https:\/\/jundiai.sp.gov.br\/noticias\/?p=350036"},"modified":"2024-12-09T08:36:39","modified_gmt":"2024-12-09T11:36:39","slug":"museus-em-jundiai-sao-atracao-no-mes-de-dezembro","status":"publish","type":"post","link":"https:\/\/jundiai.sp.gov.br\/noticias\/2024\/12\/27\/museus-em-jundiai-sao-atracao-no-mes-de-dezembro\/","title":{"rendered":"Museus em Jundia\u00ed s\u00e3o atra\u00e7\u00e3o no m\u00eas de dezembro"},"content":{"rendered":"\n<p>As f\u00e9rias escolares est\u00e3o chegando e os museus de Jundia\u00ed s\u00e3o op\u00e7\u00f5es gratuitas para a divers\u00e3o de todas as idades. Com amplia\u00e7\u00e3o no hor\u00e1rio de atendimento, os locais oferecem acervos diversos, como os pres\u00e9pios, no Museu Solar do Bar\u00e3o, e a hist\u00f3ria ferrovi\u00e1ria, no Museu dos Ferrovi\u00e1rios, no Espa\u00e7o Expressa. <\/p>\n\n\n\n<p><strong>Museu Hist\u00f3rico e Cultural de Jundia\u00ed<\/strong><\/p>\n\n\n\n<p>O Museu Hist\u00f3rico e Cultural de Jundia\u00ed foi criado pela lei municipal n\u00ba 406, em 10 de junho de 1955, como forma de preservar e democratizar a Hist\u00f3ria e a Cultura do Munic\u00edpio. O pr\u00e9dio, tombado na d\u00e9cada de 1970 pelo Conselho de Defesa do Patrim\u00f4nio Hist\u00f3rico, Arqueol\u00f3gico, Art\u00edstico e Tur\u00edstico (CONDEPHAAT) do Estado de S\u00e3o Paulo, possui constru\u00e7\u00e3o com planta t\u00e9rrea, em taipa de pil\u00e3o, tipicamente urbana para edif\u00edcios de meados do s\u00e9culo passado. Sua fachada, voltada para a rua de mesmo nome, possui dez janelas, dispostas simetricamente em rela\u00e7\u00e3o \u00e0 \u00fanica porta frontal de acesso ao interior do edif\u00edcio. Uma outra porta d\u00e1 tamb\u00e9m acesso, no extremo esquerdo da fachada, aos seus jardins. Ainda se encontram preservados elementos originais do edif\u00edcio, como esquadrias, vidros decorados e muros divis\u00f3rios em taipa de pil\u00e3o. <\/p>\n\n\n\n<p>Neste m\u00eas de dezembro, o espa\u00e7o conta com a Exposi\u00e7\u00e3o de pres\u00e9pios, com quase 400 apresenta\u00e7\u00f5es diferentes do nascimento de Jesus, al\u00e9m das belezas dos jardins, que podem s\u00e3o um atrativo adicional no espa\u00e7o. <\/p>\n\n\n\n<figure class=\"wp-block-image size-large\"><img loading=\"lazy\" decoding=\"async\" width=\"1280\" height=\"854\" src=\"https:\/\/jundiai.sp.gov.br\/noticias\/wp-content\/uploads\/sites\/32\/2024\/12\/natal-luz-2024-_ws-108-1280x854.jpg\" alt=\"\" class=\"wp-image-350479\" srcset=\"https:\/\/jundiai.sp.gov.br\/noticias\/wp-content\/uploads\/sites\/32\/2024\/12\/natal-luz-2024-_ws-108-1280x854.jpg 1280w, https:\/\/jundiai.sp.gov.br\/noticias\/wp-content\/uploads\/sites\/32\/2024\/12\/natal-luz-2024-_ws-108-300x200.jpg 300w, https:\/\/jundiai.sp.gov.br\/noticias\/wp-content\/uploads\/sites\/32\/2024\/12\/natal-luz-2024-_ws-108-768x512.jpg 768w, https:\/\/jundiai.sp.gov.br\/noticias\/wp-content\/uploads\/sites\/32\/2024\/12\/natal-luz-2024-_ws-108-1536x1024.jpg 1536w, https:\/\/jundiai.sp.gov.br\/noticias\/wp-content\/uploads\/sites\/32\/2024\/12\/natal-luz-2024-_ws-108-450x300.jpg 450w, https:\/\/jundiai.sp.gov.br\/noticias\/wp-content\/uploads\/sites\/32\/2024\/12\/natal-luz-2024-_ws-108.jpg 1900w\" sizes=\"auto, (max-width: 1280px) 100vw, 1280px\" \/><figcaption class=\"wp-element-caption\">Exposi\u00e7\u00f5es ficam at\u00e9 o dia 6 de janeiro<\/figcaption><\/figure>\n\n\n\n<p>Endere\u00e7o: Rua Bar\u00e3o de Jundia\u00ed, 762 \u2013 Centro. <br>Telefone: (11) 4521-6259.<br>Hor\u00e1rio de funcionamento: segunda a sexta, das 10h \u00e0s 21h e aos s\u00e1bados e domingos, das 10h \u00e0s 17h, at\u00e9 o dia 6 de janeiro.<\/p>\n\n\n\n<p><strong>Museu dos Ferrovi\u00e1rios<\/strong><\/p>\n\n\n\n<p>Ap\u00f3s sua revitaliza\u00e7\u00e3o completa, com manuten\u00e7\u00e3o do piso, pintura, instala\u00e7\u00e3o de ilumina\u00e7\u00e3o c\u00eanica, al\u00e9m da reorganiza\u00e7\u00e3o e higieniza\u00e7\u00e3o do acervo, o Museu dos Ferrovi\u00e1rios foi reaberto em setembro de 2022, como parte dos an\u00fancios de&nbsp;<a href=\"https:\/\/cultura.jundiai.sp.gov.br\/o-complexo-fepasa-agora-e-expressa\/\">investimentos da Prefeitura no Espa\u00e7o Expressa, novo nome e novo conceito do antigo Complexo Fepasa.<\/a><\/p>\n\n\n\n<p>Em sua reabertura ao p\u00fablico, o Museu traz uma nova exposi\u00e7\u00e3o: \u201cFerrovias\u2026 muito al\u00e9m dos trilhos\u201d, que, dividida em duas salas, \u00e9 uma homenagem \u00e0s contribui\u00e7\u00f5es da ferrovia e dos ferrovi\u00e1rios, tanto no mundo, como no Brasil e em Jundia\u00ed.<\/p>\n\n\n\n<p>Endere\u00e7o: Avenida Uni\u00e3o dos Ferrovi\u00e1rios, 1760 \u2013 Espa\u00e7o Expressa<br>Telefone: (11) 4589-6800<br>Hor\u00e1rio de funcionamento: de ter\u00e7a a domingo, das 10h \u00e0s 17h<\/p>\n\n\n\n<figure class=\"wp-block-image size-large\"><img loading=\"lazy\" decoding=\"async\" width=\"1280\" height=\"853\" src=\"https:\/\/jundiai.sp.gov.br\/noticias\/wp-content\/uploads\/sites\/32\/2024\/02\/museu-ferroviario_fm_-25-1-1280x853.jpg\" alt=\"\" class=\"wp-image-338356\" srcset=\"https:\/\/jundiai.sp.gov.br\/noticias\/wp-content\/uploads\/sites\/32\/2024\/02\/museu-ferroviario_fm_-25-1-1280x853.jpg 1280w, https:\/\/jundiai.sp.gov.br\/noticias\/wp-content\/uploads\/sites\/32\/2024\/02\/museu-ferroviario_fm_-25-1-300x200.jpg 300w, https:\/\/jundiai.sp.gov.br\/noticias\/wp-content\/uploads\/sites\/32\/2024\/02\/museu-ferroviario_fm_-25-1-768x512.jpg 768w, https:\/\/jundiai.sp.gov.br\/noticias\/wp-content\/uploads\/sites\/32\/2024\/02\/museu-ferroviario_fm_-25-1-450x300.jpg 450w, https:\/\/jundiai.sp.gov.br\/noticias\/wp-content\/uploads\/sites\/32\/2024\/02\/museu-ferroviario_fm_-25-1.jpg 1323w\" sizes=\"auto, (max-width: 1280px) 100vw, 1280px\" \/><figcaption class=\"wp-element-caption\">Museu dos Ferrovi\u00e1rios guarda itens importantes da hist\u00f3ria do desenvolvimento de Jundia\u00ed<\/figcaption><\/figure>\n\n\n\n<p><strong>Centro Jundiaiense de Cultura &#8211; Pinacoteca Di\u00f3genes Duarte Paes<\/strong><\/p>\n\n\n\n<p>O Centro Jundiaiense de Cultura foi criado em 1979. Desde 2008, passou a ser chamado Centro Jundiaiense de Cultura Josefina Rodrigues da Silva (Jorosil) e a funcionar no antigo pr\u00e9dio do Grupo Escolar Coronel Siqueira de Moraes, de 1896, que por seu alto valor hist\u00f3rico, o pr\u00e9dio foi tombado pelo&nbsp;<a rel=\"noreferrer noopener\" href=\"http:\/\/condephaat.sp.gov.br\/benstombados\/pinacoteca-municipal-biblioteca-municipal-nelson-foot-ge-siqueira-moraes\/\" target=\"_blank\">Conselho de Defesa do Patrim\u00f4nio Hist\u00f3rico, Arqueol\u00f3gico, Art\u00edstico e Tur\u00edstico do Estado de S\u00e3o Paulo (Condephaat)<\/a>.<\/p>\n\n\n\n<p>Foi tamb\u00e9m em 2008 que o Jorosil passou a abrigar a&nbsp;<a href=\"https:\/\/cultura.jundiai.sp.gov.br\/espacos-culturais\/centro-jundiaiense-de-cultura-jorosil\/pinacoteca-diogenes-duarte-paes\/\">Pinacoteca Di\u00f3genes Duarte Paes<\/a>, que leva o nome do seu patrono, artista jundiaiense de not\u00e1vel talento com a Pintura, o Desenho e a Literatura. Destaca-se em seu acervo o conjunto de Aquarelas da S\u00e9rie Folcl\u00f3rica, doado pela fam\u00edlia, que apresenta cenas do cotidiano no interior de ambientes dom\u00e9sticos e p\u00fablicos, al\u00e9m de retratar valores sociais culturais de uma Jundia\u00ed nas primeiras d\u00e9cadas do s\u00e9culo 20.<\/p>\n\n\n\n<p>A Pinacoteca possui tamb\u00e9m um acervo variado de artistas jundiaienses, brasileiros e estrangeiros.<\/p>\n\n\n\n<figure class=\"wp-block-image size-large\"><img loading=\"lazy\" decoding=\"async\" width=\"1280\" height=\"854\" src=\"https:\/\/jundiai.sp.gov.br\/noticias\/wp-content\/uploads\/sites\/32\/2024\/12\/exposicao-de-papais-noeis-pinacoteca_fm_-16-1280x854.jpg\" alt=\"\" class=\"wp-image-350481\" srcset=\"https:\/\/jundiai.sp.gov.br\/noticias\/wp-content\/uploads\/sites\/32\/2024\/12\/exposicao-de-papais-noeis-pinacoteca_fm_-16-1280x854.jpg 1280w, https:\/\/jundiai.sp.gov.br\/noticias\/wp-content\/uploads\/sites\/32\/2024\/12\/exposicao-de-papais-noeis-pinacoteca_fm_-16-300x200.jpg 300w, https:\/\/jundiai.sp.gov.br\/noticias\/wp-content\/uploads\/sites\/32\/2024\/12\/exposicao-de-papais-noeis-pinacoteca_fm_-16-768x512.jpg 768w, https:\/\/jundiai.sp.gov.br\/noticias\/wp-content\/uploads\/sites\/32\/2024\/12\/exposicao-de-papais-noeis-pinacoteca_fm_-16-1536x1024.jpg 1536w, https:\/\/jundiai.sp.gov.br\/noticias\/wp-content\/uploads\/sites\/32\/2024\/12\/exposicao-de-papais-noeis-pinacoteca_fm_-16-450x300.jpg 450w, https:\/\/jundiai.sp.gov.br\/noticias\/wp-content\/uploads\/sites\/32\/2024\/12\/exposicao-de-papais-noeis-pinacoteca_fm_-16.jpg 1900w\" sizes=\"auto, (max-width: 1280px) 100vw, 1280px\" \/><figcaption class=\"wp-element-caption\">Exposi\u00e7\u00e3o de Papais No\u00e9is e outros itens natalinos est\u00e1 montada na Pinacoteca<\/figcaption><\/figure>\n\n\n\n<p>Rua Bar\u00e3o de Jundia\u00ed, 109, Centro, Jundia\u00ed \u2013 SP<br>Telefone:<strong>\u00a0<\/strong>(11) 4586-2326\/ 4589-6792<br>E-mail:\u00a0<a href=\"mailto:pinacoteca@jundiai.sp.gov.br\" target=\"_blank\" rel=\"noreferrer noopener\">pinacoteca@jundiai.sp.gov.br<\/a><br>Hor\u00e1rio de funcionamento (somente administrativo):\u00a0de ter\u00e7a a domingo, das 10h \u00e0s 17h.<\/p>\n\n\n\n<p><strong>Assessoria de Imprensa<br>Fotos: Fot\u00f3grafos PMJ<\/strong><\/p>\n","protected":false},"excerpt":{"rendered":"<p>As f\u00e9rias escolares est\u00e3o chegando e os museus de Jundia\u00ed s\u00e3o op\u00e7\u00f5es gratuitas para a divers\u00e3o de todas as idades. Com amplia\u00e7\u00e3o no hor\u00e1rio de atendimento, os locais oferecem acervos diversos, como os pres\u00e9pios, no Museu Solar do Bar\u00e3o, e a hist\u00f3ria ferrovi\u00e1ria, no Museu dos Ferrovi\u00e1rios, no Espa\u00e7o Expressa. Museu Hist\u00f3rico e Cultural de [&hellip;]<\/p>\n","protected":false},"author":39,"featured_media":350479,"comment_status":"closed","ping_status":"0","sticky":false,"template":"","format":"standard","meta":{"footnotes":""},"categories":[2],"tags":[29],"ods":[],"class_list":["post-350036","post","type-post","status-publish","format-standard","has-post-thumbnail","hentry","category-noticias","tag-cultura"],"_links":{"self":[{"href":"https:\/\/jundiai.sp.gov.br\/noticias\/wp-json\/wp\/v2\/posts\/350036","targetHints":{"allow":["GET"]}}],"collection":[{"href":"https:\/\/jundiai.sp.gov.br\/noticias\/wp-json\/wp\/v2\/posts"}],"about":[{"href":"https:\/\/jundiai.sp.gov.br\/noticias\/wp-json\/wp\/v2\/types\/post"}],"author":[{"embeddable":true,"href":"https:\/\/jundiai.sp.gov.br\/noticias\/wp-json\/wp\/v2\/users\/39"}],"replies":[{"embeddable":true,"href":"https:\/\/jundiai.sp.gov.br\/noticias\/wp-json\/wp\/v2\/comments?post=350036"}],"version-history":[{"count":14,"href":"https:\/\/jundiai.sp.gov.br\/noticias\/wp-json\/wp\/v2\/posts\/350036\/revisions"}],"predecessor-version":[{"id":350483,"href":"https:\/\/jundiai.sp.gov.br\/noticias\/wp-json\/wp\/v2\/posts\/350036\/revisions\/350483"}],"wp:featuredmedia":[{"embeddable":true,"href":"https:\/\/jundiai.sp.gov.br\/noticias\/wp-json\/wp\/v2\/media\/350479"}],"wp:attachment":[{"href":"https:\/\/jundiai.sp.gov.br\/noticias\/wp-json\/wp\/v2\/media?parent=350036"}],"wp:term":[{"taxonomy":"category","embeddable":true,"href":"https:\/\/jundiai.sp.gov.br\/noticias\/wp-json\/wp\/v2\/categories?post=350036"},{"taxonomy":"post_tag","embeddable":true,"href":"https:\/\/jundiai.sp.gov.br\/noticias\/wp-json\/wp\/v2\/tags?post=350036"},{"taxonomy":"ods","embeddable":true,"href":"https:\/\/jundiai.sp.gov.br\/noticias\/wp-json\/wp\/v2\/ods?post=350036"}],"curies":[{"name":"wp","href":"https:\/\/api.w.org\/{rel}","templated":true}]}}