{"id":350092,"date":"2024-12-04T13:15:39","date_gmt":"2024-12-04T16:15:39","guid":{"rendered":"https:\/\/jundiai.sp.gov.br\/noticias\/?p=350092"},"modified":"2024-12-02T07:52:25","modified_gmt":"2024-12-02T10:52:25","slug":"exposicao-monstros-sera-aberta-dia-06-na-biblioteca","status":"publish","type":"post","link":"https:\/\/jundiai.sp.gov.br\/noticias\/2024\/12\/04\/exposicao-monstros-sera-aberta-dia-06-na-biblioteca\/","title":{"rendered":"Exposi\u00e7\u00e3o \u201cMonstros\u201d ser\u00e1 aberta dia 06 na Biblioteca"},"content":{"rendered":"\n<p>Para marcar o encerramento das atividades do ano de 2024 da Pop \u2013 Escola de Arte, ser\u00e1 aberta no dia 06 de dezembro, \u00e0s 10h, na Biblioteca Professor Nelson Foot (BNF), na Galeria Jundia\u00ed, a exposi\u00e7\u00e3o \u201cMonstros\u201d que re\u00fane os trabalhos dos alunos e professores dos diversos cursos mantidos pela escola.<\/p>\n\n\n\n<p>Segundo o diretor da escola, o artista pl\u00e1stico e quadrinista, Ede Galileu, tamb\u00e9m respons\u00e1vel pela curadoria da exposi\u00e7\u00e3o, a Pop Escola de Arte mant\u00e9m cursos de Desenho, T\u00e9cnicas de Pintura, Ilustra\u00e7\u00e3o Digital, Hist\u00f3rias em Quadrinhos entre outros.<\/p>\n\n\n\n<figure class=\"wp-block-gallery has-nested-images columns-default is-cropped wp-block-gallery-1 is-layout-flex wp-block-gallery-is-layout-flex\">\n<figure class=\"wp-block-image size-large\"><img loading=\"lazy\" decoding=\"async\" width=\"1280\" height=\"960\" data-id=\"350094\" src=\"https:\/\/jundiai.sp.gov.br\/noticias\/wp-content\/uploads\/sites\/32\/2024\/11\/foto-ede-galileu-1.jpg\" alt=\"\" class=\"wp-image-350094\" srcset=\"https:\/\/jundiai.sp.gov.br\/noticias\/wp-content\/uploads\/sites\/32\/2024\/11\/foto-ede-galileu-1.jpg 1280w, https:\/\/jundiai.sp.gov.br\/noticias\/wp-content\/uploads\/sites\/32\/2024\/11\/foto-ede-galileu-1-300x225.jpg 300w, https:\/\/jundiai.sp.gov.br\/noticias\/wp-content\/uploads\/sites\/32\/2024\/11\/foto-ede-galileu-1-768x576.jpg 768w\" sizes=\"auto, (max-width: 1280px) 100vw, 1280px\" \/><figcaption class=\"wp-element-caption\"><strong>Ede Galilelu, da Pop Escola de Arte<\/strong><\/figcaption><\/figure>\n\n\n\n<figure class=\"wp-block-image size-large\"><img loading=\"lazy\" decoding=\"async\" width=\"720\" height=\"960\" data-id=\"350095\" src=\"https:\/\/jundiai.sp.gov.br\/noticias\/wp-content\/uploads\/sites\/32\/2024\/11\/monstro1-720x960.jpg\" alt=\"\" class=\"wp-image-350095\" srcset=\"https:\/\/jundiai.sp.gov.br\/noticias\/wp-content\/uploads\/sites\/32\/2024\/11\/monstro1-720x960.jpg 720w, https:\/\/jundiai.sp.gov.br\/noticias\/wp-content\/uploads\/sites\/32\/2024\/11\/monstro1-300x400.jpg 300w, https:\/\/jundiai.sp.gov.br\/noticias\/wp-content\/uploads\/sites\/32\/2024\/11\/monstro1-768x1024.jpg 768w, https:\/\/jundiai.sp.gov.br\/noticias\/wp-content\/uploads\/sites\/32\/2024\/11\/monstro1-1152x1536.jpg 1152w, https:\/\/jundiai.sp.gov.br\/noticias\/wp-content\/uploads\/sites\/32\/2024\/11\/monstro1.jpg 1200w\" sizes=\"auto, (max-width: 720px) 100vw, 720px\" \/><figcaption class=\"wp-element-caption\"><strong>Total liberdade na cria\u00e7\u00e3o&#8230;<\/strong><\/figcaption><\/figure>\n\n\n\n<figure class=\"wp-block-image size-large\"><img loading=\"lazy\" decoding=\"async\" width=\"720\" height=\"960\" data-id=\"350096\" src=\"https:\/\/jundiai.sp.gov.br\/noticias\/wp-content\/uploads\/sites\/32\/2024\/11\/monstro2-720x960.jpg\" alt=\"\" class=\"wp-image-350096\" srcset=\"https:\/\/jundiai.sp.gov.br\/noticias\/wp-content\/uploads\/sites\/32\/2024\/11\/monstro2-720x960.jpg 720w, https:\/\/jundiai.sp.gov.br\/noticias\/wp-content\/uploads\/sites\/32\/2024\/11\/monstro2-300x400.jpg 300w, https:\/\/jundiai.sp.gov.br\/noticias\/wp-content\/uploads\/sites\/32\/2024\/11\/monstro2-768x1024.jpg 768w, https:\/\/jundiai.sp.gov.br\/noticias\/wp-content\/uploads\/sites\/32\/2024\/11\/monstro2-1152x1536.jpg 1152w, https:\/\/jundiai.sp.gov.br\/noticias\/wp-content\/uploads\/sites\/32\/2024\/11\/monstro2.jpg 1200w\" sizes=\"auto, (max-width: 720px) 100vw, 720px\" \/><figcaption class=\"wp-element-caption\"><strong>dos monstros para a exposi\u00e7\u00e3o<\/strong><\/figcaption><\/figure>\n<\/figure>\n\n\n\n<p>Para a exposi\u00e7\u00e3o de final de ano, cerca de 50 artistas a partir de seis anos trabalharam o tema da maneira como preferiram, desde a escolha do personagem retratado at\u00e9 a t\u00e9cnica utilizada.<\/p>\n\n\n\n<p>O p\u00fablico poder\u00e1 visitar a exposi\u00e7\u00e3o de 06 de dezembro a 06 de janeiro, de segunda a sexta-feira, das 9h \u00e0s 21h e aos s\u00e1bados das 10h \u00e0s 17h. A entrada \u00e9 gratuita.<\/p>\n\n\n\n<p>A Biblioteca Nelson Foot est\u00e1 localizada dentro do Complexo Argos, na rua Dr. Cavalcanti, 396 \u2013 Vila Arens.<\/p>\n\n\n\n<p><strong>Assessoria de Imprensa<br>Fotos: fot\u00f3grafos PMJ<\/strong><\/p>\n","protected":false},"excerpt":{"rendered":"<p>Para marcar o encerramento das atividades do ano de 2024 da Pop \u2013 Escola de Arte, ser\u00e1 aberta no dia 06 de dezembro, \u00e0s 10h, na Biblioteca Professor Nelson Foot (BNF), na Galeria Jundia\u00ed, a exposi\u00e7\u00e3o \u201cMonstros\u201d que re\u00fane os trabalhos dos alunos e professores dos diversos cursos mantidos pela escola. Segundo o diretor da [&hellip;]<\/p>\n","protected":false},"author":83,"featured_media":350094,"comment_status":"closed","ping_status":"0","sticky":false,"template":"","format":"standard","meta":{"footnotes":""},"categories":[4620,2],"tags":[505,419,29],"ods":[],"class_list":["post-350092","post","type-post","status-publish","format-standard","has-post-thumbnail","hentry","category-destaques","category-noticias","tag-biblioteca-municipal-professor-nelson-foot","tag-complexo-argos","tag-cultura"],"_links":{"self":[{"href":"https:\/\/jundiai.sp.gov.br\/noticias\/wp-json\/wp\/v2\/posts\/350092","targetHints":{"allow":["GET"]}}],"collection":[{"href":"https:\/\/jundiai.sp.gov.br\/noticias\/wp-json\/wp\/v2\/posts"}],"about":[{"href":"https:\/\/jundiai.sp.gov.br\/noticias\/wp-json\/wp\/v2\/types\/post"}],"author":[{"embeddable":true,"href":"https:\/\/jundiai.sp.gov.br\/noticias\/wp-json\/wp\/v2\/users\/83"}],"replies":[{"embeddable":true,"href":"https:\/\/jundiai.sp.gov.br\/noticias\/wp-json\/wp\/v2\/comments?post=350092"}],"version-history":[{"count":1,"href":"https:\/\/jundiai.sp.gov.br\/noticias\/wp-json\/wp\/v2\/posts\/350092\/revisions"}],"predecessor-version":[{"id":350097,"href":"https:\/\/jundiai.sp.gov.br\/noticias\/wp-json\/wp\/v2\/posts\/350092\/revisions\/350097"}],"wp:featuredmedia":[{"embeddable":true,"href":"https:\/\/jundiai.sp.gov.br\/noticias\/wp-json\/wp\/v2\/media\/350094"}],"wp:attachment":[{"href":"https:\/\/jundiai.sp.gov.br\/noticias\/wp-json\/wp\/v2\/media?parent=350092"}],"wp:term":[{"taxonomy":"category","embeddable":true,"href":"https:\/\/jundiai.sp.gov.br\/noticias\/wp-json\/wp\/v2\/categories?post=350092"},{"taxonomy":"post_tag","embeddable":true,"href":"https:\/\/jundiai.sp.gov.br\/noticias\/wp-json\/wp\/v2\/tags?post=350092"},{"taxonomy":"ods","embeddable":true,"href":"https:\/\/jundiai.sp.gov.br\/noticias\/wp-json\/wp\/v2\/ods?post=350092"}],"curies":[{"name":"wp","href":"https:\/\/api.w.org\/{rel}","templated":true}]}}