{"id":350161,"date":"2024-12-02T15:42:53","date_gmt":"2024-12-02T18:42:53","guid":{"rendered":"https:\/\/jundiai.sp.gov.br\/noticias\/?p=350161"},"modified":"2024-12-03T08:09:30","modified_gmt":"2024-12-03T11:09:30","slug":"tribunal-de-contas-aprova-contas-do-governo-luiz-fernando-machado","status":"publish","type":"post","link":"https:\/\/jundiai.sp.gov.br\/noticias\/2024\/12\/02\/tribunal-de-contas-aprova-contas-do-governo-luiz-fernando-machado\/","title":{"rendered":"Tribunal de Contas aprova contas do governo Luiz Fernando Machado"},"content":{"rendered":"\n<p>Na \u00faltima semana, foi publicada, no Di\u00e1rio Oficial do Estado de S\u00e3o Paulo a aprova\u00e7\u00e3o das contas do ano de 2022 do governo Luiz Fernando Machado, pela Prefeitura de Jundia\u00ed. A indica\u00e7\u00e3o foi feita em Ata das C\u00e2maras e do Tribunal Pleno, do Tribunal de Contas do Estado de S\u00e3o Paulo (TCE). Desde 2017, quando assumiu o munic\u00edpio, todas as contas avaliadas da gest\u00e3o foram aprovadas.<\/p>\n\n\n\n<p>\u201cA gest\u00e3o de Jundia\u00ed, sob nosso governo, \u00e9 transparente e embasada nos par\u00e2metros legais, com a aten\u00e7\u00e3o \u00e0 Lei de Responsabilidade Fiscal durante todo o planejamento e execu\u00e7\u00e3o das a\u00e7\u00f5es e investimentos, ao longo dos oito anos de gest\u00e3o. A indica\u00e7\u00e3o feita pelo relator e conselheiros comprova, mais uma vez, o trabalho de qualidade desenvolvido por toda a equipe da Prefeitura de Jundia\u00ed\u201d, comenta o prefeito Luiz Fernando Machado.<\/p>\n\n\n\n<p>O parecer favor\u00e1vel foi emitido a partir dos votos dos Conselheiros Dimas Ramalho, Relator, e Antonio Roque Citadini, Presidente, e do Conselheiro Substituto &#8211; Auditor M\u00e1rcio Martins de Camargo. Com a decis\u00e3o, foi estabelecido o arquivamento definitivo de eventuais expedientes eletr\u00f4nicos referenciados.<\/p>\n\n\n\n<figure class=\"wp-block-image size-large\"><img loading=\"lazy\" decoding=\"async\" width=\"1280\" height=\"720\" src=\"https:\/\/jundiai.sp.gov.br\/noticias\/wp-content\/uploads\/sites\/32\/2024\/12\/aereas-obras-de-prolongamento-avenida-frederico-ozanan-e-ponte-estaida_fm_-65-1280x720.jpg\" alt=\"\" class=\"wp-image-350162\" srcset=\"https:\/\/jundiai.sp.gov.br\/noticias\/wp-content\/uploads\/sites\/32\/2024\/12\/aereas-obras-de-prolongamento-avenida-frederico-ozanan-e-ponte-estaida_fm_-65-1280x720.jpg 1280w, https:\/\/jundiai.sp.gov.br\/noticias\/wp-content\/uploads\/sites\/32\/2024\/12\/aereas-obras-de-prolongamento-avenida-frederico-ozanan-e-ponte-estaida_fm_-65-300x169.jpg 300w, https:\/\/jundiai.sp.gov.br\/noticias\/wp-content\/uploads\/sites\/32\/2024\/12\/aereas-obras-de-prolongamento-avenida-frederico-ozanan-e-ponte-estaida_fm_-65-768x432.jpg 768w, https:\/\/jundiai.sp.gov.br\/noticias\/wp-content\/uploads\/sites\/32\/2024\/12\/aereas-obras-de-prolongamento-avenida-frederico-ozanan-e-ponte-estaida_fm_-65-1536x864.jpg 1536w, https:\/\/jundiai.sp.gov.br\/noticias\/wp-content\/uploads\/sites\/32\/2024\/12\/aereas-obras-de-prolongamento-avenida-frederico-ozanan-e-ponte-estaida_fm_-65.jpg 1900w\" sizes=\"auto, (max-width: 1280px) 100vw, 1280px\" \/><figcaption class=\"wp-element-caption\">Jundia\u00ed tem, mais uma vez, as contas aprovadas pelo Tribunal de Contas do Estado de S\u00e3o Paulo<\/figcaption><\/figure>\n\n\n\n<p>\u201cA cidade tem se comprometido em atender as recomenda\u00e7\u00f5es feitas pelo TCE e prioriza o cumprimento das determina\u00e7\u00f5es legais, inclusive com destina\u00e7\u00f5es de or\u00e7amento superior aos m\u00ednimos exigidos por lei para Sa\u00fade e Educa\u00e7\u00e3o. O zelo pelo p\u00fablico \u00e9 premissa na gest\u00e3o do prefeito Luiz Fernando\u201d, comenta o gestor de Governo e Finan\u00e7as, Jos\u00e9 Antonio Parimoschi.<\/p>\n\n\n\n<p>Ainda de acordo com o gestor, \u201cdesde o in\u00edcio da gest\u00e3o, em 2017, at\u00e9 agora, todas as contas foram aprovadas. O que mostra, realmente, que \u00e9 um governo comprometido com a responsabilidade do uso correto do dinheiro p\u00fablico com a aplica\u00e7\u00e3o de efici\u00eancia \u00e0 m\u00e1quina p\u00fablica\u201d, explica.<\/p>\n\n\n\n<p>Mesmo com as dificuldades impetradas pela frustra\u00e7\u00e3o na arrecada\u00e7\u00e3o, derivada da reforma tribut\u00e1ria, as contas da Prefeitura est\u00e3o em dia. \u201cO reconhecimento do tribunal \u00e9 importante para que o cidad\u00e3o tenha garantia que todo o dinheiro arrecadado est\u00e1 sendo usado de maneira eficiente na Sa\u00fade e na Educa\u00e7\u00e3o, al\u00e9m das demais \u00e1reas que fazem parte da gest\u00e3o municipal\u201d, salienta Parimoschi.<\/p>\n\n\n\n<figure class=\"wp-block-image size-large\"><img loading=\"lazy\" decoding=\"async\" width=\"1280\" height=\"854\" src=\"https:\/\/jundiai.sp.gov.br\/noticias\/wp-content\/uploads\/sites\/32\/2024\/12\/prefeito_concede_entrevista_jundiai_agora_gabinete_pa-2-1280x854.jpg\" alt=\"\" class=\"wp-image-350171\" srcset=\"https:\/\/jundiai.sp.gov.br\/noticias\/wp-content\/uploads\/sites\/32\/2024\/12\/prefeito_concede_entrevista_jundiai_agora_gabinete_pa-2-1280x854.jpg 1280w, https:\/\/jundiai.sp.gov.br\/noticias\/wp-content\/uploads\/sites\/32\/2024\/12\/prefeito_concede_entrevista_jundiai_agora_gabinete_pa-2-300x200.jpg 300w, https:\/\/jundiai.sp.gov.br\/noticias\/wp-content\/uploads\/sites\/32\/2024\/12\/prefeito_concede_entrevista_jundiai_agora_gabinete_pa-2-768x512.jpg 768w, https:\/\/jundiai.sp.gov.br\/noticias\/wp-content\/uploads\/sites\/32\/2024\/12\/prefeito_concede_entrevista_jundiai_agora_gabinete_pa-2-1536x1024.jpg 1536w, https:\/\/jundiai.sp.gov.br\/noticias\/wp-content\/uploads\/sites\/32\/2024\/12\/prefeito_concede_entrevista_jundiai_agora_gabinete_pa-2-450x300.jpg 450w, https:\/\/jundiai.sp.gov.br\/noticias\/wp-content\/uploads\/sites\/32\/2024\/12\/prefeito_concede_entrevista_jundiai_agora_gabinete_pa-2.jpg 1900w\" sizes=\"auto, (max-width: 1280px) 100vw, 1280px\" \/><figcaption class=\"wp-element-caption\">Prefeito Luiz Fernando Machado est\u00e1 \u00e0 frente de Jundia\u00ed desde 2017 e encerra a gest\u00e3o, ap\u00f3s reelei\u00e7\u00e3o, em 2024<\/figcaption><\/figure>\n\n\n\n<p><strong>Assessoria de Imprensa<br>Fotos: Fot\u00f3grafos PMJ<\/strong><\/p>\n","protected":false},"excerpt":{"rendered":"<p>Na \u00faltima semana, foi publicada, no Di\u00e1rio Oficial do Estado de S\u00e3o Paulo a aprova\u00e7\u00e3o das contas do ano de 2022 do governo Luiz Fernando Machado, pela Prefeitura de Jundia\u00ed. A indica\u00e7\u00e3o foi feita em Ata das C\u00e2maras e do Tribunal Pleno, do Tribunal de Contas do Estado de S\u00e3o Paulo (TCE). Desde 2017, quando [&hellip;]<\/p>\n","protected":false},"author":39,"featured_media":350171,"comment_status":"closed","ping_status":"0","sticky":false,"template":"","format":"standard","meta":{"footnotes":""},"categories":[4620,2],"tags":[4291,1384],"ods":[],"class_list":["post-350161","post","type-post","status-publish","format-standard","has-post-thumbnail","hentry","category-destaques","category-noticias","tag-governo-e-finacas","tag-unidade-de-gestao-de-governo-e-financas"],"_links":{"self":[{"href":"https:\/\/jundiai.sp.gov.br\/noticias\/wp-json\/wp\/v2\/posts\/350161","targetHints":{"allow":["GET"]}}],"collection":[{"href":"https:\/\/jundiai.sp.gov.br\/noticias\/wp-json\/wp\/v2\/posts"}],"about":[{"href":"https:\/\/jundiai.sp.gov.br\/noticias\/wp-json\/wp\/v2\/types\/post"}],"author":[{"embeddable":true,"href":"https:\/\/jundiai.sp.gov.br\/noticias\/wp-json\/wp\/v2\/users\/39"}],"replies":[{"embeddable":true,"href":"https:\/\/jundiai.sp.gov.br\/noticias\/wp-json\/wp\/v2\/comments?post=350161"}],"version-history":[{"count":5,"href":"https:\/\/jundiai.sp.gov.br\/noticias\/wp-json\/wp\/v2\/posts\/350161\/revisions"}],"predecessor-version":[{"id":350189,"href":"https:\/\/jundiai.sp.gov.br\/noticias\/wp-json\/wp\/v2\/posts\/350161\/revisions\/350189"}],"wp:featuredmedia":[{"embeddable":true,"href":"https:\/\/jundiai.sp.gov.br\/noticias\/wp-json\/wp\/v2\/media\/350171"}],"wp:attachment":[{"href":"https:\/\/jundiai.sp.gov.br\/noticias\/wp-json\/wp\/v2\/media?parent=350161"}],"wp:term":[{"taxonomy":"category","embeddable":true,"href":"https:\/\/jundiai.sp.gov.br\/noticias\/wp-json\/wp\/v2\/categories?post=350161"},{"taxonomy":"post_tag","embeddable":true,"href":"https:\/\/jundiai.sp.gov.br\/noticias\/wp-json\/wp\/v2\/tags?post=350161"},{"taxonomy":"ods","embeddable":true,"href":"https:\/\/jundiai.sp.gov.br\/noticias\/wp-json\/wp\/v2\/ods?post=350161"}],"curies":[{"name":"wp","href":"https:\/\/api.w.org\/{rel}","templated":true}]}}