{"id":350297,"date":"2024-12-04T14:41:22","date_gmt":"2024-12-04T17:41:22","guid":{"rendered":"https:\/\/jundiai.sp.gov.br\/noticias\/?p=350297"},"modified":"2024-12-04T14:41:22","modified_gmt":"2024-12-04T17:41:22","slug":"programa-vovo-bem-vindo-tem-passeio-gratuito-para-publico-60-nesta-sexta-06","status":"publish","type":"post","link":"https:\/\/jundiai.sp.gov.br\/noticias\/2024\/12\/04\/programa-vovo-bem-vindo-tem-passeio-gratuito-para-publico-60-nesta-sexta-06\/","title":{"rendered":"Programa \u201cVov\u00f4 bem-vindo\u201d tem passeio gratuito para p\u00fablico 60+ nesta sexta (06)"},"content":{"rendered":"\n<p>Idosos a partir de 60 anos que residem em Jundia\u00ed podem se inscrever para o pr\u00f3ximo passeio do programa \u201cVov\u00f4 Bem-Vindo\u201d, promovido pela Prefeitura de Jundia\u00ed por meio da Unidade de Agroneg\u00f3cio, Abastecimento e Turismo (UGAAT).<\/p>\n\n\n\n<p>O passeio ocorrer\u00e1 nesta sexta-feira (06) e incluir\u00e1 uma visita ao Museu Solar do Bar\u00e3o e \u00e0 Adega Marquesim<strong>. <\/strong>O embarque ser\u00e1 realizado a partir das 8h no ponto de \u00f4nibus em frente ao Pa\u00e7o Municipal, localizado na Avenida da Liberdade, e a sa\u00edda do \u00f4nibus est\u00e1 marcada para 8h15. A previs\u00e3o \u00e9 que a atividade termine ao meio-dia.<\/p>\n\n\n\n<p>O passeio \u00e9 gratuito, mas as vagas s\u00e3o limitadas, ent\u00e3o os interessados devem se inscrever o quanto antes. As inscri\u00e7\u00f5es podem ser realizadas por este link:\u00a0<a href=\"https:\/\/turismo.jundiai.sp.gov.br\/projeto-vovo-bem-vindo\/roteiro-06-12-2024\/\">https:\/\/turismo.jundiai.sp.gov.br\/projeto-vovo-bem-vindo\/roteiro-06-12-2024\/<\/a>.<\/p>\n\n\n\n<p>O programa oferece passeios gratuitos para que os idosos aproveitem os pontos tur\u00edsticos do munic\u00edpio, incentivando o conceito de \u201cstaycation\u201d, que promove o turismo local. \u201cJundia\u00ed oferece diversas op\u00e7\u00f5es de lazer, e o projeto Vov\u00f4 Bem-Vindo destaca as riquezas da nossa cidade, fortalece o com\u00e9rcio local e proporciona aos idosos momentos gratuitos de conviv\u00eancia e divers\u00e3o. \u00c9 uma iniciativa que valoriza o que h\u00e1 de melhor em nossa terra\u201d, ressalta o gestor da UGAAT, Eduardo Alvarez.<\/p>\n\n\n<div class=\"wp-block-image\">\n<figure class=\"aligncenter size-large\"><img loading=\"lazy\" decoding=\"async\" width=\"1280\" height=\"854\" src=\"https:\/\/jundiai.sp.gov.br\/noticias\/wp-content\/uploads\/sites\/32\/2024\/12\/projeto_vovo_bem_vindo_pa-80-1280x854.jpg\" alt=\"\" class=\"wp-image-350301\" srcset=\"https:\/\/jundiai.sp.gov.br\/noticias\/wp-content\/uploads\/sites\/32\/2024\/12\/projeto_vovo_bem_vindo_pa-80-1280x854.jpg 1280w, https:\/\/jundiai.sp.gov.br\/noticias\/wp-content\/uploads\/sites\/32\/2024\/12\/projeto_vovo_bem_vindo_pa-80-300x200.jpg 300w, https:\/\/jundiai.sp.gov.br\/noticias\/wp-content\/uploads\/sites\/32\/2024\/12\/projeto_vovo_bem_vindo_pa-80-768x512.jpg 768w, https:\/\/jundiai.sp.gov.br\/noticias\/wp-content\/uploads\/sites\/32\/2024\/12\/projeto_vovo_bem_vindo_pa-80-1536x1024.jpg 1536w, https:\/\/jundiai.sp.gov.br\/noticias\/wp-content\/uploads\/sites\/32\/2024\/12\/projeto_vovo_bem_vindo_pa-80-450x300.jpg 450w, https:\/\/jundiai.sp.gov.br\/noticias\/wp-content\/uploads\/sites\/32\/2024\/12\/projeto_vovo_bem_vindo_pa-80.jpg 1900w\" sizes=\"auto, (max-width: 1280px) 100vw, 1280px\" \/><figcaption class=\"wp-element-caption\">Programa \u201cVov\u00f4 bem-vindo\u201d tem passeio gratuito para p\u00fablico 60+ nesta sexta (06)<\/figcaption><\/figure>\n<\/div>\n\n\n<p><strong>Assessoria de Imprensa<br>Foto: Fot\u00f3grafos PMJ<\/strong><\/p>\n","protected":false},"excerpt":{"rendered":"<p>Idosos a partir de 60 anos que residem em Jundia\u00ed podem se inscrever para o pr\u00f3ximo passeio do programa \u201cVov\u00f4 Bem-Vindo\u201d, promovido pela Prefeitura de Jundia\u00ed por meio da Unidade de Agroneg\u00f3cio, Abastecimento e Turismo (UGAAT). O passeio ocorrer\u00e1 nesta sexta-feira (06) e incluir\u00e1 uma visita ao Museu Solar do Bar\u00e3o e \u00e0 Adega Marquesim. [&hellip;]<\/p>\n","protected":false},"author":100,"featured_media":350301,"comment_status":"closed","ping_status":"0","sticky":false,"template":"","format":"standard","meta":{"footnotes":""},"categories":[4620,2],"tags":[974,2339],"ods":[],"class_list":["post-350297","post","type-post","status-publish","format-standard","has-post-thumbnail","hentry","category-destaques","category-noticias","tag-agronegocio-abastecimento-e-turismo","tag-vovo-bem-vindo"],"_links":{"self":[{"href":"https:\/\/jundiai.sp.gov.br\/noticias\/wp-json\/wp\/v2\/posts\/350297","targetHints":{"allow":["GET"]}}],"collection":[{"href":"https:\/\/jundiai.sp.gov.br\/noticias\/wp-json\/wp\/v2\/posts"}],"about":[{"href":"https:\/\/jundiai.sp.gov.br\/noticias\/wp-json\/wp\/v2\/types\/post"}],"author":[{"embeddable":true,"href":"https:\/\/jundiai.sp.gov.br\/noticias\/wp-json\/wp\/v2\/users\/100"}],"replies":[{"embeddable":true,"href":"https:\/\/jundiai.sp.gov.br\/noticias\/wp-json\/wp\/v2\/comments?post=350297"}],"version-history":[{"count":9,"href":"https:\/\/jundiai.sp.gov.br\/noticias\/wp-json\/wp\/v2\/posts\/350297\/revisions"}],"predecessor-version":[{"id":350309,"href":"https:\/\/jundiai.sp.gov.br\/noticias\/wp-json\/wp\/v2\/posts\/350297\/revisions\/350309"}],"wp:featuredmedia":[{"embeddable":true,"href":"https:\/\/jundiai.sp.gov.br\/noticias\/wp-json\/wp\/v2\/media\/350301"}],"wp:attachment":[{"href":"https:\/\/jundiai.sp.gov.br\/noticias\/wp-json\/wp\/v2\/media?parent=350297"}],"wp:term":[{"taxonomy":"category","embeddable":true,"href":"https:\/\/jundiai.sp.gov.br\/noticias\/wp-json\/wp\/v2\/categories?post=350297"},{"taxonomy":"post_tag","embeddable":true,"href":"https:\/\/jundiai.sp.gov.br\/noticias\/wp-json\/wp\/v2\/tags?post=350297"},{"taxonomy":"ods","embeddable":true,"href":"https:\/\/jundiai.sp.gov.br\/noticias\/wp-json\/wp\/v2\/ods?post=350297"}],"curies":[{"name":"wp","href":"https:\/\/api.w.org\/{rel}","templated":true}]}}