{"id":350439,"date":"2024-12-07T08:00:00","date_gmt":"2024-12-07T11:00:00","guid":{"rendered":"https:\/\/jundiai.sp.gov.br\/noticias\/?p=350439"},"modified":"2024-12-06T16:34:58","modified_gmt":"2024-12-06T19:34:58","slug":"estrategias-sao-reforcadas-para-enfrentamento-da-dengue","status":"publish","type":"post","link":"https:\/\/jundiai.sp.gov.br\/noticias\/2024\/12\/07\/estrategias-sao-reforcadas-para-enfrentamento-da-dengue\/","title":{"rendered":"Estrat\u00e9gias s\u00e3o refor\u00e7adas para enfrentamento da dengue"},"content":{"rendered":"\n<p>Um panorama sobre a dengue foi apresentado aos m\u00e9dicos e aos enfermeiros da Unidade de Gest\u00e3o de Promo\u00e7\u00e3o da Sa\u00fade (UGSP), em encontro realizado nesta semana. Para n\u00e3o repetir o cen\u00e1rio deste ano, o Munic\u00edpio refor\u00e7a estrat\u00e9gias para o enfrentamento e o combate \u00e0 doen\u00e7a.<br><br>Conforme o \u00faltimo Boletim de Arboviroses, a cidade acumula 22.723 casos de dengue, com 16 mortes. Entre fevereiro e maio, foram 21.158 ocorr\u00eancias. Em abril, no pico da pandemia, 8.365 pessoas adoeceram.<br><br>\u201cDurante a pior fase, tanto os equipamentos de sa\u00fade da Aten\u00e7\u00e3o B\u00e1sica como os da Urg\u00eancia e Emerg\u00eancia, diariamente, acolheram um elevado n\u00famero de pessoas e muitas com o quadro agravado. Para 2025, as perspectivas n\u00e3o s\u00e3o positivas, sendo fundamental nos prepararmos para garantir assist\u00eancia completa e em tempo oportuno\u201d, enfatizou a coordenadora da Vigil\u00e2ncia Epidemiol\u00f3gica (VE), enfermeira Maria do Carmo Possidente.<\/p>\n\n\n\n<figure class=\"wp-block-image size-large\"><img loading=\"lazy\" decoding=\"async\" width=\"1280\" height=\"854\" src=\"https:\/\/jundiai.sp.gov.br\/noticias\/wp-content\/uploads\/sites\/32\/2024\/12\/palestra_visam_dengue_faculdade_de_medicina_pa-13-1280x854.jpg\" alt=\"\" class=\"wp-image-350442\" srcset=\"https:\/\/jundiai.sp.gov.br\/noticias\/wp-content\/uploads\/sites\/32\/2024\/12\/palestra_visam_dengue_faculdade_de_medicina_pa-13-1280x854.jpg 1280w, https:\/\/jundiai.sp.gov.br\/noticias\/wp-content\/uploads\/sites\/32\/2024\/12\/palestra_visam_dengue_faculdade_de_medicina_pa-13-300x200.jpg 300w, https:\/\/jundiai.sp.gov.br\/noticias\/wp-content\/uploads\/sites\/32\/2024\/12\/palestra_visam_dengue_faculdade_de_medicina_pa-13-768x512.jpg 768w, https:\/\/jundiai.sp.gov.br\/noticias\/wp-content\/uploads\/sites\/32\/2024\/12\/palestra_visam_dengue_faculdade_de_medicina_pa-13-1536x1024.jpg 1536w, https:\/\/jundiai.sp.gov.br\/noticias\/wp-content\/uploads\/sites\/32\/2024\/12\/palestra_visam_dengue_faculdade_de_medicina_pa-13-450x300.jpg 450w, https:\/\/jundiai.sp.gov.br\/noticias\/wp-content\/uploads\/sites\/32\/2024\/12\/palestra_visam_dengue_faculdade_de_medicina_pa-13.jpg 1900w\" sizes=\"auto, (max-width: 1280px) 100vw, 1280px\" \/><figcaption class=\"wp-element-caption\">Ana L\u00facia destacou a situa\u00e7\u00e3o epidemiol\u00f3gica e alertou a necessidade de mobiliza\u00e7\u00e3o<\/figcaption><\/figure>\n\n\n\n<p>A preocupa\u00e7\u00e3o com uma nova epidemia se justifica por conta da quantidade de criadouros do mosquito Aedes aegypti, que tamb\u00e9m transmite as arboviroses zika e chikungunya, ainda encontrada nos im\u00f3veis.<br><br>\u201cSeguimos com as a\u00e7\u00f5es rotineiras refor\u00e7adas e, em todas as visitas, localizamos recipientes com \u00e1gua parada dentro das resid\u00eancias. O prato de vaso continua sendo o principal criadouro. N\u00e3o podemos esquecer que as oscila\u00e7\u00f5es clim\u00e1ticas favorecem o ciclo do Aedes e o v\u00edrus est\u00e1 em circula\u00e7\u00e3o. Al\u00e9m de preparar a rede, continuaremos atuando junto \u00e0 popula\u00e7\u00e3o para cada um fazer a sua parte. Se n\u00e3o houver mobiliza\u00e7\u00e3o, a situa\u00e7\u00e3o nos pr\u00f3ximos meses ser\u00e1 semelhante ao que enfrentamos neste ano\u201d, ressaltou a gerente da Vigil\u00e2ncia em Sa\u00fade Ambiental (VISAM), biom\u00e9dica Ana L\u00facia de Castro Silva.<br><br><strong>Vacina\u00e7\u00e3o<\/strong><br>Outro ponto abordado como prioridade foi a amplia\u00e7\u00e3o da cobertura vacinal contra a dengue. Desde junho, o imunizante est\u00e1 dispon\u00edvel para crian\u00e7as e adolescentes entre 10 e 14 anos. At\u00e9 o momento, foram aplicadas na cidade apenas 2.493 primeiras doses da vacina (9,76% de cobertura) e 842 segundas doses (3,30%). A popula\u00e7\u00e3o estimada \u00e9 de 25.548 pessoas.<br><br>\u201cA vacina visa reduzir as complica\u00e7\u00f5es da doen\u00e7a, que levam \u00e0 hospitaliza\u00e7\u00e3o e ao \u00f3bito. O Minist\u00e9rio da Sa\u00fade determinou essa faixa et\u00e1ria, porque \u00e9 o grupo que apresentou o maior n\u00famero de interna\u00e7\u00f5es\u201d, acrescentou Maria do Carmo.<br><br>O imunizante \u00e9 aplicado em todas as Unidades B\u00e1sicas de Sa\u00fade (UBSs) e Cl\u00ednicas da Fam\u00edlia, de segunda a sexta-feira. O hor\u00e1rio deve ser consultado em cada equipamento de sa\u00fade. <a href=\"https:\/\/jundiai.sp.gov.br\/saude\/rede-de-atendimento\/rede-completa-de-atendimento\/\">CONFIRA OS ENDERE\u00c7OS<\/a><br><br>O esquema vacinal \u00e9 de duas doses com intervalo de tr\u00eas meses entre elas. Al\u00e9m de estar acompanhado de um respons\u00e1vel, as crian\u00e7as e\/ou adolescentes devem apresentar a carteirinha de vacina\u00e7\u00e3o e um documento de identidade com CPF, e n\u00e3o ter sido diagnosticado com dengue nos \u00faltimos seis meses.<br><br><strong>Assessoria de Imprensa<br>Foto:  Fot\u00f3grafos PMJ <\/strong><\/p>\n","protected":false},"excerpt":{"rendered":"<p>Um panorama sobre a dengue foi apresentado aos m\u00e9dicos e aos enfermeiros da Unidade de Gest\u00e3o de Promo\u00e7\u00e3o da Sa\u00fade (UGSP), em encontro realizado nesta semana. Para n\u00e3o repetir o cen\u00e1rio deste ano, o Munic\u00edpio refor\u00e7a estrat\u00e9gias para o enfrentamento e o combate \u00e0 doen\u00e7a. Conforme o \u00faltimo Boletim de Arboviroses, a cidade acumula 22.723 [&hellip;]<\/p>\n","protected":false},"author":50,"featured_media":350443,"comment_status":"closed","ping_status":"0","sticky":false,"template":"","format":"standard","meta":{"footnotes":""},"categories":[2],"tags":[4484,24,981,1531,317],"ods":[],"class_list":["post-350439","post","type-post","status-publish","format-standard","has-post-thumbnail","hentry","category-noticias","tag-boletim-arboviroses","tag-dengue","tag-promocao-da-saude","tag-vigilancia-em-saude-ambiental","tag-vigilancia-epidemiologica"],"_links":{"self":[{"href":"https:\/\/jundiai.sp.gov.br\/noticias\/wp-json\/wp\/v2\/posts\/350439","targetHints":{"allow":["GET"]}}],"collection":[{"href":"https:\/\/jundiai.sp.gov.br\/noticias\/wp-json\/wp\/v2\/posts"}],"about":[{"href":"https:\/\/jundiai.sp.gov.br\/noticias\/wp-json\/wp\/v2\/types\/post"}],"author":[{"embeddable":true,"href":"https:\/\/jundiai.sp.gov.br\/noticias\/wp-json\/wp\/v2\/users\/50"}],"replies":[{"embeddable":true,"href":"https:\/\/jundiai.sp.gov.br\/noticias\/wp-json\/wp\/v2\/comments?post=350439"}],"version-history":[{"count":5,"href":"https:\/\/jundiai.sp.gov.br\/noticias\/wp-json\/wp\/v2\/posts\/350439\/revisions"}],"predecessor-version":[{"id":350447,"href":"https:\/\/jundiai.sp.gov.br\/noticias\/wp-json\/wp\/v2\/posts\/350439\/revisions\/350447"}],"wp:featuredmedia":[{"embeddable":true,"href":"https:\/\/jundiai.sp.gov.br\/noticias\/wp-json\/wp\/v2\/media\/350443"}],"wp:attachment":[{"href":"https:\/\/jundiai.sp.gov.br\/noticias\/wp-json\/wp\/v2\/media?parent=350439"}],"wp:term":[{"taxonomy":"category","embeddable":true,"href":"https:\/\/jundiai.sp.gov.br\/noticias\/wp-json\/wp\/v2\/categories?post=350439"},{"taxonomy":"post_tag","embeddable":true,"href":"https:\/\/jundiai.sp.gov.br\/noticias\/wp-json\/wp\/v2\/tags?post=350439"},{"taxonomy":"ods","embeddable":true,"href":"https:\/\/jundiai.sp.gov.br\/noticias\/wp-json\/wp\/v2\/ods?post=350439"}],"curies":[{"name":"wp","href":"https:\/\/api.w.org\/{rel}","templated":true}]}}