{"id":350467,"date":"2024-12-07T15:53:08","date_gmt":"2024-12-07T18:53:08","guid":{"rendered":"https:\/\/jundiai.sp.gov.br\/noticias\/?p=350467"},"modified":"2024-12-09T09:40:00","modified_gmt":"2024-12-09T12:40:00","slug":"2a-festival-da-economia-criativa-de-jundiai-fortaleze-talentos-locais","status":"publish","type":"post","link":"https:\/\/jundiai.sp.gov.br\/noticias\/2024\/12\/07\/2a-festival-da-economia-criativa-de-jundiai-fortaleze-talentos-locais\/","title":{"rendered":"2\u00aa Festival da Economia Criativa de Jundia\u00ed fortalece talentos locais"},"content":{"rendered":"\n<p>A 2\u00aa edi\u00e7\u00e3o do Festival da Economia Criativa de Jundia\u00ed est\u00e1 acontecendo hoje (06), no Complexo Argos, e j\u00e1 \u00e9 um verdadeiro sucesso! Com uma programa\u00e7\u00e3o cheia de atra\u00e7\u00f5es e a presen\u00e7a de mais de 100 criativos, o evento segue at\u00e9 as 20h, reunindo cultura, empreendedorismo e muita criatividade em um s\u00f3 lugar.<\/p>\n\n\n\n<p>Os criativos, vindos de diferentes \u00e1reas, est\u00e3o oferecendo produtos \u00fanicos que v\u00e3o desde artesanato a comidas e doces, tornando o festival uma excelente oportunidade para antecipar as compras de Natal com op\u00e7\u00f5es exclusivas e cheias de significado. Al\u00e9m de incentivar a economia local, o evento promove a gera\u00e7\u00e3o de renda direta, transformando o talento em sustento para muitas fam\u00edlias.<\/p>\n\n\n\n<p>A programa\u00e7\u00e3o cultural do festival \u00e9 um show \u00e0 parte, com atra\u00e7\u00f5es para todos os gostos. Entre apresenta\u00e7\u00f5es musicais, performances art\u00edsticas e momentos de descontra\u00e7\u00e3o como o Desfile Pet, o evento oferece uma experi\u00eancia completa, cheia de energia e diversidade.<\/p>\n\n\n\n<p>A superintendente da FTVTEC, M\u00f4nica Gropelo, destacou a import\u00e2ncia do evento. &#8220;\u00c9 uma alegria enorme estarmos reunidos no 2\u00ba Festival da Economia Criativa. Esse movimento transforma vidas, inspira pessoas e faz tudo acontecer. Al\u00e9m disso, o dia est\u00e1 repleto de cursos e oficinas que unem criatividade e comunica\u00e7\u00e3o, mostrando que aqui tudo se conecta, abrindo horizontes para o sucesso.&#8221;<\/p>\n\n\n\n<p>Participando pela primeira vez do Galp\u00e3o Criativo, Marlucy Fontenele, da Eva Botanique, compartilhou sua satisfa\u00e7\u00e3o com a experi\u00eancia. &#8220;Est\u00e1 sendo muito positivo! Conhecemos novas pessoas, temos a chance de divulgar nossos produtos para um p\u00fablico diferente. As pessoas passam, se interessam e querem saber mais. \u00c9, sem d\u00favida, uma \u00f3tima oportunidade&#8221;, afirma.<\/p>\n\n\n\n<p>Grasieli Pereira, da Brigaderia Carioca, tamb\u00e9m participa pela primeira vez como expositora no Galp\u00e3o Criativo. &#8220;\u00c9 uma proposta muito bacana! Morava no Rio de Janeiro, mas fui super bem acolhida em Jundia\u00ed e pelo Galp\u00e3o Criativo. As vendas t\u00eam me surpreendido bastante. As pessoas se interessam, perguntam sobre os sabores, os valores e, o melhor, compram!&#8221;, conta.<\/p>\n\n\n\n<figure class=\"wp-block-image size-large\"><img loading=\"lazy\" decoding=\"async\" width=\"957\" height=\"960\" src=\"https:\/\/jundiai.sp.gov.br\/noticias\/wp-content\/uploads\/sites\/32\/2024\/12\/whatsapp-image-2024-12-07-at-15-43-14-957x960.jpeg\" alt=\"\" class=\"wp-image-350470\" srcset=\"https:\/\/jundiai.sp.gov.br\/noticias\/wp-content\/uploads\/sites\/32\/2024\/12\/whatsapp-image-2024-12-07-at-15-43-14-957x960.jpeg 957w, https:\/\/jundiai.sp.gov.br\/noticias\/wp-content\/uploads\/sites\/32\/2024\/12\/whatsapp-image-2024-12-07-at-15-43-14-300x301.jpeg 300w, https:\/\/jundiai.sp.gov.br\/noticias\/wp-content\/uploads\/sites\/32\/2024\/12\/whatsapp-image-2024-12-07-at-15-43-14-100x100.jpeg 100w, https:\/\/jundiai.sp.gov.br\/noticias\/wp-content\/uploads\/sites\/32\/2024\/12\/whatsapp-image-2024-12-07-at-15-43-14-768x770.jpeg 768w, https:\/\/jundiai.sp.gov.br\/noticias\/wp-content\/uploads\/sites\/32\/2024\/12\/whatsapp-image-2024-12-07-at-15-43-14.jpeg 960w\" sizes=\"auto, (max-width: 957px) 100vw, 957px\" \/><figcaption class=\"wp-element-caption\">Estreando no Galp\u00e3o Criativo, Grasieli Pereira, da Brigaderia Carioca, est\u00e1 satisfeita com a oportunidade <\/figcaption><\/figure>\n\n\n\n<p>Cursos e Oficinas<\/p>\n\n\n\n<p>Na parte da manh\u00e3, a Escola de Economia Criativa realizou cursos gratuitos que ensinaram desde t\u00e9cnicas de maquiagem a estrat\u00e9gias de cria\u00e7\u00e3o de sites e cobertura de eventos em v\u00eddeo. Uma oportunidade de capacita\u00e7\u00e3o que atraiu diversos participantes em busca de novas habilidades.<\/p>\n\n\n\n<p>Com entrada e estacionamento gratuitos, al\u00e9m de ser pet friendly, o Festival da Economia Criativa celebra o talento local, conecta pessoas e inspira futuros empreendedores. N\u00e3o perca a chance de conferir o evento e apoiar a criatividade de Jundia\u00ed!<\/p>\n\n\n\n<figure class=\"wp-block-image size-large\"><img loading=\"lazy\" decoding=\"async\" width=\"1280\" height=\"960\" src=\"https:\/\/jundiai.sp.gov.br\/noticias\/wp-content\/uploads\/sites\/32\/2024\/12\/whatsapp-image-2024-12-07-at-15-43-14-1-1280x960.jpeg\" alt=\"\" class=\"wp-image-350471\" srcset=\"https:\/\/jundiai.sp.gov.br\/noticias\/wp-content\/uploads\/sites\/32\/2024\/12\/whatsapp-image-2024-12-07-at-15-43-14-1-1280x960.jpeg 1280w, https:\/\/jundiai.sp.gov.br\/noticias\/wp-content\/uploads\/sites\/32\/2024\/12\/whatsapp-image-2024-12-07-at-15-43-14-1-300x225.jpeg 300w, https:\/\/jundiai.sp.gov.br\/noticias\/wp-content\/uploads\/sites\/32\/2024\/12\/whatsapp-image-2024-12-07-at-15-43-14-1-768x576.jpeg 768w, https:\/\/jundiai.sp.gov.br\/noticias\/wp-content\/uploads\/sites\/32\/2024\/12\/whatsapp-image-2024-12-07-at-15-43-14-1-1536x1152.jpeg 1536w, https:\/\/jundiai.sp.gov.br\/noticias\/wp-content\/uploads\/sites\/32\/2024\/12\/whatsapp-image-2024-12-07-at-15-43-14-1.jpeg 1600w\" sizes=\"auto, (max-width: 1280px) 100vw, 1280px\" \/><figcaption class=\"wp-element-caption\">O evento fica aberto at\u00e9 as 20h com v\u00e1rias atra\u00e7\u00f5es e mais de 100 criativos expondo no Galp\u00e3o Criativo<\/figcaption><\/figure>\n\n\n\n<p><strong>Assessoria de Imprensa<br>Foto: Fot\u00f3grafos PMJ<\/strong><\/p>\n\n\n\n<p><\/p>\n","protected":false},"excerpt":{"rendered":"<p>A 2\u00aa edi\u00e7\u00e3o do Festival da Economia Criativa de Jundia\u00ed est\u00e1 acontecendo hoje (06), no Complexo Argos, e j\u00e1 \u00e9 um verdadeiro sucesso! Com uma programa\u00e7\u00e3o cheia de atra\u00e7\u00f5es e a presen\u00e7a de mais de 100 criativos, o evento segue at\u00e9 as 20h, reunindo cultura, empreendedorismo e muita criatividade em um s\u00f3 lugar. Os criativos, [&hellip;]<\/p>\n","protected":false},"author":120,"featured_media":350469,"comment_status":"closed","ping_status":"0","sticky":false,"template":"","format":"standard","meta":{"footnotes":""},"categories":[2],"tags":[4716,1535,3718,1035],"ods":[],"class_list":["post-350467","post","type-post","status-publish","format-standard","has-post-thumbnail","hentry","category-noticias","tag-criativo","tag-economia","tag-galpao-criativo","tag-tvtec"],"_links":{"self":[{"href":"https:\/\/jundiai.sp.gov.br\/noticias\/wp-json\/wp\/v2\/posts\/350467","targetHints":{"allow":["GET"]}}],"collection":[{"href":"https:\/\/jundiai.sp.gov.br\/noticias\/wp-json\/wp\/v2\/posts"}],"about":[{"href":"https:\/\/jundiai.sp.gov.br\/noticias\/wp-json\/wp\/v2\/types\/post"}],"author":[{"embeddable":true,"href":"https:\/\/jundiai.sp.gov.br\/noticias\/wp-json\/wp\/v2\/users\/120"}],"replies":[{"embeddable":true,"href":"https:\/\/jundiai.sp.gov.br\/noticias\/wp-json\/wp\/v2\/comments?post=350467"}],"version-history":[{"count":3,"href":"https:\/\/jundiai.sp.gov.br\/noticias\/wp-json\/wp\/v2\/posts\/350467\/revisions"}],"predecessor-version":[{"id":350488,"href":"https:\/\/jundiai.sp.gov.br\/noticias\/wp-json\/wp\/v2\/posts\/350467\/revisions\/350488"}],"wp:featuredmedia":[{"embeddable":true,"href":"https:\/\/jundiai.sp.gov.br\/noticias\/wp-json\/wp\/v2\/media\/350469"}],"wp:attachment":[{"href":"https:\/\/jundiai.sp.gov.br\/noticias\/wp-json\/wp\/v2\/media?parent=350467"}],"wp:term":[{"taxonomy":"category","embeddable":true,"href":"https:\/\/jundiai.sp.gov.br\/noticias\/wp-json\/wp\/v2\/categories?post=350467"},{"taxonomy":"post_tag","embeddable":true,"href":"https:\/\/jundiai.sp.gov.br\/noticias\/wp-json\/wp\/v2\/tags?post=350467"},{"taxonomy":"ods","embeddable":true,"href":"https:\/\/jundiai.sp.gov.br\/noticias\/wp-json\/wp\/v2\/ods?post=350467"}],"curies":[{"name":"wp","href":"https:\/\/api.w.org\/{rel}","templated":true}]}}