{"id":350708,"date":"2024-12-30T07:32:24","date_gmt":"2024-12-30T10:32:24","guid":{"rendered":"https:\/\/jundiai.sp.gov.br\/noticias\/?p=350708"},"modified":"2024-12-13T11:27:21","modified_gmt":"2024-12-13T14:27:21","slug":"feiras-e-varejoes-de-jundiai-crescem-e-se-diversificam-ao-longo-de-oito-anos","status":"publish","type":"post","link":"https:\/\/jundiai.sp.gov.br\/noticias\/2024\/12\/30\/feiras-e-varejoes-de-jundiai-crescem-e-se-diversificam-ao-longo-de-oito-anos\/","title":{"rendered":"Feiras e varej\u00f5es de Jundia\u00ed crescem e se diversificam ao longo de oito anos"},"content":{"rendered":"\n<p>Em Jundia\u00ed, as feiras livres e os varej\u00f5es noturnos t\u00eam se consolidado como espa\u00e7os fundamentais para o abastecimento de alimentos frescos e a valoriza\u00e7\u00e3o dos pequenos produtores locais. Atualmente, a cidade conta com 34 feiras e varej\u00f5es, realizados diariamente em diferentes bairros, oferecendo produtos variados, desde hortali\u00e7as at\u00e9 itens de gastronomia, presentes e outros produtos de utilidade. Os servi\u00e7os s\u00e3o organizados e fiscalizados pela Prefeitura de Jundia\u00ed, por meio da Unidade de Gest\u00e3o de Agroneg\u00f3cio, Abastecimento e Turismo (UGAAT), que promoveu uma s\u00e9rie de inova\u00e7\u00f5es nos \u00faltimos oito anos, visando ampliar a acessibilidade e melhorar o atendimento. <\/p>\n\n\n\n<p>Entre as iniciativas destacam-se a cria\u00e7\u00e3o do Varej\u00e3o Noturno no Vetor Oeste (Parque do Cerrado), da Feira do Produtor no Pa\u00e7o Municipal e Feiras dentro de condom\u00ednios. Projetos como o Festival do Pastel de Feira e a institui\u00e7\u00e3o da Semana do Feirante tamb\u00e9m t\u00eam atra\u00eddo mais visitantes. Al\u00e9m disso, medidas como a isen\u00e7\u00e3o de taxas para produtores rurais, inclus\u00e3o de servi\u00e7os de recrea\u00e7\u00e3o infantil e a reorganiza\u00e7\u00e3o das feiras t\u00eam contribu\u00eddo para um ambiente mais organizado e inclusivo para os feirantes e consumidores. Em oito anos, o or\u00e7amento do setor de Abastecimento teve aumento de aumento de 465%.<\/p>\n\n\n<div class=\"wp-block-image\">\n<figure class=\"aligncenter size-large\"><img loading=\"lazy\" decoding=\"async\" width=\"1280\" height=\"854\" src=\"https:\/\/jundiai.sp.gov.br\/noticias\/wp-content\/uploads\/sites\/32\/2024\/12\/feira-livre-frutas-cereais-laticinios-e-legumes-ceia-de-natal_fm_-108-1280x854.jpg\" alt=\"\" class=\"wp-image-350717\" srcset=\"https:\/\/jundiai.sp.gov.br\/noticias\/wp-content\/uploads\/sites\/32\/2024\/12\/feira-livre-frutas-cereais-laticinios-e-legumes-ceia-de-natal_fm_-108-1280x854.jpg 1280w, https:\/\/jundiai.sp.gov.br\/noticias\/wp-content\/uploads\/sites\/32\/2024\/12\/feira-livre-frutas-cereais-laticinios-e-legumes-ceia-de-natal_fm_-108-300x200.jpg 300w, https:\/\/jundiai.sp.gov.br\/noticias\/wp-content\/uploads\/sites\/32\/2024\/12\/feira-livre-frutas-cereais-laticinios-e-legumes-ceia-de-natal_fm_-108-768x512.jpg 768w, https:\/\/jundiai.sp.gov.br\/noticias\/wp-content\/uploads\/sites\/32\/2024\/12\/feira-livre-frutas-cereais-laticinios-e-legumes-ceia-de-natal_fm_-108-1536x1024.jpg 1536w, https:\/\/jundiai.sp.gov.br\/noticias\/wp-content\/uploads\/sites\/32\/2024\/12\/feira-livre-frutas-cereais-laticinios-e-legumes-ceia-de-natal_fm_-108-450x300.jpg 450w, https:\/\/jundiai.sp.gov.br\/noticias\/wp-content\/uploads\/sites\/32\/2024\/12\/feira-livre-frutas-cereais-laticinios-e-legumes-ceia-de-natal_fm_-108.jpg 1900w\" sizes=\"auto, (max-width: 1280px) 100vw, 1280px\" \/><figcaption class=\"wp-element-caption\"> Feiras e varej\u00f5es de Jundia\u00ed crescem e se diversificam ao longo de oito anos<\/figcaption><\/figure>\n<\/div>\n\n\n<p>A fiscaliza\u00e7\u00e3o \u00e9 outro ponto de destaque. Agentes municipais fiscalizam diariamente os permission\u00e1rios em todas as feiras, enquanto co\u00edbem o com\u00e9rcio irregular. &#8220;Esse trabalho que desenvolvemos ao longo dos \u00faltimos anos refor\u00e7a a confian\u00e7a dos consumidores, pois adquirir produtos de feirantes licenciados garante qualidade e seguran\u00e7a. A expans\u00e3o que fizemos reflete o compromisso da cidade em unir tradi\u00e7\u00e3o e inova\u00e7\u00e3o, garantindo um servi\u00e7o essencial para a comunidade\u201d, afirma o gestor da UGAAT, Eduardo Alvarez.<\/p>\n\n\n\n<p>Al\u00e9m de hortali\u00e7as e frutas, as feiras oferecem uma diversidade de produtos que inclui doces, latic\u00ednios, flores, artesanato e servi\u00e7os como conserto de utens\u00edlios e chaveiro. A gastronomia tamb\u00e9m \u00e9 um atrativo, com past\u00e9is criativos que surpreendem os visitantes. Sabores inovadores, que v\u00e3o do tradicional ao ex\u00f3tico, s\u00e3o um sucesso entre os frequentadores. Tamb\u00e9m \u00e9 poss\u00edvel encontrar os tradicionais frango e polenta fritos, tapioca, caldo de cana, \u00e1gua de coco, milho e derivados, entre outros.<\/p>\n\n\n<div class=\"wp-block-image\">\n<figure class=\"aligncenter size-full\"><img loading=\"lazy\" decoding=\"async\" width=\"1280\" height=\"854\" src=\"https:\/\/jundiai.sp.gov.br\/noticias\/wp-content\/uploads\/sites\/32\/2024\/12\/festival_do_pastel_de_feira_pa-30-1280x854-1.jpg\" alt=\"\" class=\"wp-image-350718\" srcset=\"https:\/\/jundiai.sp.gov.br\/noticias\/wp-content\/uploads\/sites\/32\/2024\/12\/festival_do_pastel_de_feira_pa-30-1280x854-1.jpg 1280w, https:\/\/jundiai.sp.gov.br\/noticias\/wp-content\/uploads\/sites\/32\/2024\/12\/festival_do_pastel_de_feira_pa-30-1280x854-1-300x200.jpg 300w, https:\/\/jundiai.sp.gov.br\/noticias\/wp-content\/uploads\/sites\/32\/2024\/12\/festival_do_pastel_de_feira_pa-30-1280x854-1-768x512.jpg 768w, https:\/\/jundiai.sp.gov.br\/noticias\/wp-content\/uploads\/sites\/32\/2024\/12\/festival_do_pastel_de_feira_pa-30-1280x854-1-450x300.jpg 450w\" sizes=\"auto, (max-width: 1280px) 100vw, 1280px\" \/><figcaption class=\"wp-element-caption\">Festival do Pastel de Feira faz sucesso entre os visitantes<\/figcaption><\/figure>\n<\/div>\n\n\n<figure class=\"wp-block-gallery has-nested-images columns-default is-cropped wp-block-gallery-1 is-layout-flex wp-block-gallery-is-layout-flex\">\n<figure class=\"wp-block-image size-large\"><img loading=\"lazy\" decoding=\"async\" width=\"1280\" height=\"854\" data-id=\"350721\" src=\"https:\/\/jundiai.sp.gov.br\/noticias\/wp-content\/uploads\/sites\/32\/2024\/12\/feira-livre_eloy-chaves_barraca-pastel-m-s-6-1280x854-1.jpg\" alt=\"\" class=\"wp-image-350721\" srcset=\"https:\/\/jundiai.sp.gov.br\/noticias\/wp-content\/uploads\/sites\/32\/2024\/12\/feira-livre_eloy-chaves_barraca-pastel-m-s-6-1280x854-1.jpg 1280w, https:\/\/jundiai.sp.gov.br\/noticias\/wp-content\/uploads\/sites\/32\/2024\/12\/feira-livre_eloy-chaves_barraca-pastel-m-s-6-1280x854-1-300x200.jpg 300w, https:\/\/jundiai.sp.gov.br\/noticias\/wp-content\/uploads\/sites\/32\/2024\/12\/feira-livre_eloy-chaves_barraca-pastel-m-s-6-1280x854-1-768x512.jpg 768w, https:\/\/jundiai.sp.gov.br\/noticias\/wp-content\/uploads\/sites\/32\/2024\/12\/feira-livre_eloy-chaves_barraca-pastel-m-s-6-1280x854-1-450x300.jpg 450w\" sizes=\"auto, (max-width: 1280px) 100vw, 1280px\" \/><figcaption class=\"wp-element-caption\">Alimentos fresquinhos nas feiras livres de Jundia\u00ed<\/figcaption><\/figure>\n\n\n\n<figure class=\"wp-block-image size-large\"><img loading=\"lazy\" decoding=\"async\" width=\"1280\" height=\"854\" data-id=\"350722\" src=\"https:\/\/jundiai.sp.gov.br\/noticias\/wp-content\/uploads\/sites\/32\/2024\/12\/fiscalizacao-gm-nas-feiras-livres-48-1280x854.jpg\" alt=\"\" class=\"wp-image-350722\" srcset=\"https:\/\/jundiai.sp.gov.br\/noticias\/wp-content\/uploads\/sites\/32\/2024\/12\/fiscalizacao-gm-nas-feiras-livres-48-1280x854.jpg 1280w, https:\/\/jundiai.sp.gov.br\/noticias\/wp-content\/uploads\/sites\/32\/2024\/12\/fiscalizacao-gm-nas-feiras-livres-48-300x200.jpg 300w, https:\/\/jundiai.sp.gov.br\/noticias\/wp-content\/uploads\/sites\/32\/2024\/12\/fiscalizacao-gm-nas-feiras-livres-48-768x512.jpg 768w, https:\/\/jundiai.sp.gov.br\/noticias\/wp-content\/uploads\/sites\/32\/2024\/12\/fiscalizacao-gm-nas-feiras-livres-48-1536x1024.jpg 1536w, https:\/\/jundiai.sp.gov.br\/noticias\/wp-content\/uploads\/sites\/32\/2024\/12\/fiscalizacao-gm-nas-feiras-livres-48-450x300.jpg 450w, https:\/\/jundiai.sp.gov.br\/noticias\/wp-content\/uploads\/sites\/32\/2024\/12\/fiscalizacao-gm-nas-feiras-livres-48.jpg 1900w\" sizes=\"auto, (max-width: 1280px) 100vw, 1280px\" \/><figcaption class=\"wp-element-caption\">Trabalho dos Agentes de Fiscaliza\u00e7\u00e3o tamb\u00e9m \u00e9 elogiado por feirantes e consumidores<\/figcaption><\/figure>\n<\/figure>\n\n\n\n<p>\u201cCom 295 feirantes cadastrados, as feiras de Jundia\u00ed fortalecem n\u00e3o apenas o abastecimento, mas tamb\u00e9m o papel social e cultural. Esses espa\u00e7os s\u00e3o uma oportunidade para o consumidor adquirir produtos diretamente do produtor, fomentando a economia local e o encontro entre as pessoas&#8221;, lembrou a diretora de Abastecimento da Prefeitura, Georgea Casoti.<\/p>\n\n\n\n<p><strong>Assessoria de Imprensa<br>Fotos: Fot\u00f3grafos PMJ<\/strong><\/p>\n","protected":false},"excerpt":{"rendered":"<p>Em Jundia\u00ed, as feiras livres e os varej\u00f5es noturnos t\u00eam se consolidado como espa\u00e7os fundamentais para o abastecimento de alimentos frescos e a valoriza\u00e7\u00e3o dos pequenos produtores locais. Atualmente, a cidade conta com 34 feiras e varej\u00f5es, realizados diariamente em diferentes bairros, oferecendo produtos variados, desde hortali\u00e7as at\u00e9 itens de gastronomia, presentes e outros produtos [&hellip;]<\/p>\n","protected":false},"author":100,"featured_media":350724,"comment_status":"closed","ping_status":"0","sticky":false,"template":"","format":"standard","meta":{"footnotes":""},"categories":[2],"tags":[3169,974,1067,320],"ods":[4232],"class_list":["post-350708","post","type-post","status-publish","format-standard","has-post-thumbnail","hentry","category-noticias","tag-abastecimento","tag-agronegocio-abastecimento-e-turismo","tag-feira-livre","tag-varejao-noturno","ods-ods-12"],"_links":{"self":[{"href":"https:\/\/jundiai.sp.gov.br\/noticias\/wp-json\/wp\/v2\/posts\/350708","targetHints":{"allow":["GET"]}}],"collection":[{"href":"https:\/\/jundiai.sp.gov.br\/noticias\/wp-json\/wp\/v2\/posts"}],"about":[{"href":"https:\/\/jundiai.sp.gov.br\/noticias\/wp-json\/wp\/v2\/types\/post"}],"author":[{"embeddable":true,"href":"https:\/\/jundiai.sp.gov.br\/noticias\/wp-json\/wp\/v2\/users\/100"}],"replies":[{"embeddable":true,"href":"https:\/\/jundiai.sp.gov.br\/noticias\/wp-json\/wp\/v2\/comments?post=350708"}],"version-history":[{"count":14,"href":"https:\/\/jundiai.sp.gov.br\/noticias\/wp-json\/wp\/v2\/posts\/350708\/revisions"}],"predecessor-version":[{"id":350977,"href":"https:\/\/jundiai.sp.gov.br\/noticias\/wp-json\/wp\/v2\/posts\/350708\/revisions\/350977"}],"wp:featuredmedia":[{"embeddable":true,"href":"https:\/\/jundiai.sp.gov.br\/noticias\/wp-json\/wp\/v2\/media\/350724"}],"wp:attachment":[{"href":"https:\/\/jundiai.sp.gov.br\/noticias\/wp-json\/wp\/v2\/media?parent=350708"}],"wp:term":[{"taxonomy":"category","embeddable":true,"href":"https:\/\/jundiai.sp.gov.br\/noticias\/wp-json\/wp\/v2\/categories?post=350708"},{"taxonomy":"post_tag","embeddable":true,"href":"https:\/\/jundiai.sp.gov.br\/noticias\/wp-json\/wp\/v2\/tags?post=350708"},{"taxonomy":"ods","embeddable":true,"href":"https:\/\/jundiai.sp.gov.br\/noticias\/wp-json\/wp\/v2\/ods?post=350708"}],"curies":[{"name":"wp","href":"https:\/\/api.w.org\/{rel}","templated":true}]}}