{"id":350754,"date":"2024-12-27T08:00:00","date_gmt":"2024-12-27T11:00:00","guid":{"rendered":"https:\/\/jundiai.sp.gov.br\/noticias\/?p=350754"},"modified":"2024-12-17T13:15:08","modified_gmt":"2024-12-17T16:15:08","slug":"plano-de-mobilidade-urbana-e-destaque-em-jundiai","status":"publish","type":"post","link":"https:\/\/jundiai.sp.gov.br\/noticias\/2024\/12\/27\/plano-de-mobilidade-urbana-e-destaque-em-jundiai\/","title":{"rendered":"Plano de Mobilidade Urbana \u00e9 destaque em Jundia\u00ed"},"content":{"rendered":"\n<p>Entre as a\u00e7\u00f5es de maior destaque na Unidade de Gest\u00e3o de Mobilidade e Transporte (UGMT),  realizadas nos \u00faltimos anos, est\u00e1 a implanta\u00e7\u00e3o em 2022  do Plano de Mobilidade Urbana (PMJ), com avan\u00e7os significativos em mobilidade urbana de Jundia\u00ed<strong>. <\/strong>Criado com o intuito de ouvir a popula\u00e7\u00e3o com seus apontamentos e opini\u00f5es, indicar par\u00e2metros e a dire\u00e7\u00e3o adequada para trabalhos, projetos e programas, pensar em diferentes modos de transporte e a melhoria da acessibilidade e mobilidade da popula\u00e7\u00e3o em geral do nosso munic\u00edpio, o plano vem sendo utilizado como norteador de a\u00e7\u00f5es adotadas pela pasta.<\/p>\n\n\n\n<p>\u201cA Mobilidade Urbana \u00e9 um tema de extrema relev\u00e2ncia entre as maiores cidades do mundo, e em Jundia\u00ed n\u00e3o poderia ser diferente. Por isso, desde o in\u00edcio da nossa gest\u00e3o, essa tem sido a nossa premissa, investir em mais conforto, seguran\u00e7a e rapidez para que a popula\u00e7\u00e3o possa usufruir do que h\u00e1 de mais moderno\u201d, destaca o Prefeito Luiz Fernando Machado.<\/p>\n\n\n\n<p>\u201cO Plano de Mobilidade Urbana \u00e9 coerente com as propostas do Departamento de Engenharia de Mobilidade, sendo relevante para a execu\u00e7\u00e3o de a\u00e7\u00f5es que contenham problemas de tr\u00e2nsito, como a implanta\u00e7\u00e3o da infraestrutura ciclovi\u00e1ria (ciclofaixas\/ciclovias\/ciclorrotas), permitindo uma maior mobilidade da popula\u00e7\u00e3o\u201d, disse o diretor de Engenharia de Mobilidade, Leandro Pinheiro.<\/p>\n\n\n<div class=\"wp-block-image\">\n<figure class=\"aligncenter size-large\"><img loading=\"lazy\" decoding=\"async\" width=\"1280\" height=\"854\" src=\"https:\/\/jundiai.sp.gov.br\/noticias\/wp-content\/uploads\/sites\/32\/2024\/12\/programa_ugmt_amo_a_faixa_escolho_a_vida_travessia_segura_pa-14-1-1280x854.jpg\" alt=\"\" class=\"wp-image-350758\" srcset=\"https:\/\/jundiai.sp.gov.br\/noticias\/wp-content\/uploads\/sites\/32\/2024\/12\/programa_ugmt_amo_a_faixa_escolho_a_vida_travessia_segura_pa-14-1-1280x854.jpg 1280w, https:\/\/jundiai.sp.gov.br\/noticias\/wp-content\/uploads\/sites\/32\/2024\/12\/programa_ugmt_amo_a_faixa_escolho_a_vida_travessia_segura_pa-14-1-300x200.jpg 300w, https:\/\/jundiai.sp.gov.br\/noticias\/wp-content\/uploads\/sites\/32\/2024\/12\/programa_ugmt_amo_a_faixa_escolho_a_vida_travessia_segura_pa-14-1-768x512.jpg 768w, https:\/\/jundiai.sp.gov.br\/noticias\/wp-content\/uploads\/sites\/32\/2024\/12\/programa_ugmt_amo_a_faixa_escolho_a_vida_travessia_segura_pa-14-1-1536x1024.jpg 1536w, https:\/\/jundiai.sp.gov.br\/noticias\/wp-content\/uploads\/sites\/32\/2024\/12\/programa_ugmt_amo_a_faixa_escolho_a_vida_travessia_segura_pa-14-1-450x300.jpg 450w, https:\/\/jundiai.sp.gov.br\/noticias\/wp-content\/uploads\/sites\/32\/2024\/12\/programa_ugmt_amo_a_faixa_escolho_a_vida_travessia_segura_pa-14-1.jpg 1900w\" sizes=\"auto, (max-width: 1280px) 100vw, 1280px\" \/><figcaption class=\"wp-element-caption\">De olho na faixa s\u00e3o interven\u00e7\u00f5es posicionadas em locais estrat\u00e9gicos, especialmente perto das escolas.<\/figcaption><\/figure>\n<\/div>\n\n\n<p>De acordo com dados da Unidade de Gest\u00e3o de Governo e Finan\u00e7as, desde 2017, foram investidos cerca de R$ 70 milh\u00f5es em sinaliza\u00e7\u00e3o vertical e horizontal da cidade. Al\u00e9m disso, a atualiza\u00e7\u00e3o do sistema semaf\u00f3rico e de c\u00e2meras de monitoramento e identifica\u00e7\u00e3o de ocorr\u00eancias tamb\u00e9m fazem parte do pacote de melhorias para a seguran\u00e7a no tr\u00e2nsito, como as \u00e1reas da inf\u00e2ncia e as requalifica\u00e7\u00f5es de vias na regi\u00e3o central. <\/p>\n\n\n\n<p>J\u00e1 em termos de renova\u00e7\u00e3o da frota da unidade, foram investidos R$ 4,4 milh\u00f5es na aquisi\u00e7\u00e3o de 28 ve\u00edculos que atender\u00e3o \u00e0s equipes que realizam os atendimentos e manuten\u00e7\u00f5es nas vias municipais. De\u00a02017 a 2024, a Prefeitura de Jundia\u00ed entregou 168 novos \u00f4nibus, renovando a idade m\u00e9dia da frota em 3,3 anos, com um investimento superior a R$ 70 milh\u00f5es de reais. Cerca de 90 mil passageiros utilizam o transporte p\u00fablico diariamente, 265 \u00f4nibus com acessibilidade passaram a integrar a frota que opera em 97 linhas municipais do Sistema Integrado de Transporte Urbano (SITU), al\u00e9m da cria\u00e7\u00e3o de 16 novas linhas no per\u00edodo.<\/p>\n\n\n\n<p>Em Infraestrutura Ciclovi\u00e1ria, a cidade de Jundia\u00ed, at\u00e9 2022, contava com uma infraestrutura ciclovi\u00e1ria de 9 km, compreendidos entre ciclovias e ciclofaixas. Entre 2023 e 2024, foram implantados mais 10,72 km, totalizando 19,72 km. O Plano de Mobilidade Urbana de Jundia\u00ed contempla a constru\u00e7\u00e3o de 167 km de ciclofaixas\/ciclovias\/ciclorrotas. Hoje, o trajeto mais longo que existe na cidade \u00e9 a ciclovia da Avenida Antonio Pincinato, com 4,10 km em sua totalidade, tendo in\u00edcio na Rua Cacilda Becker, Bairro Recanto Quarto Centen\u00e1rio, at\u00e9 a Avenida Benedito Castilho de Andrade, Bairro Eloy Chaves.<\/p>\n\n\n\n<p>Com foco no programa Maio Amarelo<strong>, <\/strong>o conceito inovador do Urbanismo T\u00e1tico, e a\u00e7\u00f5es moderadoras do tr\u00e1fego refor\u00e7am a estrat\u00e9gia de proporcionar mobilidade segura e acess\u00edvel a baixo custo, com sinaliza\u00e7\u00e3o de solo e vertical adequadas para dar mais seguran\u00e7a a todos os usu\u00e1rios do sistema vi\u00e1rio, pedestres, ciclistas e condutores que transitam na regi\u00e3o, com faixas na cor lima-lim\u00e3o, coloca\u00e7\u00e3o de balizadores, amplia\u00e7\u00e3o de passeio com pintura da rua na cor verde bandeira, entre outras interven\u00e7\u00f5es posicionadas em locais estrat\u00e9gicos, especialmente no per\u00edmetros das escolas.<\/p>\n\n\n<div class=\"wp-block-image\">\n<figure class=\"aligncenter size-large\"><img loading=\"lazy\" decoding=\"async\" width=\"1280\" height=\"854\" src=\"https:\/\/jundiai.sp.gov.br\/noticias\/wp-content\/uploads\/sites\/32\/2024\/12\/53399533486_63ac24f1b6_o-1280x854.jpg\" alt=\"\" class=\"wp-image-350759\" srcset=\"https:\/\/jundiai.sp.gov.br\/noticias\/wp-content\/uploads\/sites\/32\/2024\/12\/53399533486_63ac24f1b6_o-1280x854.jpg 1280w, https:\/\/jundiai.sp.gov.br\/noticias\/wp-content\/uploads\/sites\/32\/2024\/12\/53399533486_63ac24f1b6_o-300x200.jpg 300w, https:\/\/jundiai.sp.gov.br\/noticias\/wp-content\/uploads\/sites\/32\/2024\/12\/53399533486_63ac24f1b6_o-768x512.jpg 768w, https:\/\/jundiai.sp.gov.br\/noticias\/wp-content\/uploads\/sites\/32\/2024\/12\/53399533486_63ac24f1b6_o-1536x1024.jpg 1536w, https:\/\/jundiai.sp.gov.br\/noticias\/wp-content\/uploads\/sites\/32\/2024\/12\/53399533486_63ac24f1b6_o-450x300.jpg 450w, https:\/\/jundiai.sp.gov.br\/noticias\/wp-content\/uploads\/sites\/32\/2024\/12\/53399533486_63ac24f1b6_o.jpg 1900w\" sizes=\"auto, (max-width: 1280px) 100vw, 1280px\" \/><figcaption class=\"wp-element-caption\">Jardim da Mobilidade, onde de forma l\u00fadica as crian\u00e7as aprendem sobre regras de um tr\u00e2nsito seguro<\/figcaption><\/figure>\n<\/div>\n\n\n<p>Outra marca que faz parte dos investimentos para a educa\u00e7\u00e3o  para o tr\u00e2nsito, em dezembro de 2023, foi inaugurado o Jardim da Mobilidade conta com \u00e1rea total de 3.675m\u00b2, \u00e1rea gramada de 1,2 mil m\u00b2, 250 metros de vias (espa\u00e7o para os pequenos motoristas), 312 metros de comprimento de ciclofaixa e ciclovia, 372 metros de passeio e 851m\u00b2 de asfalto onde as crian\u00e7as de forma l\u00fadica aprendem as regras e comportamentos de uma educa\u00e7\u00e3o para um tr\u00e2nsito mais seguro e com investimento total de R$ 1,260 milh\u00e3o. O objetivo do espa\u00e7o \u00e9 a forma\u00e7\u00e3o de futuros motoristas mais conscientes em rela\u00e7\u00e3o \u00e0 legisla\u00e7\u00e3o. <\/p>\n\n\n\n<p><strong> <\/strong>Ao longo dos anos, campanhas de educa\u00e7\u00e3o para o tr\u00e2nsito s\u00e3o realizadas constantemente em escolas e empresas, al\u00e9m das fiscaliza\u00e7\u00f5es por meio de blitz educativas\u00a0realizadas pelos agentes de tr\u00e2nsito da cidade, que tamb\u00e9m contribu\u00edram para a queda nos \u00edndices de \u00f3bitos, como o Maio Amarelo. Pinturas e sinaliza\u00e7\u00f5es vi\u00e1rias tamb\u00e9m fortaleceram o investimento feito pela UGMT, tudo isso contribuiu para Jundia\u00ed receber de forma consecutiva pelo Observat\u00f3rio Nacional de Seguran\u00e7a Vi\u00e1ria (ONSV), nos anos de 2022\/2023, o pr\u00eamio nacional \u201cCidade La\u00e7o Amarelo\u201d campanha que visa educar e reduzir sinistros relacionados a acidentes de tr\u00e2nsito.<\/p>\n\n\n<div class=\"wp-block-image\">\n<figure class=\"aligncenter size-large\"><img loading=\"lazy\" decoding=\"async\" width=\"1280\" height=\"960\" src=\"https:\/\/jundiai.sp.gov.br\/noticias\/wp-content\/uploads\/sites\/32\/2024\/12\/img-20240515-wa0010-2-1280x960.jpg\" alt=\"\" class=\"wp-image-350760\" srcset=\"https:\/\/jundiai.sp.gov.br\/noticias\/wp-content\/uploads\/sites\/32\/2024\/12\/img-20240515-wa0010-2-1280x960.jpg 1280w, https:\/\/jundiai.sp.gov.br\/noticias\/wp-content\/uploads\/sites\/32\/2024\/12\/img-20240515-wa0010-2-300x225.jpg 300w, https:\/\/jundiai.sp.gov.br\/noticias\/wp-content\/uploads\/sites\/32\/2024\/12\/img-20240515-wa0010-2-768x576.jpg 768w, https:\/\/jundiai.sp.gov.br\/noticias\/wp-content\/uploads\/sites\/32\/2024\/12\/img-20240515-wa0010-2-1536x1152.jpg 1536w, https:\/\/jundiai.sp.gov.br\/noticias\/wp-content\/uploads\/sites\/32\/2024\/12\/img-20240515-wa0010-2.jpg 1600w\" sizes=\"auto, (max-width: 1280px) 100vw, 1280px\" \/><figcaption class=\"wp-element-caption\">Ao longo do ano, campanhas de educa\u00e7\u00e3o para o tr\u00e2nsito s\u00e3o realizadas constantemente em escolas<\/figcaption><\/figure>\n<\/div>\n\n\n<p><strong><br>Assessoria de Imprensa<br>Fotos: Arquivos PMJ<\/strong><\/p>\n\n\n\n<p><\/p>\n","protected":false},"excerpt":{"rendered":"<p>Entre as a\u00e7\u00f5es de maior destaque na Unidade de Gest\u00e3o de Mobilidade e Transporte (UGMT), realizadas nos \u00faltimos anos, est\u00e1 a implanta\u00e7\u00e3o em 2022 do Plano de Mobilidade Urbana (PMJ), com avan\u00e7os significativos em mobilidade urbana de Jundia\u00ed. Criado com o intuito de ouvir a popula\u00e7\u00e3o com seus apontamentos e opini\u00f5es, indicar par\u00e2metros e a [&hellip;]<\/p>\n","protected":false},"author":113,"featured_media":350765,"comment_status":"closed","ping_status":"0","sticky":false,"template":"","format":"standard","meta":{"footnotes":""},"categories":[2],"tags":[982],"ods":[],"class_list":["post-350754","post","type-post","status-publish","format-standard","has-post-thumbnail","hentry","category-noticias","tag-mobilidade-e-transporte"],"_links":{"self":[{"href":"https:\/\/jundiai.sp.gov.br\/noticias\/wp-json\/wp\/v2\/posts\/350754","targetHints":{"allow":["GET"]}}],"collection":[{"href":"https:\/\/jundiai.sp.gov.br\/noticias\/wp-json\/wp\/v2\/posts"}],"about":[{"href":"https:\/\/jundiai.sp.gov.br\/noticias\/wp-json\/wp\/v2\/types\/post"}],"author":[{"embeddable":true,"href":"https:\/\/jundiai.sp.gov.br\/noticias\/wp-json\/wp\/v2\/users\/113"}],"replies":[{"embeddable":true,"href":"https:\/\/jundiai.sp.gov.br\/noticias\/wp-json\/wp\/v2\/comments?post=350754"}],"version-history":[{"count":11,"href":"https:\/\/jundiai.sp.gov.br\/noticias\/wp-json\/wp\/v2\/posts\/350754\/revisions"}],"predecessor-version":[{"id":351199,"href":"https:\/\/jundiai.sp.gov.br\/noticias\/wp-json\/wp\/v2\/posts\/350754\/revisions\/351199"}],"wp:featuredmedia":[{"embeddable":true,"href":"https:\/\/jundiai.sp.gov.br\/noticias\/wp-json\/wp\/v2\/media\/350765"}],"wp:attachment":[{"href":"https:\/\/jundiai.sp.gov.br\/noticias\/wp-json\/wp\/v2\/media?parent=350754"}],"wp:term":[{"taxonomy":"category","embeddable":true,"href":"https:\/\/jundiai.sp.gov.br\/noticias\/wp-json\/wp\/v2\/categories?post=350754"},{"taxonomy":"post_tag","embeddable":true,"href":"https:\/\/jundiai.sp.gov.br\/noticias\/wp-json\/wp\/v2\/tags?post=350754"},{"taxonomy":"ods","embeddable":true,"href":"https:\/\/jundiai.sp.gov.br\/noticias\/wp-json\/wp\/v2\/ods?post=350754"}],"curies":[{"name":"wp","href":"https:\/\/api.w.org\/{rel}","templated":true}]}}