{"id":350890,"date":"2024-12-13T11:59:26","date_gmt":"2024-12-13T14:59:26","guid":{"rendered":"https:\/\/jundiai.sp.gov.br\/noticias\/?p=350890"},"modified":"2024-12-13T11:59:26","modified_gmt":"2024-12-13T14:59:26","slug":"equipe-do-melhor-em-casa-realiza-passeio-com-pacientes-e-familiares-domiciliados","status":"publish","type":"post","link":"https:\/\/jundiai.sp.gov.br\/noticias\/2024\/12\/13\/equipe-do-melhor-em-casa-realiza-passeio-com-pacientes-e-familiares-domiciliados\/","title":{"rendered":"Equipe do Melhor em Casa realiza passeio com pacientes e familiares domiciliados"},"content":{"rendered":"\n<p>A equipe do Servi\u00e7o de Aten\u00e7\u00e3o Domiciliar de Jundia\u00ed \u2013 Programa Melhor em Casa \u2013 proporcionou um dia especial para pacientes e familiares, na \u00faltima quarta-feira (11). Os profissionais reuniram as fam\u00edlias para atividades no Parque da Cidade e no Mundo das Crian\u00e7as.<br><br>\u201cA ideia foi cuidar de quem cuida, al\u00e9m de proporcionar com que os pacientes e seus familiares possam sair juntos e, tamb\u00e9m, se integrem com outros para compartilhar experi\u00eancias. Muitas fam\u00edlias s\u00e3o domiciliadas, tendo pouca oportunidade de contato com a natureza, de confraternizar fora de casa. Com o apoio dos profissionais do servi\u00e7o, de diversas Unidades de Gest\u00e3o da Prefeitura e da administra\u00e7\u00e3o dos parques, pudemos vivenciar esse dia emocionante\u201d, ressaltou a m\u00e9dica pediatra do programa, Paula Consoline.<\/p>\n\n\n\n<figure class=\"wp-block-image size-large\"><img loading=\"lazy\" decoding=\"async\" width=\"1280\" height=\"854\" src=\"https:\/\/jundiai.sp.gov.br\/noticias\/wp-content\/uploads\/sites\/32\/2024\/12\/passeio_melhor_em_casa_pa-2-1280x854.jpg\" alt=\"\" class=\"wp-image-350891\" srcset=\"https:\/\/jundiai.sp.gov.br\/noticias\/wp-content\/uploads\/sites\/32\/2024\/12\/passeio_melhor_em_casa_pa-2-1280x854.jpg 1280w, https:\/\/jundiai.sp.gov.br\/noticias\/wp-content\/uploads\/sites\/32\/2024\/12\/passeio_melhor_em_casa_pa-2-300x200.jpg 300w, https:\/\/jundiai.sp.gov.br\/noticias\/wp-content\/uploads\/sites\/32\/2024\/12\/passeio_melhor_em_casa_pa-2-768x512.jpg 768w, https:\/\/jundiai.sp.gov.br\/noticias\/wp-content\/uploads\/sites\/32\/2024\/12\/passeio_melhor_em_casa_pa-2-1536x1024.jpg 1536w, https:\/\/jundiai.sp.gov.br\/noticias\/wp-content\/uploads\/sites\/32\/2024\/12\/passeio_melhor_em_casa_pa-2-450x300.jpg 450w, https:\/\/jundiai.sp.gov.br\/noticias\/wp-content\/uploads\/sites\/32\/2024\/12\/passeio_melhor_em_casa_pa-2.jpg 1900w\" sizes=\"auto, (max-width: 1280px) 100vw, 1280px\" \/><\/figure>\n\n\n\n<p>Ao todo, 35 pessoas participaram. Depois de uma roda de conversas, no  Parque da Cidade, sobre a import\u00e2ncia da sa\u00fade f\u00edsica e mental dos cuidadores e sobre plantas medicinais, animados, todos caminharam no Mundo das Crian\u00e7as.<br><br><strong>Programa<\/strong><br>Em Jundia\u00ed, o Servi\u00e7o de Aten\u00e7\u00e3o Domiciliar oferta a\u00e7\u00f5es em sa\u00fade para 110 pacientes em situa\u00e7\u00e3o de restri\u00e7\u00e3o ao leito ou ao lar de maneira tempor\u00e1ria ou definitiva. Atualmente, o programa conta com seis equipes multiprofissionais, sendo quatro compostas por m\u00e9dicos, enfermagem e fisioterapeuta e duas acrescidas de fonoaudi\u00f3logos, terapeutas ocupacionais, psic\u00f3logo, nutricionista e assistente social, que promovem nas resid\u00eancias tratamento oportuno, evitando a hospitaliza\u00e7\u00e3o.<br><br><strong>Assessoria de Imprensa<br>Foto: Fot\u00f3grafos PMJ <\/strong><\/p>\n","protected":false},"excerpt":{"rendered":"<p>A equipe do Servi\u00e7o de Aten\u00e7\u00e3o Domiciliar de Jundia\u00ed \u2013 Programa Melhor em Casa \u2013 proporcionou um dia especial para pacientes e familiares, na \u00faltima quarta-feira (11). Os profissionais reuniram as fam\u00edlias para atividades no Parque da Cidade e no Mundo das Crian\u00e7as. \u201cA ideia foi cuidar de quem cuida, al\u00e9m de proporcionar com que [&hellip;]<\/p>\n","protected":false},"author":50,"featured_media":350891,"comment_status":"closed","ping_status":"0","sticky":false,"template":"","format":"standard","meta":{"footnotes":""},"categories":[2],"tags":[4388,981,4387],"ods":[],"class_list":["post-350890","post","type-post","status-publish","format-standard","has-post-thumbnail","hentry","category-noticias","tag-melhor-em-casa","tag-promocao-da-saude","tag-servico-de-atencao-domiciliar"],"_links":{"self":[{"href":"https:\/\/jundiai.sp.gov.br\/noticias\/wp-json\/wp\/v2\/posts\/350890","targetHints":{"allow":["GET"]}}],"collection":[{"href":"https:\/\/jundiai.sp.gov.br\/noticias\/wp-json\/wp\/v2\/posts"}],"about":[{"href":"https:\/\/jundiai.sp.gov.br\/noticias\/wp-json\/wp\/v2\/types\/post"}],"author":[{"embeddable":true,"href":"https:\/\/jundiai.sp.gov.br\/noticias\/wp-json\/wp\/v2\/users\/50"}],"replies":[{"embeddable":true,"href":"https:\/\/jundiai.sp.gov.br\/noticias\/wp-json\/wp\/v2\/comments?post=350890"}],"version-history":[{"count":1,"href":"https:\/\/jundiai.sp.gov.br\/noticias\/wp-json\/wp\/v2\/posts\/350890\/revisions"}],"predecessor-version":[{"id":350892,"href":"https:\/\/jundiai.sp.gov.br\/noticias\/wp-json\/wp\/v2\/posts\/350890\/revisions\/350892"}],"wp:featuredmedia":[{"embeddable":true,"href":"https:\/\/jundiai.sp.gov.br\/noticias\/wp-json\/wp\/v2\/media\/350891"}],"wp:attachment":[{"href":"https:\/\/jundiai.sp.gov.br\/noticias\/wp-json\/wp\/v2\/media?parent=350890"}],"wp:term":[{"taxonomy":"category","embeddable":true,"href":"https:\/\/jundiai.sp.gov.br\/noticias\/wp-json\/wp\/v2\/categories?post=350890"},{"taxonomy":"post_tag","embeddable":true,"href":"https:\/\/jundiai.sp.gov.br\/noticias\/wp-json\/wp\/v2\/tags?post=350890"},{"taxonomy":"ods","embeddable":true,"href":"https:\/\/jundiai.sp.gov.br\/noticias\/wp-json\/wp\/v2\/ods?post=350890"}],"curies":[{"name":"wp","href":"https:\/\/api.w.org\/{rel}","templated":true}]}}