{"id":350913,"date":"2024-12-12T17:49:40","date_gmt":"2024-12-12T20:49:40","guid":{"rendered":"https:\/\/jundiai.sp.gov.br\/noticias\/?p=350913"},"modified":"2024-12-12T17:49:40","modified_gmt":"2024-12-12T20:49:40","slug":"368-anos-hsv-recebe-certificacoes-de-rede-integrada-e-centro-de-trauma","status":"publish","type":"post","link":"https:\/\/jundiai.sp.gov.br\/noticias\/2024\/12\/12\/368-anos-hsv-recebe-certificacoes-de-rede-integrada-e-centro-de-trauma\/","title":{"rendered":"368 anos: HSV recebe certifica\u00e7\u00f5es de Rede Integrada e Centro de Trauma"},"content":{"rendered":"\n<p>Nesta quinta-feira (12), o Hospital de Caridade S\u00e3o Vicente de Paulo (HSV) celebrou a conquista de duas certifica\u00e7\u00f5es de grande relev\u00e2ncia para a sa\u00fade: a Rede Integrada HSV\u2013PMJ e o reconhecimento como Centro do Trauma. O evento foi realizado como parte da programa\u00e7\u00e3o em comemora\u00e7\u00e3o ao anivers\u00e1rio de 368 anos da cidade e contou com a participa\u00e7\u00e3o de colaboradores do Hospital e da Prefeitura de Jundia\u00ed, bem como de autoridades e convidados.<\/p>\n\n\n\n<p>Na \u00e1rea da sa\u00fade, o conceito de Rede Integrada refere-se a um sistema organizado de unidades e servi\u00e7os que trabalham de forma coordenada e colaborativa para oferecer atendimento de qualidade e centrado no paciente. Nesta jornada, o processo envolveu o HSV \u2013 acompanhado de suas unidades de Pronto Atendimento, Ambulat\u00f3rios e Servi\u00e7o de Atendimento M\u00f3vel de Urg\u00eancia (SAMU) &#8211; e seis equipamentos da Aten\u00e7\u00e3o B\u00e1sica: Cl\u00ednica da Fam\u00edlia I Novo Horizonte, Cl\u00ednica da Fam\u00edlia II Novo Horizonte, Nova UBS Santa Gertrudes, Nova UBS Jardim do Lago, UBS Caxambu e UBS Esplanada. Ao final, a Rede Integrada HSV\u2013PMJ foi certificada em n\u00edveis diferentes, sendo os Ambulat\u00f3rios, PAs e UBSs Acreditados N\u00edvel 01 e o Hospital S\u00e3o Vicente e o SAMU Acreditados N\u00edvel 02.<\/p>\n\n\n\n<p>&#8220;Sa\u00fade de qualidade e com servi\u00e7o de excel\u00eancia s\u00e3o as metas da gest\u00e3o. Desde 2017, s\u00e3o planejados investimentos, com foco no Hospital S\u00e3o Vicente, refer\u00eancia em alta complexidade na Regi\u00e3o, e tamb\u00e9m em Ambulat\u00f3rios, Pronto Atendimentos e equipamentos da Aten\u00e7\u00e3o B\u00e1sica. Hoje, o HSV recebe duas certifica\u00e7\u00f5es que atestam a qualidade no atendimento prestado, incluindo a integra\u00e7\u00e3o com os servi\u00e7os de Sa\u00fade da Prefeitura de Jundia\u00ed. S\u00e3o reconhecimentos de institui\u00e7\u00f5es nacionais de refer\u00eancia que colocam a cidade em destaque a partir do servi\u00e7o p\u00fablico de um hospital centen\u00e1rio&#8221;, afirma o prefeito Luiz Fernando Machado.<\/p>\n\n\n\n<figure class=\"wp-block-image size-large\"><img loading=\"lazy\" decoding=\"async\" width=\"1280\" height=\"854\" src=\"https:\/\/jundiai.sp.gov.br\/noticias\/wp-content\/uploads\/sites\/32\/2024\/12\/entrega_certificados_hsv_jundiai_368_pa-43-1280x854.jpg\" alt=\"\" class=\"wp-image-350916\" srcset=\"https:\/\/jundiai.sp.gov.br\/noticias\/wp-content\/uploads\/sites\/32\/2024\/12\/entrega_certificados_hsv_jundiai_368_pa-43-1280x854.jpg 1280w, https:\/\/jundiai.sp.gov.br\/noticias\/wp-content\/uploads\/sites\/32\/2024\/12\/entrega_certificados_hsv_jundiai_368_pa-43-300x200.jpg 300w, https:\/\/jundiai.sp.gov.br\/noticias\/wp-content\/uploads\/sites\/32\/2024\/12\/entrega_certificados_hsv_jundiai_368_pa-43-768x512.jpg 768w, https:\/\/jundiai.sp.gov.br\/noticias\/wp-content\/uploads\/sites\/32\/2024\/12\/entrega_certificados_hsv_jundiai_368_pa-43-1536x1024.jpg 1536w, https:\/\/jundiai.sp.gov.br\/noticias\/wp-content\/uploads\/sites\/32\/2024\/12\/entrega_certificados_hsv_jundiai_368_pa-43-450x300.jpg 450w, https:\/\/jundiai.sp.gov.br\/noticias\/wp-content\/uploads\/sites\/32\/2024\/12\/entrega_certificados_hsv_jundiai_368_pa-43.jpg 1900w\" sizes=\"auto, (max-width: 1280px) 100vw, 1280px\" \/><figcaption class=\"wp-element-caption\">Gestor de Governo e Finan\u00e7as Jos\u00e9 Antonio Parimoschi enalteceu o trabalho desenvolvido pela rede de Sa\u00fade e HSV<\/figcaption><\/figure>\n\n\n\n<div class=\"wp-block-group is-nowrap is-layout-flex wp-container-core-group-is-layout-ad2f72ca wp-block-group-is-layout-flex\">\n<p>\u201cA conquista dessas certifica\u00e7\u00f5es \u00e9 um marco hist\u00f3rico para o Hospital S\u00e3o Vicente de Paulo e para a sa\u00fade de Jundia\u00ed. A Rede Integrada HSV\u2013PMJ destaca-se por ser a primeira no Brasil a receber uma certifica\u00e7\u00e3o que autoriza o controle estrat\u00e9gico entre todas as etapas do atendimento hospitalar. Essa conquista \u00e9 um reconhecimento do esfor\u00e7o conjunto de toda a equipe e reflete nosso compromisso com a excel\u00eancia. Com esse modelo, exercemos atua\u00e7\u00e3o de forma coordenada, promovendo uma colabora\u00e7\u00e3o interdisciplinar que eleva a qualidade e a efici\u00eancia no cuidado ao paciente. Isso refor\u00e7a o papel do HSV como refer\u00eancia em sa\u00fade, sempre buscando inova\u00e7\u00e3o e melhoria cont\u00ednua em benef\u00edcio da nossa comunidade\u201d, ressaltou o superintendente do HSV, Matheus Gomes.<\/p>\n<\/div>\n\n\n\n<p>\u201cNos unimos em prol do cidad\u00e3o e isso fez toda a diferen\u00e7a na sa\u00fade p\u00fablica de Jundia\u00ed. As certifica\u00e7\u00f5es que recebemos hoje s\u00e3o motivos de grande felicidade e orgulho. Agrade\u00e7o a todos que fazem parte dessa rede, pela dedica\u00e7\u00e3o, e ao Matheus e ao Hospital, pela confian\u00e7a e parceria junto \u00e0 gest\u00e3o municipal. Parab\u00e9ns a todos e parab\u00e9ns, Jundia\u00ed\u201d, afirmou a gestora-adjunta de Promo\u00e7\u00e3o da Sa\u00fade (UGPS), Dr\u00aa Dayane Martins.<\/p>\n\n\n\n<figure class=\"wp-block-image size-large\"><img loading=\"lazy\" decoding=\"async\" width=\"1280\" height=\"854\" src=\"https:\/\/jundiai.sp.gov.br\/noticias\/wp-content\/uploads\/sites\/32\/2024\/12\/entrega_certificados_hsv_jundiai_368_pa-79-1-1280x854.jpg\" alt=\"\" class=\"wp-image-350918\" srcset=\"https:\/\/jundiai.sp.gov.br\/noticias\/wp-content\/uploads\/sites\/32\/2024\/12\/entrega_certificados_hsv_jundiai_368_pa-79-1-1280x854.jpg 1280w, https:\/\/jundiai.sp.gov.br\/noticias\/wp-content\/uploads\/sites\/32\/2024\/12\/entrega_certificados_hsv_jundiai_368_pa-79-1-300x200.jpg 300w, https:\/\/jundiai.sp.gov.br\/noticias\/wp-content\/uploads\/sites\/32\/2024\/12\/entrega_certificados_hsv_jundiai_368_pa-79-1-768x512.jpg 768w, https:\/\/jundiai.sp.gov.br\/noticias\/wp-content\/uploads\/sites\/32\/2024\/12\/entrega_certificados_hsv_jundiai_368_pa-79-1-1536x1024.jpg 1536w, https:\/\/jundiai.sp.gov.br\/noticias\/wp-content\/uploads\/sites\/32\/2024\/12\/entrega_certificados_hsv_jundiai_368_pa-79-1-450x300.jpg 450w, https:\/\/jundiai.sp.gov.br\/noticias\/wp-content\/uploads\/sites\/32\/2024\/12\/entrega_certificados_hsv_jundiai_368_pa-79-1.jpg 1900w\" sizes=\"auto, (max-width: 1280px) 100vw, 1280px\" \/><figcaption class=\"wp-element-caption\">Certifica\u00e7\u00f5es foram entregues aos respons\u00e1veis pelas unidades que fazem parte da rede PMJ-HSV e Centro de Trauma<\/figcaption><\/figure>\n\n\n\n<p>\u201c\u00c9 um prazer estar aqui para falar de algo in\u00e9dito no sistema de sa\u00fade brasileiro: a integra\u00e7\u00e3o de redes realizada em Jundia\u00ed. Sempre me pergunto por que o sistema de sa\u00fade enfrenta tanta dificuldade com isso. Aqui, voc\u00eas mostraram que \u00e9 poss\u00edvel e fizeram isso de maneira r\u00e1pida e eficiente. O diferencial foi trabalhar na base e na estrutura: a gest\u00e3o da qualidade. Voc\u00eas uniram Hospital, seis unidades b\u00e1sicas, quatro PAs e a Rede de Trauma, algo que, em 36 anos de SUS, n\u00e3o vimos em nenhuma outra parte do Brasil. Essa integra\u00e7\u00e3o trouxe dois princ\u00edpios fundamentais: a satisfa\u00e7\u00e3o do usu\u00e1rio e a melhoria da sa\u00fade da popula\u00e7\u00e3o\u201d, explicou Mara Machado, diretora executiva do Instituto Qualisa de Gest\u00e3o (IQG). \u201cO trabalho de voc\u00eas vai al\u00e9m de Jundia\u00ed, pois demonstra para o SUS que essa integra\u00e7\u00e3o n\u00e3o \u00e9 s\u00f3 poss\u00edvel, mas realiz\u00e1vel. Voc\u00eas mostraram que, com um time comprometido, \u00e9 poss\u00edvel transformar a realidade do sistema de sa\u00fade. O IQG sente grande orgulho em participar disso, e espero contar o <em>case<\/em> de Jundia\u00ed como exemplo de que \u00e9 vi\u00e1vel construir um SUS mais integrado\u201d, concluiu Mara.<\/p>\n\n\n\n<figure class=\"wp-block-image size-large\"><img loading=\"lazy\" decoding=\"async\" width=\"1280\" height=\"854\" src=\"https:\/\/jundiai.sp.gov.br\/noticias\/wp-content\/uploads\/sites\/32\/2024\/12\/entrega_certificados_hsv_jundiai_368_pa-12-1280x854.jpg\" alt=\"\" class=\"wp-image-350919\" srcset=\"https:\/\/jundiai.sp.gov.br\/noticias\/wp-content\/uploads\/sites\/32\/2024\/12\/entrega_certificados_hsv_jundiai_368_pa-12-1280x854.jpg 1280w, https:\/\/jundiai.sp.gov.br\/noticias\/wp-content\/uploads\/sites\/32\/2024\/12\/entrega_certificados_hsv_jundiai_368_pa-12-300x200.jpg 300w, https:\/\/jundiai.sp.gov.br\/noticias\/wp-content\/uploads\/sites\/32\/2024\/12\/entrega_certificados_hsv_jundiai_368_pa-12-768x512.jpg 768w, https:\/\/jundiai.sp.gov.br\/noticias\/wp-content\/uploads\/sites\/32\/2024\/12\/entrega_certificados_hsv_jundiai_368_pa-12-1536x1024.jpg 1536w, https:\/\/jundiai.sp.gov.br\/noticias\/wp-content\/uploads\/sites\/32\/2024\/12\/entrega_certificados_hsv_jundiai_368_pa-12-450x300.jpg 450w, https:\/\/jundiai.sp.gov.br\/noticias\/wp-content\/uploads\/sites\/32\/2024\/12\/entrega_certificados_hsv_jundiai_368_pa-12.jpg 1900w\" sizes=\"auto, (max-width: 1280px) 100vw, 1280px\" \/><figcaption class=\"wp-element-caption\">Superintendente do HSV Matheus Gomes refor\u00e7a a import\u00e2ncia das certifica\u00e7\u00f5es para o hospital<\/figcaption><\/figure>\n\n\n\n<p>Al\u00e9m disso, o reconhecimento como Centro do Trauma refor\u00e7a o compromisso do HSV com a excel\u00eancia no atendimento a casos de urg\u00eancia e emerg\u00eancia, consolidando o Hospital como refer\u00eancia em situa\u00e7\u00f5es de alta complexidade. A Institui\u00e7\u00e3o conquistou o n\u00edvel m\u00e1ximo de qualidade de excel\u00eancia da Certifica\u00e7\u00e3o da Rede de Gerenciamento de pacientes politraumatizados, conferida a partir de uma parceria do Instituto Qualisa de Gest\u00e3o (IQG) com a Sociedade Brasileira de Atendimento Integrado ao Traumatizado (SBAIT). A Acredita\u00e7\u00e3o segue o cont\u00ednuo cuidado por meio da fase pr\u00e9-hospitalar, Unidade de Emerg\u00eancia e interven\u00e7\u00f5es cir\u00fargicas necess\u00e1rias para controle de danos e o acompanhamento de reabilita\u00e7\u00e3o. Com o recebimento do selo Diamante, a Rede de Sa\u00fade Jundia\u00ed \u00e9 a primeira no Brasil a ser certificada, tendo o controle estrat\u00e9gico entre todas as etapas e podendo coordenar de forma sistem\u00e1tica e com colabora\u00e7\u00e3o interdisciplinar, os cuidados abrangentes a pacientes politraumatizados.<\/p>\n\n\n\n<p>\u201cCom pequenas, mas assertivas a\u00e7\u00f5es, estamos transformando a sa\u00fade p\u00fablica de Jundia\u00ed em um exemplo para o Brasil. H\u00e1 um ano, convers\u00e1vamos sobre como integrar nossa rede e promover a sa\u00fade de qualidade que acreditamos. Hoje, vemos esses ideais se concretizando. O HSV \u00e9 um presente para a cidade. Ele n\u00e3o s\u00f3 \u00e9 refer\u00eancia em sa\u00fade, mas tamb\u00e9m um s\u00edmbolo do que o SUS pode e est\u00e1 fazendo no Brasil. Mostramos que, com planejamento, os recursos retornam ao cidad\u00e3o de forma inteligente, com melhor atendimento, maior capacidade de oferta de servi\u00e7os e avan\u00e7os concretos, como os 48% de cobertura na Aten\u00e7\u00e3o B\u00e1sica. Ainda h\u00e1 muito a ser feito, mas seguimos comprometidos com o que realmente importa: beneficiar o cidad\u00e3o, aquele que paga impostos e confia no sistema. Parab\u00e9ns a toda a equipe pelo trabalho e pelos resultados alcan\u00e7ados\u201d, afirmou o gestor de Governo e Finan\u00e7as, Jos\u00e9 Antonio Parimoschi.<\/p>\n\n\n\n<p>\u201cO Hospital S\u00e3o Vicente \u00e9 incans\u00e1vel em sua busca cont\u00ednua pela melhoria de processos que assegurem, acima de tudo, a seguran\u00e7a e o bem-estar do paciente. Estas duas conquistas s\u00e3o prova de nosso compromisso em alcan\u00e7ar resultados excepcionais, tanto no campo assistencial quanto no desempenho geral. Elas refor\u00e7am \u00e0 comunidade que a qualidade dos cuidados oferecidos \u00e9 administrada de maneira eficiente e focada em atender \u00e0s necessidades \u00fanicas e especializadas de cada indiv\u00edduo. Tudo isso reflete o nosso prop\u00f3sito maior, expresso em nosso lema que \u00e9 o paciente no centro de todo o cuidado\u201d, concluiu o superintendente.<\/p>\n\n\n\n<p><\/p>\n","protected":false},"excerpt":{"rendered":"<p>Nesta quinta-feira (12), o Hospital de Caridade S\u00e3o Vicente de Paulo (HSV) celebrou a conquista de duas certifica\u00e7\u00f5es de grande relev\u00e2ncia para a sa\u00fade: a Rede Integrada HSV\u2013PMJ e o reconhecimento como Centro do Trauma. O evento foi realizado como parte da programa\u00e7\u00e3o em comemora\u00e7\u00e3o ao anivers\u00e1rio de 368 anos da cidade e contou com [&hellip;]<\/p>\n","protected":false},"author":39,"featured_media":350918,"comment_status":"closed","ping_status":"0","sticky":false,"template":"","format":"standard","meta":{"footnotes":""},"categories":[4620,2],"tags":[4622,981],"ods":[],"class_list":["post-350913","post","type-post","status-publish","format-standard","has-post-thumbnail","hentry","category-destaques","category-noticias","tag-jundiai-368-anos","tag-promocao-da-saude"],"_links":{"self":[{"href":"https:\/\/jundiai.sp.gov.br\/noticias\/wp-json\/wp\/v2\/posts\/350913","targetHints":{"allow":["GET"]}}],"collection":[{"href":"https:\/\/jundiai.sp.gov.br\/noticias\/wp-json\/wp\/v2\/posts"}],"about":[{"href":"https:\/\/jundiai.sp.gov.br\/noticias\/wp-json\/wp\/v2\/types\/post"}],"author":[{"embeddable":true,"href":"https:\/\/jundiai.sp.gov.br\/noticias\/wp-json\/wp\/v2\/users\/39"}],"replies":[{"embeddable":true,"href":"https:\/\/jundiai.sp.gov.br\/noticias\/wp-json\/wp\/v2\/comments?post=350913"}],"version-history":[{"count":4,"href":"https:\/\/jundiai.sp.gov.br\/noticias\/wp-json\/wp\/v2\/posts\/350913\/revisions"}],"predecessor-version":[{"id":350922,"href":"https:\/\/jundiai.sp.gov.br\/noticias\/wp-json\/wp\/v2\/posts\/350913\/revisions\/350922"}],"wp:featuredmedia":[{"embeddable":true,"href":"https:\/\/jundiai.sp.gov.br\/noticias\/wp-json\/wp\/v2\/media\/350918"}],"wp:attachment":[{"href":"https:\/\/jundiai.sp.gov.br\/noticias\/wp-json\/wp\/v2\/media?parent=350913"}],"wp:term":[{"taxonomy":"category","embeddable":true,"href":"https:\/\/jundiai.sp.gov.br\/noticias\/wp-json\/wp\/v2\/categories?post=350913"},{"taxonomy":"post_tag","embeddable":true,"href":"https:\/\/jundiai.sp.gov.br\/noticias\/wp-json\/wp\/v2\/tags?post=350913"},{"taxonomy":"ods","embeddable":true,"href":"https:\/\/jundiai.sp.gov.br\/noticias\/wp-json\/wp\/v2\/ods?post=350913"}],"curies":[{"name":"wp","href":"https:\/\/api.w.org\/{rel}","templated":true}]}}