{"id":350952,"date":"2024-12-13T10:21:18","date_gmt":"2024-12-13T13:21:18","guid":{"rendered":"https:\/\/jundiai.sp.gov.br\/noticias\/?p=350952"},"modified":"2024-12-13T10:21:18","modified_gmt":"2024-12-13T13:21:18","slug":"sessenta-reservatorios-dae-entrega-novo-equipamento-no-jardim-do-lago","status":"publish","type":"post","link":"https:\/\/jundiai.sp.gov.br\/noticias\/2024\/12\/13\/sessenta-reservatorios-dae-entrega-novo-equipamento-no-jardim-do-lago\/","title":{"rendered":"Sessenta reservat\u00f3rios: DAE entrega novo equipamento no Jardim do Lago"},"content":{"rendered":"\n<p>A DAE e a Prefeitura de Jundia\u00ed entregaram, nesta quinta-feira (12), o 60\u00ba reservat\u00f3rio de \u00e1gua tratada da cidade, no Jardim do Lago. O equipamento tem capacidade para armazenar 3 milh\u00f5es de litros e representa um marco na expans\u00e3o do sistema de abastecimento da regi\u00e3o: agora, s\u00e3o 85 milh\u00f5es de litros de \u00e1gua tratada armazenada pela DAE.<\/p>\n\n\n\n<p><\/p>\n\n\n\n<figure class=\"wp-block-image size-large\"><a href=\"https:\/\/jundiai.sp.gov.br\/noticias\/wp-content\/uploads\/sites\/32\/2024\/12\/entrega_reservatorio_jardim_do_lago-24.jpg\"><img loading=\"lazy\" decoding=\"async\" width=\"1280\" height=\"854\" src=\"https:\/\/jundiai.sp.gov.br\/noticias\/wp-content\/uploads\/sites\/32\/2024\/12\/entrega_reservatorio_jardim_do_lago-24-1280x854.jpg\" alt=\"\" class=\"wp-image-350953\" srcset=\"https:\/\/jundiai.sp.gov.br\/noticias\/wp-content\/uploads\/sites\/32\/2024\/12\/entrega_reservatorio_jardim_do_lago-24-1280x854.jpg 1280w, https:\/\/jundiai.sp.gov.br\/noticias\/wp-content\/uploads\/sites\/32\/2024\/12\/entrega_reservatorio_jardim_do_lago-24-300x200.jpg 300w, https:\/\/jundiai.sp.gov.br\/noticias\/wp-content\/uploads\/sites\/32\/2024\/12\/entrega_reservatorio_jardim_do_lago-24-768x512.jpg 768w, https:\/\/jundiai.sp.gov.br\/noticias\/wp-content\/uploads\/sites\/32\/2024\/12\/entrega_reservatorio_jardim_do_lago-24-1536x1024.jpg 1536w, https:\/\/jundiai.sp.gov.br\/noticias\/wp-content\/uploads\/sites\/32\/2024\/12\/entrega_reservatorio_jardim_do_lago-24-450x300.jpg 450w, https:\/\/jundiai.sp.gov.br\/noticias\/wp-content\/uploads\/sites\/32\/2024\/12\/entrega_reservatorio_jardim_do_lago-24.jpg 1900w\" sizes=\"auto, (max-width: 1280px) 100vw, 1280px\" \/><\/a><figcaption class=\"wp-element-caption\">A DAE e a Prefeitura de Jundia\u00ed entregaram, nesta quinta-feira (12), o 60\u00ba reservat\u00f3rio de \u00e1gua tratada da cidade, no Jardim do Lago.<\/figcaption><\/figure>\n\n\n\n<p><\/p>\n\n\n\n<p>Inicialmente, o reservat\u00f3rio atender\u00e1 os bairros Jardim Aur\u00e9lia, Parque Cidade Jardim II, Nova Cidade Jardim e Vila Esperan\u00e7a, beneficiando diretamente mais de 9 mil moradores. Em uma segunda etapa, ap\u00f3s a conclus\u00e3o de obras complementares, como uma nova adutora, mais bairros ser\u00e3o inclu\u00eddos no abastecimento. \u201cCom esta entrega completamos 60 reservat\u00f3rios. S\u00e3o 85 milh\u00f5es de litros de \u00e1gua tratada e reservada para atender Jundia\u00ed\u201d, disse o diretor-presidente da DAE, Walter da Costa e Silva Filho.<\/p>\n\n\n\n<p>A constru\u00e7\u00e3o do reservat\u00f3rio do Jardim do Lago teve in\u00edcio em maio de 2023, com investimento total de R$ 6,2 milh\u00f5es, obtidos por meio do Programa Saneamento para Todos-FGTS, com contrapartida da DAE com recursos pr\u00f3prios.<\/p>\n\n\n\n<p><\/p>\n\n\n\n<figure class=\"wp-block-image size-large\"><a href=\"https:\/\/jundiai.sp.gov.br\/noticias\/wp-content\/uploads\/sites\/32\/2024\/12\/entrega_reservatorio_jardim_do_lago-63.jpg\"><img loading=\"lazy\" decoding=\"async\" width=\"1280\" height=\"720\" src=\"https:\/\/jundiai.sp.gov.br\/noticias\/wp-content\/uploads\/sites\/32\/2024\/12\/entrega_reservatorio_jardim_do_lago-63-1280x720.jpg\" alt=\"\" class=\"wp-image-350954\" srcset=\"https:\/\/jundiai.sp.gov.br\/noticias\/wp-content\/uploads\/sites\/32\/2024\/12\/entrega_reservatorio_jardim_do_lago-63-1280x720.jpg 1280w, https:\/\/jundiai.sp.gov.br\/noticias\/wp-content\/uploads\/sites\/32\/2024\/12\/entrega_reservatorio_jardim_do_lago-63-300x169.jpg 300w, https:\/\/jundiai.sp.gov.br\/noticias\/wp-content\/uploads\/sites\/32\/2024\/12\/entrega_reservatorio_jardim_do_lago-63-768x432.jpg 768w, https:\/\/jundiai.sp.gov.br\/noticias\/wp-content\/uploads\/sites\/32\/2024\/12\/entrega_reservatorio_jardim_do_lago-63-1536x864.jpg 1536w, https:\/\/jundiai.sp.gov.br\/noticias\/wp-content\/uploads\/sites\/32\/2024\/12\/entrega_reservatorio_jardim_do_lago-63.jpg 1900w\" sizes=\"auto, (max-width: 1280px) 100vw, 1280px\" \/><\/a><figcaption class=\"wp-element-caption\">O equipamento tem capacidade para armazenar 3 milh\u00f5es de litros e representa um marco na expans\u00e3o do sistema de abastecimento da regi\u00e3o: agora, s\u00e3o 85 milh\u00f5es de litros de \u00e1gua tratada armazenada pela DAE.<\/figcaption><\/figure>\n\n\n\n<p>O diretor superintendente de Engenharia da DAE, Valter Maia, explica que o novo reservat\u00f3rio integra as a\u00e7\u00f5es de amplia\u00e7\u00e3o da reserva de \u00e1gua tratada. \u201cEsse \u00e9 um equipamento muito importante, que vem para fortalecer a reserva\u00e7\u00e3o de \u00e1gua. Essa amplia\u00e7\u00e3o contribui para que a popula\u00e7\u00e3o tenha \u00e1gua mesmo em per\u00edodos de manuten\u00e7\u00e3o, ainda assim, sempre lembramos a import\u00e2ncia de todo im\u00f3vel ter caixa d&#8217;\u00e1gua adequada ao n\u00famero de moradores&#8221;, aponta.<\/p>\n\n\n\n<p>O equipamento est\u00e1 em fase de testes desde 21 de novembro e a previs\u00e3o \u00e9 que a opera\u00e7\u00e3o tenha in\u00edcio at\u00e9 o final de dezembro. Al\u00e9m do reservat\u00f3rio com suas instala\u00e7\u00f5es hidr\u00e1ulicas e el\u00e9tricas e guarita, o local futuramente contar\u00e1 com uma Casa de Bombas automatizada, cuja estrutura j\u00e1 se encontra em constru\u00e7\u00e3o.<\/p>\n\n\n\n<p>Nos \u00faltimos anos a DAE investiu em diversas regi\u00f5es de Jundia\u00ed, com entregas de reservat\u00f3rios nos bairros Ivoturucaia, Anhangaba\u00fa, Jardim Carlos Gomes, Distrito Industrial, FazGran e Cecap.<\/p>\n\n\n\n<p><strong>Assessoria de Comunica\u00e7\u00e3o \u2013 DAE Jundia\u00ed<\/strong><\/p>\n\n\n\n<p><strong>Fotos: DAE Jundia\u00ed<\/strong><\/p>\n\n\n\n<p><\/p>\n","protected":false},"excerpt":{"rendered":"<p>A DAE e a Prefeitura de Jundia\u00ed entregaram, nesta quinta-feira (12), o 60\u00ba reservat\u00f3rio de \u00e1gua tratada da cidade, no Jardim do Lago. O equipamento tem capacidade para armazenar 3 milh\u00f5es de litros e representa um marco na expans\u00e3o do sistema de abastecimento da regi\u00e3o: agora, s\u00e3o 85 milh\u00f5es de litros de \u00e1gua tratada armazenada [&hellip;]<\/p>\n","protected":false},"author":89,"featured_media":350953,"comment_status":"closed","ping_status":"0","sticky":false,"template":"","format":"standard","meta":{"footnotes":""},"categories":[2],"tags":[3169,1940,3080,3884],"ods":[],"class_list":["post-350952","post","type-post","status-publish","format-standard","has-post-thumbnail","hentry","category-noticias","tag-abastecimento","tag-dae-jundiai","tag-jardim-do-lago","tag-reservatorio"],"_links":{"self":[{"href":"https:\/\/jundiai.sp.gov.br\/noticias\/wp-json\/wp\/v2\/posts\/350952","targetHints":{"allow":["GET"]}}],"collection":[{"href":"https:\/\/jundiai.sp.gov.br\/noticias\/wp-json\/wp\/v2\/posts"}],"about":[{"href":"https:\/\/jundiai.sp.gov.br\/noticias\/wp-json\/wp\/v2\/types\/post"}],"author":[{"embeddable":true,"href":"https:\/\/jundiai.sp.gov.br\/noticias\/wp-json\/wp\/v2\/users\/89"}],"replies":[{"embeddable":true,"href":"https:\/\/jundiai.sp.gov.br\/noticias\/wp-json\/wp\/v2\/comments?post=350952"}],"version-history":[{"count":1,"href":"https:\/\/jundiai.sp.gov.br\/noticias\/wp-json\/wp\/v2\/posts\/350952\/revisions"}],"predecessor-version":[{"id":350955,"href":"https:\/\/jundiai.sp.gov.br\/noticias\/wp-json\/wp\/v2\/posts\/350952\/revisions\/350955"}],"wp:featuredmedia":[{"embeddable":true,"href":"https:\/\/jundiai.sp.gov.br\/noticias\/wp-json\/wp\/v2\/media\/350953"}],"wp:attachment":[{"href":"https:\/\/jundiai.sp.gov.br\/noticias\/wp-json\/wp\/v2\/media?parent=350952"}],"wp:term":[{"taxonomy":"category","embeddable":true,"href":"https:\/\/jundiai.sp.gov.br\/noticias\/wp-json\/wp\/v2\/categories?post=350952"},{"taxonomy":"post_tag","embeddable":true,"href":"https:\/\/jundiai.sp.gov.br\/noticias\/wp-json\/wp\/v2\/tags?post=350952"},{"taxonomy":"ods","embeddable":true,"href":"https:\/\/jundiai.sp.gov.br\/noticias\/wp-json\/wp\/v2\/ods?post=350952"}],"curies":[{"name":"wp","href":"https:\/\/api.w.org\/{rel}","templated":true}]}}