{"id":351032,"date":"2024-12-14T08:00:00","date_gmt":"2024-12-14T11:00:00","guid":{"rendered":"https:\/\/jundiai.sp.gov.br\/noticias\/?p=351032"},"modified":"2024-12-16T10:04:53","modified_gmt":"2024-12-16T13:04:53","slug":"nova-sede-da-policia-militar-ambiental-e-inaugurada-em-jundiai","status":"publish","type":"post","link":"https:\/\/jundiai.sp.gov.br\/noticias\/2024\/12\/14\/nova-sede-da-policia-militar-ambiental-e-inaugurada-em-jundiai\/","title":{"rendered":"Nova sede da Pol\u00edcia Militar Ambiental \u00e9 inaugurada em Jundia\u00ed"},"content":{"rendered":"\n<p>A nova sede da 1\u00aa Companhia do Batalh\u00e3o da Pol\u00edcia Ambiental, localizada na avenida C\u00e9sar Puglia, no bairro Jardim Samambaia, foi inaugurada nesta sexta-feira (13). A cerim\u00f4nia contou com a presen\u00e7a do gestor da Casa Civil (UGCC), Dr. Gustavo Maryssael, e da gestora adjunta, Carmen Tubini. O espa\u00e7o foi idealizado a partir de uma contrapartida da iniciativa privada. &nbsp;<\/p>\n\n\n\n<p>A base est\u00e1 localizada pr\u00f3xima \u00e0 Serra do Japi e conta com um amplo espa\u00e7o de 240 m\u00b2, com setor administrativo, sala de comando, sala de atendimento, estacionamento, alojamentos masculino e feminino, acessibilidade, entre outros.<\/p>\n\n\n\n<figure class=\"wp-block-image size-large\"><img loading=\"lazy\" decoding=\"async\" width=\"1280\" height=\"854\" src=\"https:\/\/jundiai.sp.gov.br\/noticias\/wp-content\/uploads\/sites\/32\/2024\/12\/entrega-da-nova-sede-da-policia-militar-ambiental_fm_-74-1280x854.jpg\" alt=\"\" class=\"wp-image-351033\" srcset=\"https:\/\/jundiai.sp.gov.br\/noticias\/wp-content\/uploads\/sites\/32\/2024\/12\/entrega-da-nova-sede-da-policia-militar-ambiental_fm_-74-1280x854.jpg 1280w, https:\/\/jundiai.sp.gov.br\/noticias\/wp-content\/uploads\/sites\/32\/2024\/12\/entrega-da-nova-sede-da-policia-militar-ambiental_fm_-74-300x200.jpg 300w, https:\/\/jundiai.sp.gov.br\/noticias\/wp-content\/uploads\/sites\/32\/2024\/12\/entrega-da-nova-sede-da-policia-militar-ambiental_fm_-74-768x512.jpg 768w, https:\/\/jundiai.sp.gov.br\/noticias\/wp-content\/uploads\/sites\/32\/2024\/12\/entrega-da-nova-sede-da-policia-militar-ambiental_fm_-74-1536x1024.jpg 1536w, https:\/\/jundiai.sp.gov.br\/noticias\/wp-content\/uploads\/sites\/32\/2024\/12\/entrega-da-nova-sede-da-policia-militar-ambiental_fm_-74-450x300.jpg 450w, https:\/\/jundiai.sp.gov.br\/noticias\/wp-content\/uploads\/sites\/32\/2024\/12\/entrega-da-nova-sede-da-policia-militar-ambiental_fm_-74.jpg 1900w\" sizes=\"auto, (max-width: 1280px) 100vw, 1280px\" \/><figcaption class=\"wp-element-caption\">Nova sede est\u00e1 localizada na avenida C\u00e9sar Puglia, no Jardim Samambaia<\/figcaption><\/figure>\n\n\n\n<p>\u201cEstamos alocados em uma \u00e1rea estrat\u00e9gica, pr\u00f3ximo da Serra do Japi e da rodovia e isso facilita o atendimento das ocorr\u00eancias. Al\u00e9m disso, o novo espa\u00e7o est\u00e1 melhor localizado para o atendimento \u00e0 popula\u00e7\u00e3o. A Prefeitura foi uma grande parceira para a realiza\u00e7\u00e3o desse sonho\u201d, comentou a 1\u00aa Tenente da Pol\u00edcia Ambiental, Rosana Matos Felinto.<\/p>\n\n\n\n<p>\u201cUma cidade do porte de Jundia\u00ed precisa que as for\u00e7as de seguran\u00e7a estejam alinhadas e tenham uma boa infraestrutura para desenvolver um bom trabalho. Com essa entrega, ganhamos um importante refor\u00e7o para o atendimento \u00e0 popula\u00e7\u00e3o. O fortalecimento da Pol\u00edcia Ambiental \u00e9 ainda mais simb\u00f3lico por conta da Serra do Japi\u201d, afirmou Dr. Gustavo Maryssael.<\/p>\n\n\n\n<p><strong>Assessoria de Imprensa<br>Foto: Fot\u00f3grafo PMJ<\/strong><\/p>\n\n\n\n<p><\/p>\n","protected":false},"excerpt":{"rendered":"<p>A nova sede da 1\u00aa Companhia do Batalh\u00e3o da Pol\u00edcia Ambiental, localizada na avenida C\u00e9sar Puglia, no bairro Jardim Samambaia, foi inaugurada nesta sexta-feira (13). A cerim\u00f4nia contou com a presen\u00e7a do gestor da Casa Civil (UGCC), Dr. Gustavo Maryssael, e da gestora adjunta, Carmen Tubini. O espa\u00e7o foi idealizado a partir de uma contrapartida [&hellip;]<\/p>\n","protected":false},"author":90,"featured_media":351033,"comment_status":"closed","ping_status":"0","sticky":false,"template":"","format":"standard","meta":{"footnotes":""},"categories":[2],"tags":[62,3139],"ods":[],"class_list":["post-351032","post","type-post","status-publish","format-standard","has-post-thumbnail","hentry","category-noticias","tag-casa-civil","tag-policia-ambiental"],"_links":{"self":[{"href":"https:\/\/jundiai.sp.gov.br\/noticias\/wp-json\/wp\/v2\/posts\/351032","targetHints":{"allow":["GET"]}}],"collection":[{"href":"https:\/\/jundiai.sp.gov.br\/noticias\/wp-json\/wp\/v2\/posts"}],"about":[{"href":"https:\/\/jundiai.sp.gov.br\/noticias\/wp-json\/wp\/v2\/types\/post"}],"author":[{"embeddable":true,"href":"https:\/\/jundiai.sp.gov.br\/noticias\/wp-json\/wp\/v2\/users\/90"}],"replies":[{"embeddable":true,"href":"https:\/\/jundiai.sp.gov.br\/noticias\/wp-json\/wp\/v2\/comments?post=351032"}],"version-history":[{"count":1,"href":"https:\/\/jundiai.sp.gov.br\/noticias\/wp-json\/wp\/v2\/posts\/351032\/revisions"}],"predecessor-version":[{"id":351034,"href":"https:\/\/jundiai.sp.gov.br\/noticias\/wp-json\/wp\/v2\/posts\/351032\/revisions\/351034"}],"wp:featuredmedia":[{"embeddable":true,"href":"https:\/\/jundiai.sp.gov.br\/noticias\/wp-json\/wp\/v2\/media\/351033"}],"wp:attachment":[{"href":"https:\/\/jundiai.sp.gov.br\/noticias\/wp-json\/wp\/v2\/media?parent=351032"}],"wp:term":[{"taxonomy":"category","embeddable":true,"href":"https:\/\/jundiai.sp.gov.br\/noticias\/wp-json\/wp\/v2\/categories?post=351032"},{"taxonomy":"post_tag","embeddable":true,"href":"https:\/\/jundiai.sp.gov.br\/noticias\/wp-json\/wp\/v2\/tags?post=351032"},{"taxonomy":"ods","embeddable":true,"href":"https:\/\/jundiai.sp.gov.br\/noticias\/wp-json\/wp\/v2\/ods?post=351032"}],"curies":[{"name":"wp","href":"https:\/\/api.w.org\/{rel}","templated":true}]}}