{"id":351091,"date":"2024-12-16T08:53:28","date_gmt":"2024-12-16T11:53:28","guid":{"rendered":"https:\/\/jundiai.sp.gov.br\/noticias\/?p=351091"},"modified":"2024-12-16T08:57:43","modified_gmt":"2024-12-16T11:57:43","slug":"obras-de-remanejamento-da-dae-jundiai-chegam-a-vila-argos","status":"publish","type":"post","link":"https:\/\/jundiai.sp.gov.br\/noticias\/2024\/12\/16\/obras-de-remanejamento-da-dae-jundiai-chegam-a-vila-argos\/","title":{"rendered":"Obras de remanejamento da DAE Jundia\u00ed chegam \u00e0 Vila Argos"},"content":{"rendered":"\n<p>Em andamento ao projeto de moderniza\u00e7\u00e3o das redes de \u00e1gua, a obra da DAE Jundia\u00ed chega \u00e0 Vila Argos. No bairro, 1,4 quil\u00f4metro de rede est\u00e3o sendo remanejados, nas ruas Dr. Cavalcanti, Prudente de Moraes, XV de Novembro, Santo Agostinho, Pandi\u00e1 Cal\u00f3geras, Alberto Scarciofoli, Pio XII, Angelo Ferracine e Ernesto Duedruchsen.<\/p>\n\n\n\n<p>A obra est\u00e1 sendo executada na cal\u00e7ada (passeio) causando a interdi\u00e7\u00e3o parcial em alguns trechos de travessia, que est\u00e3o sinalizados, ap\u00f3s a etapa de assentamento dos tubos, ser\u00e1 feito o reparo das cal\u00e7adas afetadas. A previs\u00e3o \u00e9 que a obra seja conclu\u00edda dentro de 60 dias<\/p>\n\n\n\n<p><\/p>\n\n\n\n<figure class=\"wp-block-image size-large\"><a href=\"https:\/\/jundiai.sp.gov.br\/noticias\/wp-content\/uploads\/sites\/32\/2024\/12\/remanejamento_vila_argos-17.jpeg\"><img loading=\"lazy\" decoding=\"async\" width=\"1280\" height=\"960\" src=\"https:\/\/jundiai.sp.gov.br\/noticias\/wp-content\/uploads\/sites\/32\/2024\/12\/remanejamento_vila_argos-17-1280x960.jpeg\" alt=\"\" class=\"wp-image-351092\" srcset=\"https:\/\/jundiai.sp.gov.br\/noticias\/wp-content\/uploads\/sites\/32\/2024\/12\/remanejamento_vila_argos-17-1280x960.jpeg 1280w, https:\/\/jundiai.sp.gov.br\/noticias\/wp-content\/uploads\/sites\/32\/2024\/12\/remanejamento_vila_argos-17-300x225.jpeg 300w, https:\/\/jundiai.sp.gov.br\/noticias\/wp-content\/uploads\/sites\/32\/2024\/12\/remanejamento_vila_argos-17-768x576.jpeg 768w, https:\/\/jundiai.sp.gov.br\/noticias\/wp-content\/uploads\/sites\/32\/2024\/12\/remanejamento_vila_argos-17-1536x1152.jpeg 1536w, https:\/\/jundiai.sp.gov.br\/noticias\/wp-content\/uploads\/sites\/32\/2024\/12\/remanejamento_vila_argos-17.jpeg 1600w\" sizes=\"auto, (max-width: 1280px) 100vw, 1280px\" \/><\/a><figcaption class=\"wp-element-caption\">Ap\u00f3s a etapa de assentamento dos tubos, ser\u00e1 feito o reparo das cal\u00e7adas afetadas.<\/figcaption><\/figure>\n\n\n\n<p><\/p>\n\n\n\n<p>A empresa respons\u00e1vel pela execu\u00e7\u00e3o dos servi\u00e7os \u00e9 a Engecomse e o trabalho \u00e9 realizado de segunda a sexta-feira, das 8 \u00e0s 17 horas, sob fiscaliza\u00e7\u00e3o da DAE. As equipes est\u00e3o identificadas e uniformizadas.<\/p>\n\n\n\n<p>Os mun\u00edcipes podem obter mais informa\u00e7\u00f5es ou esclarecer d\u00favidas atrav\u00e9s da Central de Relacionamento da DAE, pelo telefone 0800 0133 155. A liga\u00e7\u00e3o \u00e9 gratuita e o atendimento 24 horas<\/p>\n\n\n\n<p><strong>Assessoria de Comunica\u00e7\u00e3o \u2013 DAE Jundia\u00ed<\/strong><\/p>\n\n\n\n<p><strong>Fotos: DAE Jundia\u00ed<\/strong><\/p>\n","protected":false},"excerpt":{"rendered":"<p>Em andamento ao projeto de moderniza\u00e7\u00e3o das redes de \u00e1gua, a obra da DAE Jundia\u00ed chega \u00e0 Vila Argos. No bairro, 1,4 quil\u00f4metro de rede est\u00e3o sendo remanejados, nas ruas Dr. Cavalcanti, Prudente de Moraes, XV de Novembro, Santo Agostinho, Pandi\u00e1 Cal\u00f3geras, Alberto Scarciofoli, Pio XII, Angelo Ferracine e Ernesto Duedruchsen. A obra est\u00e1 sendo [&hellip;]<\/p>\n","protected":false},"author":89,"featured_media":351092,"comment_status":"closed","ping_status":"0","sticky":false,"template":"","format":"standard","meta":{"footnotes":""},"categories":[2],"tags":[66,1940,4008,2964],"ods":[],"class_list":["post-351091","post","type-post","status-publish","format-standard","has-post-thumbnail","hentry","category-noticias","tag-dae","tag-dae-jundiai","tag-remanejamento","tag-vila-argos"],"_links":{"self":[{"href":"https:\/\/jundiai.sp.gov.br\/noticias\/wp-json\/wp\/v2\/posts\/351091","targetHints":{"allow":["GET"]}}],"collection":[{"href":"https:\/\/jundiai.sp.gov.br\/noticias\/wp-json\/wp\/v2\/posts"}],"about":[{"href":"https:\/\/jundiai.sp.gov.br\/noticias\/wp-json\/wp\/v2\/types\/post"}],"author":[{"embeddable":true,"href":"https:\/\/jundiai.sp.gov.br\/noticias\/wp-json\/wp\/v2\/users\/89"}],"replies":[{"embeddable":true,"href":"https:\/\/jundiai.sp.gov.br\/noticias\/wp-json\/wp\/v2\/comments?post=351091"}],"version-history":[{"count":2,"href":"https:\/\/jundiai.sp.gov.br\/noticias\/wp-json\/wp\/v2\/posts\/351091\/revisions"}],"predecessor-version":[{"id":351094,"href":"https:\/\/jundiai.sp.gov.br\/noticias\/wp-json\/wp\/v2\/posts\/351091\/revisions\/351094"}],"wp:featuredmedia":[{"embeddable":true,"href":"https:\/\/jundiai.sp.gov.br\/noticias\/wp-json\/wp\/v2\/media\/351092"}],"wp:attachment":[{"href":"https:\/\/jundiai.sp.gov.br\/noticias\/wp-json\/wp\/v2\/media?parent=351091"}],"wp:term":[{"taxonomy":"category","embeddable":true,"href":"https:\/\/jundiai.sp.gov.br\/noticias\/wp-json\/wp\/v2\/categories?post=351091"},{"taxonomy":"post_tag","embeddable":true,"href":"https:\/\/jundiai.sp.gov.br\/noticias\/wp-json\/wp\/v2\/tags?post=351091"},{"taxonomy":"ods","embeddable":true,"href":"https:\/\/jundiai.sp.gov.br\/noticias\/wp-json\/wp\/v2\/ods?post=351091"}],"curies":[{"name":"wp","href":"https:\/\/api.w.org\/{rel}","templated":true}]}}