{"id":351138,"date":"2024-12-16T15:29:18","date_gmt":"2024-12-16T18:29:18","guid":{"rendered":"https:\/\/jundiai.sp.gov.br\/noticias\/?p=351138"},"modified":"2024-12-16T15:29:18","modified_gmt":"2024-12-16T18:29:18","slug":"clinica-da-familia-hortolandia-reune-comunidade-para-comemorar-o-natal","status":"publish","type":"post","link":"https:\/\/jundiai.sp.gov.br\/noticias\/2024\/12\/16\/clinica-da-familia-hortolandia-reune-comunidade-para-comemorar-o-natal\/","title":{"rendered":"Cl\u00ednica da Fam\u00edlia Hortol\u00e2ndia re\u00fane comunidade para comemorar o Natal"},"content":{"rendered":"\n<p>O m\u00eas de dezembro \u00e9 sempre aguardado na Cl\u00ednica da Fam\u00edlia Hortol\u00e2ndia. J\u00e1 virou tradi\u00e7\u00e3o a equipe do servi\u00e7o, com o apoio dos conselheiros de sa\u00fade e da comunidade, preparar uma festa de Natal para confraternizar com as crian\u00e7as e, tamb\u00e9m, com os adultos. O evento foi nesta segunda-feira (16) e at\u00e9 o Papai Noel passou por l\u00e1. &nbsp;<\/p>\n\n\n\n<p>\u201cEu n\u00e3o via a hora de chegar, porque eu sabia que ele vinha. Amo ver o Papai Noel aqui, tirar foto. Fica tudo com um clima m\u00e1gico\u201d, comentou Thalia Vit\u00f3ria Fonseca da Silva, de 11 anos, com um largo sorriso no bolso.<\/p>\n\n\n\n<figure class=\"wp-block-image size-large\"><img loading=\"lazy\" decoding=\"async\" width=\"1280\" height=\"854\" src=\"https:\/\/jundiai.sp.gov.br\/noticias\/wp-content\/uploads\/sites\/32\/2024\/12\/clinica-da-familia-vila-hortolandia-papai-noel-natal-_ws-62-1280x854.jpg\" alt=\"\" class=\"wp-image-351139\" srcset=\"https:\/\/jundiai.sp.gov.br\/noticias\/wp-content\/uploads\/sites\/32\/2024\/12\/clinica-da-familia-vila-hortolandia-papai-noel-natal-_ws-62-1280x854.jpg 1280w, https:\/\/jundiai.sp.gov.br\/noticias\/wp-content\/uploads\/sites\/32\/2024\/12\/clinica-da-familia-vila-hortolandia-papai-noel-natal-_ws-62-300x200.jpg 300w, https:\/\/jundiai.sp.gov.br\/noticias\/wp-content\/uploads\/sites\/32\/2024\/12\/clinica-da-familia-vila-hortolandia-papai-noel-natal-_ws-62-768x512.jpg 768w, https:\/\/jundiai.sp.gov.br\/noticias\/wp-content\/uploads\/sites\/32\/2024\/12\/clinica-da-familia-vila-hortolandia-papai-noel-natal-_ws-62-1536x1024.jpg 1536w, https:\/\/jundiai.sp.gov.br\/noticias\/wp-content\/uploads\/sites\/32\/2024\/12\/clinica-da-familia-vila-hortolandia-papai-noel-natal-_ws-62-450x300.jpg 450w, https:\/\/jundiai.sp.gov.br\/noticias\/wp-content\/uploads\/sites\/32\/2024\/12\/clinica-da-familia-vila-hortolandia-papai-noel-natal-_ws-62.jpg 1900w\" sizes=\"auto, (max-width: 1280px) 100vw, 1280px\" \/><figcaption class=\"wp-element-caption\">Thalia compareceu com sua fam\u00edlia e esbanjou alegria<\/figcaption><\/figure>\n\n\n\n<p>O gerente da Cl\u00ednica da Fam\u00edlia, Leonard Sardinha Cabral, ressalta que o evento, realizado pelo terceiro ano consecutivo, integra as iniciativas do equipamento para estreitar o v\u00ednculo com a comunidade, al\u00e9m de promover a sa\u00fade. \u201cPromovemos a integra\u00e7\u00e3o da equipe com os usu\u00e1rios e confraternizamos juntos, trazendo bem-estar para todos. A alegria acaba contagiando, independente da idade\u201d, destacou.<\/p>\n\n\n\n<p>A motorista Ang\u00e9lica Lechado Santos, assim como seu filho Breno, de um ano, ficou encantada. \u201cEstou de folga e vim para ele tomar vacina. Fiquei contente quando cheguei e vi essa festa feita com muito carinho. \u00c9 simb\u00f3lico, mas representa muito\u201d, ressaltou.<\/p>\n\n\n\n<p>Assim como nos anos anteriores, o conselheiro Jos\u00e9 de Jesus Sete foi quem interpretou o Papai Noel.<\/p>\n\n\n\n<figure class=\"wp-block-gallery has-nested-images columns-default is-cropped wp-block-gallery-1 is-layout-flex wp-block-gallery-is-layout-flex\">\n<figure class=\"wp-block-image size-large\"><img loading=\"lazy\" decoding=\"async\" width=\"1280\" height=\"854\" data-id=\"351141\" src=\"https:\/\/jundiai.sp.gov.br\/noticias\/wp-content\/uploads\/sites\/32\/2024\/12\/clinica-da-familia-vila-hortolandia-papai-noel-natal-_ws-98-1280x854.jpg\" alt=\"\" class=\"wp-image-351141\" srcset=\"https:\/\/jundiai.sp.gov.br\/noticias\/wp-content\/uploads\/sites\/32\/2024\/12\/clinica-da-familia-vila-hortolandia-papai-noel-natal-_ws-98-1280x854.jpg 1280w, https:\/\/jundiai.sp.gov.br\/noticias\/wp-content\/uploads\/sites\/32\/2024\/12\/clinica-da-familia-vila-hortolandia-papai-noel-natal-_ws-98-300x200.jpg 300w, https:\/\/jundiai.sp.gov.br\/noticias\/wp-content\/uploads\/sites\/32\/2024\/12\/clinica-da-familia-vila-hortolandia-papai-noel-natal-_ws-98-768x512.jpg 768w, https:\/\/jundiai.sp.gov.br\/noticias\/wp-content\/uploads\/sites\/32\/2024\/12\/clinica-da-familia-vila-hortolandia-papai-noel-natal-_ws-98-1536x1024.jpg 1536w, https:\/\/jundiai.sp.gov.br\/noticias\/wp-content\/uploads\/sites\/32\/2024\/12\/clinica-da-familia-vila-hortolandia-papai-noel-natal-_ws-98-450x300.jpg 450w, https:\/\/jundiai.sp.gov.br\/noticias\/wp-content\/uploads\/sites\/32\/2024\/12\/clinica-da-familia-vila-hortolandia-papai-noel-natal-_ws-98.jpg 1900w\" sizes=\"auto, (max-width: 1280px) 100vw, 1280px\" \/><\/figure>\n\n\n\n<figure class=\"wp-block-image size-large\"><img loading=\"lazy\" decoding=\"async\" width=\"1280\" height=\"854\" data-id=\"351142\" src=\"https:\/\/jundiai.sp.gov.br\/noticias\/wp-content\/uploads\/sites\/32\/2024\/12\/clinica-da-familia-vila-hortolandia-papai-noel-natal-_ws-8-1280x854.jpg\" alt=\"\" class=\"wp-image-351142\" srcset=\"https:\/\/jundiai.sp.gov.br\/noticias\/wp-content\/uploads\/sites\/32\/2024\/12\/clinica-da-familia-vila-hortolandia-papai-noel-natal-_ws-8-1280x854.jpg 1280w, https:\/\/jundiai.sp.gov.br\/noticias\/wp-content\/uploads\/sites\/32\/2024\/12\/clinica-da-familia-vila-hortolandia-papai-noel-natal-_ws-8-300x200.jpg 300w, https:\/\/jundiai.sp.gov.br\/noticias\/wp-content\/uploads\/sites\/32\/2024\/12\/clinica-da-familia-vila-hortolandia-papai-noel-natal-_ws-8-768x512.jpg 768w, https:\/\/jundiai.sp.gov.br\/noticias\/wp-content\/uploads\/sites\/32\/2024\/12\/clinica-da-familia-vila-hortolandia-papai-noel-natal-_ws-8-1536x1024.jpg 1536w, https:\/\/jundiai.sp.gov.br\/noticias\/wp-content\/uploads\/sites\/32\/2024\/12\/clinica-da-familia-vila-hortolandia-papai-noel-natal-_ws-8-450x300.jpg 450w, https:\/\/jundiai.sp.gov.br\/noticias\/wp-content\/uploads\/sites\/32\/2024\/12\/clinica-da-familia-vila-hortolandia-papai-noel-natal-_ws-8.jpg 1900w\" sizes=\"auto, (max-width: 1280px) 100vw, 1280px\" \/><\/figure>\n<\/figure>\n\n\n\n<figure class=\"wp-block-gallery has-nested-images columns-default is-cropped wp-block-gallery-2 is-layout-flex wp-block-gallery-is-layout-flex\">\n<figure class=\"wp-block-image size-large\"><img loading=\"lazy\" decoding=\"async\" width=\"1280\" height=\"854\" data-id=\"351143\" src=\"https:\/\/jundiai.sp.gov.br\/noticias\/wp-content\/uploads\/sites\/32\/2024\/12\/clinica-da-familia-vila-hortolandia-papai-noel-natal-_ws-65-1280x854.jpg\" alt=\"\" class=\"wp-image-351143\" srcset=\"https:\/\/jundiai.sp.gov.br\/noticias\/wp-content\/uploads\/sites\/32\/2024\/12\/clinica-da-familia-vila-hortolandia-papai-noel-natal-_ws-65-1280x854.jpg 1280w, https:\/\/jundiai.sp.gov.br\/noticias\/wp-content\/uploads\/sites\/32\/2024\/12\/clinica-da-familia-vila-hortolandia-papai-noel-natal-_ws-65-300x200.jpg 300w, https:\/\/jundiai.sp.gov.br\/noticias\/wp-content\/uploads\/sites\/32\/2024\/12\/clinica-da-familia-vila-hortolandia-papai-noel-natal-_ws-65-768x512.jpg 768w, https:\/\/jundiai.sp.gov.br\/noticias\/wp-content\/uploads\/sites\/32\/2024\/12\/clinica-da-familia-vila-hortolandia-papai-noel-natal-_ws-65-1536x1024.jpg 1536w, https:\/\/jundiai.sp.gov.br\/noticias\/wp-content\/uploads\/sites\/32\/2024\/12\/clinica-da-familia-vila-hortolandia-papai-noel-natal-_ws-65-450x300.jpg 450w, https:\/\/jundiai.sp.gov.br\/noticias\/wp-content\/uploads\/sites\/32\/2024\/12\/clinica-da-familia-vila-hortolandia-papai-noel-natal-_ws-65.jpg 1900w\" sizes=\"auto, (max-width: 1280px) 100vw, 1280px\" \/><\/figure>\n\n\n\n<figure class=\"wp-block-image size-large\"><img loading=\"lazy\" decoding=\"async\" width=\"1280\" height=\"854\" data-id=\"351146\" src=\"https:\/\/jundiai.sp.gov.br\/noticias\/wp-content\/uploads\/sites\/32\/2024\/12\/clinica-da-familia-vila-hortolandia-papai-noel-natal-_ws-1-1280x854.jpg\" alt=\"\" class=\"wp-image-351146\" srcset=\"https:\/\/jundiai.sp.gov.br\/noticias\/wp-content\/uploads\/sites\/32\/2024\/12\/clinica-da-familia-vila-hortolandia-papai-noel-natal-_ws-1-1280x854.jpg 1280w, https:\/\/jundiai.sp.gov.br\/noticias\/wp-content\/uploads\/sites\/32\/2024\/12\/clinica-da-familia-vila-hortolandia-papai-noel-natal-_ws-1-300x200.jpg 300w, https:\/\/jundiai.sp.gov.br\/noticias\/wp-content\/uploads\/sites\/32\/2024\/12\/clinica-da-familia-vila-hortolandia-papai-noel-natal-_ws-1-768x512.jpg 768w, https:\/\/jundiai.sp.gov.br\/noticias\/wp-content\/uploads\/sites\/32\/2024\/12\/clinica-da-familia-vila-hortolandia-papai-noel-natal-_ws-1-1536x1024.jpg 1536w, https:\/\/jundiai.sp.gov.br\/noticias\/wp-content\/uploads\/sites\/32\/2024\/12\/clinica-da-familia-vila-hortolandia-papai-noel-natal-_ws-1-450x300.jpg 450w, https:\/\/jundiai.sp.gov.br\/noticias\/wp-content\/uploads\/sites\/32\/2024\/12\/clinica-da-familia-vila-hortolandia-papai-noel-natal-_ws-1.jpg 1900w\" sizes=\"auto, (max-width: 1280px) 100vw, 1280px\" \/><\/figure>\n<\/figure>\n\n\n\n<p><strong>Assessoria de Imprensa<br>Foto: Fot\u00f3grafos PMJ <\/strong><\/p>\n","protected":false},"excerpt":{"rendered":"<p>O m\u00eas de dezembro \u00e9 sempre aguardado na Cl\u00ednica da Fam\u00edlia Hortol\u00e2ndia. J\u00e1 virou tradi\u00e7\u00e3o a equipe do servi\u00e7o, com o apoio dos conselheiros de sa\u00fade e da comunidade, preparar uma festa de Natal para confraternizar com as crian\u00e7as e, tamb\u00e9m, com os adultos. O evento foi nesta segunda-feira (16) e at\u00e9 o Papai Noel [&hellip;]<\/p>\n","protected":false},"author":50,"featured_media":351144,"comment_status":"closed","ping_status":"0","sticky":false,"template":"","format":"standard","meta":{"footnotes":""},"categories":[2],"tags":[981],"ods":[],"class_list":["post-351138","post","type-post","status-publish","format-standard","has-post-thumbnail","hentry","category-noticias","tag-promocao-da-saude"],"_links":{"self":[{"href":"https:\/\/jundiai.sp.gov.br\/noticias\/wp-json\/wp\/v2\/posts\/351138","targetHints":{"allow":["GET"]}}],"collection":[{"href":"https:\/\/jundiai.sp.gov.br\/noticias\/wp-json\/wp\/v2\/posts"}],"about":[{"href":"https:\/\/jundiai.sp.gov.br\/noticias\/wp-json\/wp\/v2\/types\/post"}],"author":[{"embeddable":true,"href":"https:\/\/jundiai.sp.gov.br\/noticias\/wp-json\/wp\/v2\/users\/50"}],"replies":[{"embeddable":true,"href":"https:\/\/jundiai.sp.gov.br\/noticias\/wp-json\/wp\/v2\/comments?post=351138"}],"version-history":[{"count":1,"href":"https:\/\/jundiai.sp.gov.br\/noticias\/wp-json\/wp\/v2\/posts\/351138\/revisions"}],"predecessor-version":[{"id":351148,"href":"https:\/\/jundiai.sp.gov.br\/noticias\/wp-json\/wp\/v2\/posts\/351138\/revisions\/351148"}],"wp:featuredmedia":[{"embeddable":true,"href":"https:\/\/jundiai.sp.gov.br\/noticias\/wp-json\/wp\/v2\/media\/351144"}],"wp:attachment":[{"href":"https:\/\/jundiai.sp.gov.br\/noticias\/wp-json\/wp\/v2\/media?parent=351138"}],"wp:term":[{"taxonomy":"category","embeddable":true,"href":"https:\/\/jundiai.sp.gov.br\/noticias\/wp-json\/wp\/v2\/categories?post=351138"},{"taxonomy":"post_tag","embeddable":true,"href":"https:\/\/jundiai.sp.gov.br\/noticias\/wp-json\/wp\/v2\/tags?post=351138"},{"taxonomy":"ods","embeddable":true,"href":"https:\/\/jundiai.sp.gov.br\/noticias\/wp-json\/wp\/v2\/ods?post=351138"}],"curies":[{"name":"wp","href":"https:\/\/api.w.org\/{rel}","templated":true}]}}