{"id":351140,"date":"2024-12-16T15:18:29","date_gmt":"2024-12-16T18:18:29","guid":{"rendered":"https:\/\/jundiai.sp.gov.br\/noticias\/?p=351140"},"modified":"2024-12-17T11:38:29","modified_gmt":"2024-12-17T14:38:29","slug":"mundo-das-criancas-realiza-agendamento-diferenciado-para-o-final-do-ano","status":"publish","type":"post","link":"https:\/\/jundiai.sp.gov.br\/noticias\/2024\/12\/16\/mundo-das-criancas-realiza-agendamento-diferenciado-para-o-final-do-ano\/","title":{"rendered":"Mundo das Crian\u00e7as realiza agendamento diferenciado para o final do ano"},"content":{"rendered":"<div class=\"wp-block-image\">\n<figure class=\"aligncenter size-large\"><img loading=\"lazy\" decoding=\"async\" width=\"1280\" height=\"854\" src=\"https:\/\/jundiai.sp.gov.br\/noticias\/wp-content\/uploads\/sites\/32\/2024\/12\/4g9a6209-1280x854.jpg\" alt=\"\" class=\"wp-image-351147\" srcset=\"https:\/\/jundiai.sp.gov.br\/noticias\/wp-content\/uploads\/sites\/32\/2024\/12\/4g9a6209-1280x854.jpg 1280w, https:\/\/jundiai.sp.gov.br\/noticias\/wp-content\/uploads\/sites\/32\/2024\/12\/4g9a6209-300x200.jpg 300w, https:\/\/jundiai.sp.gov.br\/noticias\/wp-content\/uploads\/sites\/32\/2024\/12\/4g9a6209-768x512.jpg 768w, https:\/\/jundiai.sp.gov.br\/noticias\/wp-content\/uploads\/sites\/32\/2024\/12\/4g9a6209-1536x1024.jpg 1536w, https:\/\/jundiai.sp.gov.br\/noticias\/wp-content\/uploads\/sites\/32\/2024\/12\/4g9a6209-450x300.jpg 450w, https:\/\/jundiai.sp.gov.br\/noticias\/wp-content\/uploads\/sites\/32\/2024\/12\/4g9a6209.jpg 1900w\" sizes=\"auto, (max-width: 1280px) 100vw, 1280px\" \/><figcaption class=\"wp-element-caption\"><em>Agendamento do Mundo e Espa\u00e7o das \u00c1guas (foto) est\u00e1 liberado pelos pr\u00f3ximos tr\u00eas finais de semana<\/em><\/figcaption><\/figure>\n<\/div>\n\n\n<p>Por conta das festas de fim de ano, o agendamento do Mundo das Crian\u00e7as aberto nesta segunda-feira (16), est\u00e1 contemplando tr\u00eas finais de semana seguidos, ao inv\u00e9s de um, como ocorre normalmente. Disponibilizado ao meio-dia no site do parque, o agendamento contempla visitas para os dias 21, 22, 28 e 29 de dezembro, 4 e 5 de janeiro.<\/p>\n\n\n\n<p>As reservas podem ser feitas tanto para o Mundo das Crian\u00e7as, quanto para a nova atra\u00e7\u00e3o do parque, o Espa\u00e7o das \u00c1guas. Para reservar, basta navegar at\u00e9 o site www.mundodascriancasjundiai.com.br e usar um CPF para garantir a visita gratuitamente. Cada CPF d\u00e1 direito a cinco visitantes. O agendamento ficar\u00e1 no ar at\u00e9 o preenchimento de todas as vagas disponibilizadas.<\/p>\n\n\n\n<p>Quanto \u00e0s quadras do Mundo, o agendamento ser\u00e1 realizado apenas para os dias 21 e 22. Nos dias 28 e 29 de dezembro, e 4 e 5 de janeiro, n\u00e3o ser\u00e1 necess\u00e1rio fazer o agendamento das quadras (basta realizar o agendamento do Mundo nesses dias). A partir do dia 6 de janeiro, retorna o esquema normal de agendamento.<\/p>\n\n\n\n<p><strong>Parques fechados<\/strong><\/p>\n\n\n<div class=\"wp-block-image\">\n<figure class=\"aligncenter size-large\"><img loading=\"lazy\" decoding=\"async\" width=\"1280\" height=\"854\" src=\"https:\/\/jundiai.sp.gov.br\/noticias\/wp-content\/uploads\/sites\/32\/2024\/12\/4g9a7720-1280x854.jpg\" alt=\"\" class=\"wp-image-351145\" srcset=\"https:\/\/jundiai.sp.gov.br\/noticias\/wp-content\/uploads\/sites\/32\/2024\/12\/4g9a7720-1280x854.jpg 1280w, https:\/\/jundiai.sp.gov.br\/noticias\/wp-content\/uploads\/sites\/32\/2024\/12\/4g9a7720-300x200.jpg 300w, https:\/\/jundiai.sp.gov.br\/noticias\/wp-content\/uploads\/sites\/32\/2024\/12\/4g9a7720-768x512.jpg 768w, https:\/\/jundiai.sp.gov.br\/noticias\/wp-content\/uploads\/sites\/32\/2024\/12\/4g9a7720-1536x1024.jpg 1536w, https:\/\/jundiai.sp.gov.br\/noticias\/wp-content\/uploads\/sites\/32\/2024\/12\/4g9a7720-450x300.jpg 450w, https:\/\/jundiai.sp.gov.br\/noticias\/wp-content\/uploads\/sites\/32\/2024\/12\/4g9a7720.jpg 1900w\" sizes=\"auto, (max-width: 1280px) 100vw, 1280px\" \/><figcaption class=\"wp-element-caption\"><em>Parque da Cidade (foto) e Mundo estar\u00e3o fechados nos dias 24, 25, 31 e 1\u00ba<\/em><\/figcaption><\/figure>\n<\/div>\n\n\n<p>Em fun\u00e7\u00e3o das festividades de Natal e Ano Novo e para que seus colaboradores possam aproveitar as comemora\u00e7\u00f5es em fam\u00edlia, o complexo de parques da DAE Jundia\u00ed \u2013 Mundo das Crian\u00e7as e Parque da Cidade \u2013 n\u00e3o funcionar\u00e1 nos dias 24, 25, 31 e 1\u00ba de dezembro.<\/p>\n\n\n\n<p>O hor\u00e1rio de funcionamento do Mundo das Crian\u00e7as \u00e9 de ter\u00e7a a domingo, das 7h \u00e0s 17h. De ter\u00e7a a sexta, o acesso \u00e9 liberado, sendo necess\u00e1rio apenas aos finais de semana, feriados e emendas de feriados. \u00c0s segundas-feiras, o Mundo das Crian\u00e7as j\u00e1 permanece fechado para manuten\u00e7\u00e3o habitual.<\/p>\n\n\n\n<p>J\u00e1 o Parque da Cidade funciona todos os dias a partir das 6h30. De segunda a sexta, as atividades se encerram \u00e0s 19h, com os port\u00f5es fechando \u00e0s 18h. Aos finais de semana e feriados, o Parque funciona at\u00e9 \u00e0s 18h, com fechamento dos port\u00f5es \u00e0s 17h.<\/p>\n\n\n\n<p><strong>Assessoria de Comunica\u00e7\u00e3o &#8211; DAE Jundia\u00ed <\/strong><\/p>\n\n\n\n<p><strong>Fotos: DAE Jundia\u00ed <\/strong><\/p>\n","protected":false},"excerpt":{"rendered":"<p>Por conta das festas de fim de ano, o agendamento do Mundo das Crian\u00e7as aberto nesta segunda-feira (16), est\u00e1 contemplando tr\u00eas finais de semana seguidos, ao inv\u00e9s de um, como ocorre normalmente. Disponibilizado ao meio-dia no site do parque, o agendamento contempla visitas para os dias 21, 22, 28 e 29 de dezembro, 4 e [&hellip;]<\/p>\n","protected":false},"author":40,"featured_media":0,"comment_status":"closed","ping_status":"0","sticky":false,"template":"","format":"standard","meta":{"footnotes":""},"categories":[2],"tags":[1940,4602,1436,47],"ods":[],"class_list":["post-351140","post","type-post","status-publish","format-standard","hentry","category-noticias","tag-dae-jundiai","tag-espaco-das-aguas","tag-mundo-das-criancas","tag-parque-da-cidade"],"_links":{"self":[{"href":"https:\/\/jundiai.sp.gov.br\/noticias\/wp-json\/wp\/v2\/posts\/351140","targetHints":{"allow":["GET"]}}],"collection":[{"href":"https:\/\/jundiai.sp.gov.br\/noticias\/wp-json\/wp\/v2\/posts"}],"about":[{"href":"https:\/\/jundiai.sp.gov.br\/noticias\/wp-json\/wp\/v2\/types\/post"}],"author":[{"embeddable":true,"href":"https:\/\/jundiai.sp.gov.br\/noticias\/wp-json\/wp\/v2\/users\/40"}],"replies":[{"embeddable":true,"href":"https:\/\/jundiai.sp.gov.br\/noticias\/wp-json\/wp\/v2\/comments?post=351140"}],"version-history":[{"count":3,"href":"https:\/\/jundiai.sp.gov.br\/noticias\/wp-json\/wp\/v2\/posts\/351140\/revisions"}],"predecessor-version":[{"id":351189,"href":"https:\/\/jundiai.sp.gov.br\/noticias\/wp-json\/wp\/v2\/posts\/351140\/revisions\/351189"}],"wp:attachment":[{"href":"https:\/\/jundiai.sp.gov.br\/noticias\/wp-json\/wp\/v2\/media?parent=351140"}],"wp:term":[{"taxonomy":"category","embeddable":true,"href":"https:\/\/jundiai.sp.gov.br\/noticias\/wp-json\/wp\/v2\/categories?post=351140"},{"taxonomy":"post_tag","embeddable":true,"href":"https:\/\/jundiai.sp.gov.br\/noticias\/wp-json\/wp\/v2\/tags?post=351140"},{"taxonomy":"ods","embeddable":true,"href":"https:\/\/jundiai.sp.gov.br\/noticias\/wp-json\/wp\/v2\/ods?post=351140"}],"curies":[{"name":"wp","href":"https:\/\/api.w.org\/{rel}","templated":true}]}}