{"id":351159,"date":"2024-12-18T12:20:53","date_gmt":"2024-12-18T15:20:53","guid":{"rendered":"https:\/\/jundiai.sp.gov.br\/noticias\/?p=351159"},"modified":"2024-12-18T12:20:53","modified_gmt":"2024-12-18T15:20:53","slug":"escritorio-tecnico-de-projetos-da-rmj-faz-balanco-de-acoes-no-ano","status":"publish","type":"post","link":"https:\/\/jundiai.sp.gov.br\/noticias\/2024\/12\/18\/escritorio-tecnico-de-projetos-da-rmj-faz-balanco-de-acoes-no-ano\/","title":{"rendered":"Escrit\u00f3rio T\u00e9cnico de Projetos da RMJ faz balan\u00e7o de a\u00e7\u00f5es no ano"},"content":{"rendered":"\n<p>Na \u00faltima semana, integrantes do Escrit\u00f3rio T\u00e9cnico de Projetos da Regi\u00e3o Metropolitana de Jundia\u00ed (RMJ) se reuniram, no Pa\u00e7o Municipal, para fazer um balan\u00e7o das atividades desenvolvidas ao longo deste ano. O encontro contou com a presen\u00e7a do Subsecret\u00e1rio Estadual da Secret\u00e1ria de Habita\u00e7\u00e3o e Desenvolvimento Urbano, Jos\u00e9 Police Neto, al\u00e9m de prefeitos e autoridades da regi\u00e3o.<br><br>Em pauta, destaque para os avan\u00e7os &#8220;Caminhos do Vale do Rio Jundia\u00ed&#8221;, projeto priorit\u00e1rio que visa requalificar, preservar e ocupar as margens do rio de maneira que potencialize os recursos naturais. O projeto prev\u00ea a implanta\u00e7\u00e3o de um\u00a0parque linear ao longo do Rio, alargamento das margens para evitar alagamentos, an\u00e1lises de futuras desapropria\u00e7\u00f5es e constru\u00e7\u00e3o de novas pontes e projeto vi\u00e1rio, al\u00e9m de ciclovia\u00a0e cal\u00e7adas acess\u00edveis.<\/p>\n\n\n\n<p>\u201cA previs\u00e3o \u00e9 que, em 2025, tenhamos o Termo de Referenciamento desse importante projeto, que servir\u00e1 de refer\u00eancia para todas as regi\u00f5es metropolitanas do Estado. A partir disso, ser\u00e1 poss\u00edvel captar os recursos para tirar o projeto do papel\u201d, comentou o Assessor Especial da RMJ, Carmelo Paoletti Neto.<br><br>Outro assunto abordado foi a solu\u00e7\u00e3o dos conflitos nas \u00e1reas de divisas, al\u00e9m da conquista do acesso \u00e0s informa\u00e7\u00f5es do monitoramento por sat\u00e9lite feito pelo Estado, uma ferramenta que ir\u00e1 potencializar o planejamento de a\u00e7\u00f5es e fiscaliza\u00e7\u00e3o do territ\u00f3rio.<\/p>\n\n\n\n<figure class=\"wp-block-image size-large\"><img loading=\"lazy\" decoding=\"async\" width=\"1280\" height=\"854\" src=\"https:\/\/jundiai.sp.gov.br\/noticias\/wp-content\/uploads\/sites\/32\/2024\/12\/reuniao-de-projetos-secretaria-de-desemvolvimento-urbano_fm_-7-1280x854.jpg\" alt=\"\" class=\"wp-image-351161\" srcset=\"https:\/\/jundiai.sp.gov.br\/noticias\/wp-content\/uploads\/sites\/32\/2024\/12\/reuniao-de-projetos-secretaria-de-desemvolvimento-urbano_fm_-7-1280x854.jpg 1280w, https:\/\/jundiai.sp.gov.br\/noticias\/wp-content\/uploads\/sites\/32\/2024\/12\/reuniao-de-projetos-secretaria-de-desemvolvimento-urbano_fm_-7-300x200.jpg 300w, https:\/\/jundiai.sp.gov.br\/noticias\/wp-content\/uploads\/sites\/32\/2024\/12\/reuniao-de-projetos-secretaria-de-desemvolvimento-urbano_fm_-7-768x512.jpg 768w, https:\/\/jundiai.sp.gov.br\/noticias\/wp-content\/uploads\/sites\/32\/2024\/12\/reuniao-de-projetos-secretaria-de-desemvolvimento-urbano_fm_-7-1536x1024.jpg 1536w, https:\/\/jundiai.sp.gov.br\/noticias\/wp-content\/uploads\/sites\/32\/2024\/12\/reuniao-de-projetos-secretaria-de-desemvolvimento-urbano_fm_-7-450x300.jpg 450w, https:\/\/jundiai.sp.gov.br\/noticias\/wp-content\/uploads\/sites\/32\/2024\/12\/reuniao-de-projetos-secretaria-de-desemvolvimento-urbano_fm_-7.jpg 1900w\" sizes=\"auto, (max-width: 1280px) 100vw, 1280px\" \/><figcaption class=\"wp-element-caption\">\u00daltimo encontro do ano foi realizado no Pa\u00e7o Municipal<\/figcaption><\/figure>\n\n\n\n<p><strong>Assessoria de Imprensa<br>Foto: Fot\u00f3grafo PMJ<\/strong><\/p>\n","protected":false},"excerpt":{"rendered":"<p>Na \u00faltima semana, integrantes do Escrit\u00f3rio T\u00e9cnico de Projetos da Regi\u00e3o Metropolitana de Jundia\u00ed (RMJ) se reuniram, no Pa\u00e7o Municipal, para fazer um balan\u00e7o das atividades desenvolvidas ao longo deste ano. O encontro contou com a presen\u00e7a do Subsecret\u00e1rio Estadual da Secret\u00e1ria de Habita\u00e7\u00e3o e Desenvolvimento Urbano, Jos\u00e9 Police Neto, al\u00e9m de prefeitos e autoridades [&hellip;]<\/p>\n","protected":false},"author":90,"featured_media":351161,"comment_status":"closed","ping_status":"0","sticky":false,"template":"","format":"standard","meta":{"footnotes":""},"categories":[2],"tags":[2183],"ods":[],"class_list":["post-351159","post","type-post","status-publish","format-standard","has-post-thumbnail","hentry","category-noticias","tag-regiao-metropolitana-de-jundiai"],"_links":{"self":[{"href":"https:\/\/jundiai.sp.gov.br\/noticias\/wp-json\/wp\/v2\/posts\/351159","targetHints":{"allow":["GET"]}}],"collection":[{"href":"https:\/\/jundiai.sp.gov.br\/noticias\/wp-json\/wp\/v2\/posts"}],"about":[{"href":"https:\/\/jundiai.sp.gov.br\/noticias\/wp-json\/wp\/v2\/types\/post"}],"author":[{"embeddable":true,"href":"https:\/\/jundiai.sp.gov.br\/noticias\/wp-json\/wp\/v2\/users\/90"}],"replies":[{"embeddable":true,"href":"https:\/\/jundiai.sp.gov.br\/noticias\/wp-json\/wp\/v2\/comments?post=351159"}],"version-history":[{"count":3,"href":"https:\/\/jundiai.sp.gov.br\/noticias\/wp-json\/wp\/v2\/posts\/351159\/revisions"}],"predecessor-version":[{"id":351264,"href":"https:\/\/jundiai.sp.gov.br\/noticias\/wp-json\/wp\/v2\/posts\/351159\/revisions\/351264"}],"wp:featuredmedia":[{"embeddable":true,"href":"https:\/\/jundiai.sp.gov.br\/noticias\/wp-json\/wp\/v2\/media\/351161"}],"wp:attachment":[{"href":"https:\/\/jundiai.sp.gov.br\/noticias\/wp-json\/wp\/v2\/media?parent=351159"}],"wp:term":[{"taxonomy":"category","embeddable":true,"href":"https:\/\/jundiai.sp.gov.br\/noticias\/wp-json\/wp\/v2\/categories?post=351159"},{"taxonomy":"post_tag","embeddable":true,"href":"https:\/\/jundiai.sp.gov.br\/noticias\/wp-json\/wp\/v2\/tags?post=351159"},{"taxonomy":"ods","embeddable":true,"href":"https:\/\/jundiai.sp.gov.br\/noticias\/wp-json\/wp\/v2\/ods?post=351159"}],"curies":[{"name":"wp","href":"https:\/\/api.w.org\/{rel}","templated":true}]}}