{"id":351190,"date":"2024-12-29T08:02:00","date_gmt":"2024-12-29T11:02:00","guid":{"rendered":"https:\/\/jundiai.sp.gov.br\/noticias\/?p=351190"},"modified":"2024-12-18T18:02:45","modified_gmt":"2024-12-18T21:02:45","slug":"balanco-novo-asfalto-e-iluminacao-avancam-em-oito-anos","status":"publish","type":"post","link":"https:\/\/jundiai.sp.gov.br\/noticias\/2024\/12\/29\/balanco-novo-asfalto-e-iluminacao-avancam-em-oito-anos\/","title":{"rendered":"Balan\u00e7o: novo asfalto e ilumina\u00e7\u00e3o avan\u00e7am em oito anos"},"content":{"rendered":"\n<p>Os \u00faltimos oito anos, com a gest\u00e3o do Prefeito Luiz Fernando Machado, Jundia\u00ed registrou grande avan\u00e7o na infraestrutura nas vias de Jundia\u00ed. Isso porque, desde 2017, a Unidade de Gest\u00e3o de Infraestrutura e Servi\u00e7os P\u00fablicos (UGISP) garantiu mais de 1,47 milh\u00e3o de m\u00b2 de asfalto, entre pavimenta\u00e7\u00f5es e recapeamentos, al\u00e9m de mais de 10 mil novas l\u00e2mpadas em LED em todas as regi\u00f5es do munic\u00edpio.<\/p>\n\n\n\n<p>Por meio do Programa Mais Asfalto, dentre os mais de 1,47 milh\u00e3o de m\u00b2 de asfalto, foram feitos aproximadamente 1 milh\u00e3o de m\u00b2 de recapeamento e recupera\u00e7\u00e3o de vias. No \u00faltimo pacote, realizado neste ano, a Prefeitura chegou \u00e0 marca de 70% das vias de transporte p\u00fablico recapeadas. Al\u00e9m disso, tamb\u00e9m foram feitos 238,1 mil m\u00b2 de pavimenta\u00e7\u00f5es.<\/p>\n\n\n\n<figure class=\"wp-block-image size-large\"><img loading=\"lazy\" decoding=\"async\" width=\"1280\" height=\"720\" src=\"https:\/\/jundiai.sp.gov.br\/noticias\/wp-content\/uploads\/sites\/32\/2024\/12\/mais-asfalto-jardim-danubio-aereas-ruas-sinalizadas-_ws_11-1280x720.jpg\" alt=\"\" class=\"wp-image-351213\" srcset=\"https:\/\/jundiai.sp.gov.br\/noticias\/wp-content\/uploads\/sites\/32\/2024\/12\/mais-asfalto-jardim-danubio-aereas-ruas-sinalizadas-_ws_11-1280x720.jpg 1280w, https:\/\/jundiai.sp.gov.br\/noticias\/wp-content\/uploads\/sites\/32\/2024\/12\/mais-asfalto-jardim-danubio-aereas-ruas-sinalizadas-_ws_11-300x169.jpg 300w, https:\/\/jundiai.sp.gov.br\/noticias\/wp-content\/uploads\/sites\/32\/2024\/12\/mais-asfalto-jardim-danubio-aereas-ruas-sinalizadas-_ws_11-768x432.jpg 768w, https:\/\/jundiai.sp.gov.br\/noticias\/wp-content\/uploads\/sites\/32\/2024\/12\/mais-asfalto-jardim-danubio-aereas-ruas-sinalizadas-_ws_11-1536x864.jpg 1536w, https:\/\/jundiai.sp.gov.br\/noticias\/wp-content\/uploads\/sites\/32\/2024\/12\/mais-asfalto-jardim-danubio-aereas-ruas-sinalizadas-_ws_11.jpg 1900w\" sizes=\"auto, (max-width: 1280px) 100vw, 1280px\" \/><figcaption class=\"wp-element-caption\">Recapeamento chegou a todo o bairro do Jardim Dan\u00fabio e demais regi\u00f5es da cidade<\/figcaption><\/figure>\n\n\n\n<p>Pelo Programam Caminhos Sustent\u00e1veis, uma ramifica\u00e7\u00e3o do Mais Asfalto, foram realizados 234,1 mil m\u00b2 de pavimenta\u00e7\u00f5es ecol\u00f3gicas, em estradas de terras da cidade.<\/p>\n\n\n\n<p>\u201cA revitaliza\u00e7\u00e3o dos bairros, com asfalto e ilumina\u00e7\u00e3o de qualidade, garantem mais seguran\u00e7a e valorizam as regi\u00f5es. O LED ainda \u00e9 uma iniciativa sustent\u00e1vel e gasta menos energia, trazendo tamb\u00e9m ganhos ao meio ambiente. Nesses oito anos Jundia\u00ed avan\u00e7ou sem deixar as pessoas para tr\u00e1s\u201d, afirma o Prefeito Luiz Fernando Machado.<\/p>\n\n\n\n<p>O processo de renova\u00e7\u00e3o do parque de ilumina\u00e7\u00e3o p\u00fablica, iniciado em 2021, evoluiu a chegou a mais de 10 mil l\u00e2mpadas de LED instaladas. Cerca de 250 ruas e avenidas foram contempladas, em bairros como Vila Progresso, Centro, Ponte S\u00e3o Jo\u00e3o, Vila Rio Branco, Vila Liberdade, Jardim Fepasa, Caxambu, Jardim Pacaembu, Engordadouro, Jardim Novo Horizonte, Almerinda, Horto Florestal, Marco Leite, Jardim Dan\u00fabio, Ponte de Campinas, Vila Municipal, al\u00e9m de parques e pra\u00e7as.<\/p>\n\n\n\n<figure class=\"wp-block-image size-large\"><img loading=\"lazy\" decoding=\"async\" width=\"1280\" height=\"720\" src=\"https:\/\/jundiai.sp.gov.br\/noticias\/wp-content\/uploads\/sites\/32\/2024\/12\/aereas-iluminacao-vila-rio-branco-e-danubio-_ws-9-1280x720.jpg\" alt=\"\" class=\"wp-image-351214\" srcset=\"https:\/\/jundiai.sp.gov.br\/noticias\/wp-content\/uploads\/sites\/32\/2024\/12\/aereas-iluminacao-vila-rio-branco-e-danubio-_ws-9-1280x720.jpg 1280w, https:\/\/jundiai.sp.gov.br\/noticias\/wp-content\/uploads\/sites\/32\/2024\/12\/aereas-iluminacao-vila-rio-branco-e-danubio-_ws-9-300x169.jpg 300w, https:\/\/jundiai.sp.gov.br\/noticias\/wp-content\/uploads\/sites\/32\/2024\/12\/aereas-iluminacao-vila-rio-branco-e-danubio-_ws-9-768x432.jpg 768w, https:\/\/jundiai.sp.gov.br\/noticias\/wp-content\/uploads\/sites\/32\/2024\/12\/aereas-iluminacao-vila-rio-branco-e-danubio-_ws-9-1536x864.jpg 1536w, https:\/\/jundiai.sp.gov.br\/noticias\/wp-content\/uploads\/sites\/32\/2024\/12\/aereas-iluminacao-vila-rio-branco-e-danubio-_ws-9.jpg 1900w\" sizes=\"auto, (max-width: 1280px) 100vw, 1280px\" \/><figcaption class=\"wp-element-caption\">Parque de ilumina\u00e7\u00e3o p\u00fablica recebeu aproximadamente 10 mil novas l\u00e2mpadas de LED<\/figcaption><\/figure>\n\n\n\n<p>\u201cSempre trabalhamos dentro de uma programa\u00e7\u00e3o, pautados por crit\u00e9rios t\u00e9cnicos e priorizando as regi\u00f5es com maior necessidade. Dessa forma, fizemos investimentos assertivos, que melhoraram o dia a dia das pessoas\u201d, ressalta o gestor de Infraestrutura e Servi\u00e7os P\u00fablicos, Eduardo Valen\u00e7a.<\/p>\n\n\n\n<p><strong>Assessoria de Imprensa<br>Fotos: Fot\u00f3grafo PMJ<\/strong><\/p>\n","protected":false},"excerpt":{"rendered":"<p>Os \u00faltimos oito anos, com a gest\u00e3o do Prefeito Luiz Fernando Machado, Jundia\u00ed registrou grande avan\u00e7o na infraestrutura nas vias de Jundia\u00ed. Isso porque, desde 2017, a Unidade de Gest\u00e3o de Infraestrutura e Servi\u00e7os P\u00fablicos (UGISP) garantiu mais de 1,47 milh\u00e3o de m\u00b2 de asfalto, entre pavimenta\u00e7\u00f5es e recapeamentos, al\u00e9m de mais de 10 mil [&hellip;]<\/p>\n","protected":false},"author":90,"featured_media":351213,"comment_status":"closed","ping_status":"0","sticky":false,"template":"","format":"standard","meta":{"footnotes":""},"categories":[4620,2],"tags":[2159,3673,2749],"ods":[],"class_list":["post-351190","post","type-post","status-publish","format-standard","has-post-thumbnail","hentry","category-destaques","category-noticias","tag-asfalto","tag-iluminacao","tag-infraestrutura"],"_links":{"self":[{"href":"https:\/\/jundiai.sp.gov.br\/noticias\/wp-json\/wp\/v2\/posts\/351190","targetHints":{"allow":["GET"]}}],"collection":[{"href":"https:\/\/jundiai.sp.gov.br\/noticias\/wp-json\/wp\/v2\/posts"}],"about":[{"href":"https:\/\/jundiai.sp.gov.br\/noticias\/wp-json\/wp\/v2\/types\/post"}],"author":[{"embeddable":true,"href":"https:\/\/jundiai.sp.gov.br\/noticias\/wp-json\/wp\/v2\/users\/90"}],"replies":[{"embeddable":true,"href":"https:\/\/jundiai.sp.gov.br\/noticias\/wp-json\/wp\/v2\/comments?post=351190"}],"version-history":[{"count":5,"href":"https:\/\/jundiai.sp.gov.br\/noticias\/wp-json\/wp\/v2\/posts\/351190\/revisions"}],"predecessor-version":[{"id":351587,"href":"https:\/\/jundiai.sp.gov.br\/noticias\/wp-json\/wp\/v2\/posts\/351190\/revisions\/351587"}],"wp:featuredmedia":[{"embeddable":true,"href":"https:\/\/jundiai.sp.gov.br\/noticias\/wp-json\/wp\/v2\/media\/351213"}],"wp:attachment":[{"href":"https:\/\/jundiai.sp.gov.br\/noticias\/wp-json\/wp\/v2\/media?parent=351190"}],"wp:term":[{"taxonomy":"category","embeddable":true,"href":"https:\/\/jundiai.sp.gov.br\/noticias\/wp-json\/wp\/v2\/categories?post=351190"},{"taxonomy":"post_tag","embeddable":true,"href":"https:\/\/jundiai.sp.gov.br\/noticias\/wp-json\/wp\/v2\/tags?post=351190"},{"taxonomy":"ods","embeddable":true,"href":"https:\/\/jundiai.sp.gov.br\/noticias\/wp-json\/wp\/v2\/ods?post=351190"}],"curies":[{"name":"wp","href":"https:\/\/api.w.org\/{rel}","templated":true}]}}