{"id":351241,"date":"2024-12-25T08:35:00","date_gmt":"2024-12-25T11:35:00","guid":{"rendered":"https:\/\/jundiai.sp.gov.br\/noticias\/?p=351241"},"modified":"2024-12-18T18:11:22","modified_gmt":"2024-12-18T21:11:22","slug":"investimentos-em-tecnologia-potencializam-servicos-e-agilizam-a-vida-do-cidadao","status":"publish","type":"post","link":"https:\/\/jundiai.sp.gov.br\/noticias\/2024\/12\/25\/investimentos-em-tecnologia-potencializam-servicos-e-agilizam-a-vida-do-cidadao\/","title":{"rendered":"Investimentos em tecnologia potencializam servi\u00e7os e agilizam a vida do cidad\u00e3o"},"content":{"rendered":"\n<p>A constru\u00e7\u00e3o de uma cidade mais inclusiva passa pelos investimentos assertivos em tecnologias. Jundia\u00ed, h\u00e1 oito anos, inseriu no Plano Plurianual (PPA) municipal o Programa \u201cJundia\u00ed, Cidade Inteligente\u201d, para destinar recursos ao que h\u00e1 de mais moderno e inovador, visando potencializar a presta\u00e7\u00e3o dos servi\u00e7os p\u00fablicos. O planejamento al\u00e7ou o mun\u00edcio ao 8\u00ba lugar no ranking nacional de cidades mais inteligentes e conectadas, entre os munic\u00edpios na faixa de 100 a 500 mil habitantes, segundo a Urban System.<\/p>\n\n\n\n<p>Muitos avan\u00e7os foram conquistados e premiados nas mais diversas \u00e1reas. Na sa\u00fade, foi implantada a telemedicina com seis especialidades na teleinterconsulta e o eletrocardiograma e emiss\u00e3o de laudo no telediagn\u00f3stico. A pr\u00e1tica rendeu o Pr\u00eamio InovaCidade para Jundia\u00ed, em 2022. No Hospital S\u00e3o Vicente, \u00e9 utilizada a intelig\u00eancia artificial para a gest\u00e3o e coordena\u00e7\u00e3o dos cuidados dos pacientes com infec\u00e7\u00e3o generalizada (sepse).<\/p>\n\n\n\n<figure class=\"wp-block-image size-large\"><img loading=\"lazy\" decoding=\"async\" width=\"1280\" height=\"854\" src=\"https:\/\/jundiai.sp.gov.br\/noticias\/wp-content\/uploads\/sites\/32\/2024\/12\/ubs-esplanada-teleinterconsulta_fm_-38-1280x854.jpg\" alt=\"\" class=\"wp-image-351270\" srcset=\"https:\/\/jundiai.sp.gov.br\/noticias\/wp-content\/uploads\/sites\/32\/2024\/12\/ubs-esplanada-teleinterconsulta_fm_-38-1280x854.jpg 1280w, https:\/\/jundiai.sp.gov.br\/noticias\/wp-content\/uploads\/sites\/32\/2024\/12\/ubs-esplanada-teleinterconsulta_fm_-38-300x200.jpg 300w, https:\/\/jundiai.sp.gov.br\/noticias\/wp-content\/uploads\/sites\/32\/2024\/12\/ubs-esplanada-teleinterconsulta_fm_-38-768x512.jpg 768w, https:\/\/jundiai.sp.gov.br\/noticias\/wp-content\/uploads\/sites\/32\/2024\/12\/ubs-esplanada-teleinterconsulta_fm_-38-1536x1024.jpg 1536w, https:\/\/jundiai.sp.gov.br\/noticias\/wp-content\/uploads\/sites\/32\/2024\/12\/ubs-esplanada-teleinterconsulta_fm_-38-450x300.jpg 450w, https:\/\/jundiai.sp.gov.br\/noticias\/wp-content\/uploads\/sites\/32\/2024\/12\/ubs-esplanada-teleinterconsulta_fm_-38.jpg 1900w\" sizes=\"auto, (max-width: 1280px) 100vw, 1280px\" \/><figcaption class=\"wp-element-caption\">Teleinterconsulta ampliou a oferta de sa\u00fade p\u00fablica no munic\u00edpio e melhorou a vida das pessoas<\/figcaption><\/figure>\n\n\n\n<p>Alinhada aos conceitos do Programa Cidade das Crian\u00e7as, a gest\u00e3o ainda lan\u00e7ou os alertas da inf\u00e2ncia. S\u00e3o 14, nas \u00e1reas da sa\u00fade, educa\u00e7\u00e3o e assist\u00eancia social. Indicam os principais gargalos que envolvem as crian\u00e7as e auxiliam a tomada de decis\u00e3o para garantia do cuidado integral dos pequenos e das m\u00e3es.<\/p>\n\n\n\n<p>Na educa\u00e7\u00e3o, foram realizados investimentos em chromebooks, tablets, lousas digitais, rob\u00f4s, material maker e o FabLab, que teve acordo renovado para os pr\u00f3ximos anos, visando o pleno aprendizado das crian\u00e7as.<\/p>\n\n\n\n<p>\u201cA tecnologia \u00e9 transformadora e fundamental para garantir a qualidade do servi\u00e7o p\u00fablico prestado \u00e0 popula\u00e7\u00e3o. Em Jundia\u00ed, seguimos um caminho de Cidade Inteligente e fizemos investimentos assertivos, de acordo com as principais demandas do munic\u00edpio, e promovemos a transforma\u00e7\u00e3o na vida das pessoas\u201d, afirma o Prefeito Luiz Fernando Machado.<\/p>\n\n\n\n<figure class=\"wp-block-image size-large\"><img loading=\"lazy\" decoding=\"async\" width=\"1280\" height=\"854\" src=\"https:\/\/jundiai.sp.gov.br\/noticias\/wp-content\/uploads\/sites\/32\/2024\/12\/fab-lab-oficina-de-robotica-maes-e-filhas_fm_-57-1280x854.jpg\" alt=\"\" class=\"wp-image-351271\" srcset=\"https:\/\/jundiai.sp.gov.br\/noticias\/wp-content\/uploads\/sites\/32\/2024\/12\/fab-lab-oficina-de-robotica-maes-e-filhas_fm_-57-1280x854.jpg 1280w, https:\/\/jundiai.sp.gov.br\/noticias\/wp-content\/uploads\/sites\/32\/2024\/12\/fab-lab-oficina-de-robotica-maes-e-filhas_fm_-57-300x200.jpg 300w, https:\/\/jundiai.sp.gov.br\/noticias\/wp-content\/uploads\/sites\/32\/2024\/12\/fab-lab-oficina-de-robotica-maes-e-filhas_fm_-57-768x512.jpg 768w, https:\/\/jundiai.sp.gov.br\/noticias\/wp-content\/uploads\/sites\/32\/2024\/12\/fab-lab-oficina-de-robotica-maes-e-filhas_fm_-57-1536x1024.jpg 1536w, https:\/\/jundiai.sp.gov.br\/noticias\/wp-content\/uploads\/sites\/32\/2024\/12\/fab-lab-oficina-de-robotica-maes-e-filhas_fm_-57-450x300.jpg 450w, https:\/\/jundiai.sp.gov.br\/noticias\/wp-content\/uploads\/sites\/32\/2024\/12\/fab-lab-oficina-de-robotica-maes-e-filhas_fm_-57.jpg 1900w\" sizes=\"auto, (max-width: 1280px) 100vw, 1280px\" \/><figcaption class=\"wp-element-caption\">FabLab estimula as crian\u00e7as a desenvolver habilidades de rob\u00f3tica<\/figcaption><\/figure>\n\n\n\n<p><strong>E mais<\/strong><br>Uma das principais ferramentas lan\u00e7adas na gest\u00e3o foi o Observat\u00f3rio Jundia\u00ed, idealizado pela Unidade de Gest\u00e3o de Governo e Finan\u00e7as (UGGF) e desenvolvido pela Companhia de Inform\u00e1tica de Jundia\u00ed (Cijun). A plataforma conta com cerca de 400&nbsp;indicadores vinculados aos 17 ODS, que revelam as condi\u00e7\u00f5es sociais, econ\u00f4micas e outras dimens\u00f5es da cidade, como dados das \u00e1reas de Sa\u00fade, Educa\u00e7\u00e3o, Transporte, Seguran\u00e7a, Economia, entre outras. Tamb\u00e9m h\u00e1 cerca de 120 indicadores voltados \u00e0 inf\u00e2ncia. Al\u00e9m disso, \u00e9 poss\u00edvel monitorar as principais obras em tempo real, com informa\u00e7\u00f5es de investimentos e prazos.<\/p>\n\n\n\n<p>H\u00e1, ainda, outras iniciativas como a JU, a Assistente Virtual, 500 km de fibra \u00f3ptica em 101 pontos da cidade, c\u00e2meras de seguran\u00e7a, APP Jundia\u00ed com mais de 130 funcionalidades e 45 op\u00e7\u00f5es de servi\u00e7os e muito mais. Recentemente, a cidade passou a receber o 5G puro.<\/p>\n\n\n\n<p>\u201cJundia\u00ed tem o programa Cidade Inteligente e destinou recursos no PPA, com o objetivo de usar as inova\u00e7\u00f5es tecnol\u00f3gicas para melhorar cada vez mais o servi\u00e7o p\u00fablico levado \u00e0 nossa popula\u00e7\u00e3o, facilitando a vida das pessoas que mais precisam do poder p\u00fablico. Uma Cidade Inteligente tem que ser inclusiva e \u00e9 isso que promovemos em nosso munic\u00edpio nos \u00faltimos oito anos\u201d, ressalta o gestor de Governo e Finan\u00e7as, Jos\u00e9 Antonio Parimoschi.<\/p>\n\n\n\n<figure class=\"wp-block-image size-large\"><img loading=\"lazy\" decoding=\"async\" width=\"1280\" height=\"719\" src=\"https:\/\/jundiai.sp.gov.br\/noticias\/wp-content\/uploads\/sites\/32\/2024\/12\/aereas_cidade_jundiai_noturnas_outono_pa-11-1280x719.jpg\" alt=\"\" class=\"wp-image-351272\" srcset=\"https:\/\/jundiai.sp.gov.br\/noticias\/wp-content\/uploads\/sites\/32\/2024\/12\/aereas_cidade_jundiai_noturnas_outono_pa-11-1280x719.jpg 1280w, https:\/\/jundiai.sp.gov.br\/noticias\/wp-content\/uploads\/sites\/32\/2024\/12\/aereas_cidade_jundiai_noturnas_outono_pa-11-300x169.jpg 300w, https:\/\/jundiai.sp.gov.br\/noticias\/wp-content\/uploads\/sites\/32\/2024\/12\/aereas_cidade_jundiai_noturnas_outono_pa-11-768x432.jpg 768w, https:\/\/jundiai.sp.gov.br\/noticias\/wp-content\/uploads\/sites\/32\/2024\/12\/aereas_cidade_jundiai_noturnas_outono_pa-11-1536x863.jpg 1536w, https:\/\/jundiai.sp.gov.br\/noticias\/wp-content\/uploads\/sites\/32\/2024\/12\/aereas_cidade_jundiai_noturnas_outono_pa-11.jpg 1900w\" sizes=\"auto, (max-width: 1280px) 100vw, 1280px\" \/><figcaption class=\"wp-element-caption\">Investimentos em tecnologia foram previstos no Plano Plurianual (PPA) municipal<\/figcaption><\/figure>\n\n\n\n<p><strong>Assessoria de Imprensa<br>Fotos: Fot\u00f3grafo PMJ<\/strong><\/p>\n","protected":false},"excerpt":{"rendered":"<p>A constru\u00e7\u00e3o de uma cidade mais inclusiva passa pelos investimentos assertivos em tecnologias. Jundia\u00ed, h\u00e1 oito anos, inseriu no Plano Plurianual (PPA) municipal o Programa \u201cJundia\u00ed, Cidade Inteligente\u201d, para destinar recursos ao que h\u00e1 de mais moderno e inovador, visando potencializar a presta\u00e7\u00e3o dos servi\u00e7os p\u00fablicos. O planejamento al\u00e7ou o mun\u00edcio ao 8\u00ba lugar no [&hellip;]<\/p>\n","protected":false},"author":90,"featured_media":351270,"comment_status":"closed","ping_status":"0","sticky":false,"template":"","format":"standard","meta":{"footnotes":""},"categories":[4620,2],"tags":[6,3,1410],"ods":[],"class_list":["post-351241","post","type-post","status-publish","format-standard","has-post-thumbnail","hentry","category-destaques","category-noticias","tag-educacao","tag-saude","tag-tecnologia"],"_links":{"self":[{"href":"https:\/\/jundiai.sp.gov.br\/noticias\/wp-json\/wp\/v2\/posts\/351241","targetHints":{"allow":["GET"]}}],"collection":[{"href":"https:\/\/jundiai.sp.gov.br\/noticias\/wp-json\/wp\/v2\/posts"}],"about":[{"href":"https:\/\/jundiai.sp.gov.br\/noticias\/wp-json\/wp\/v2\/types\/post"}],"author":[{"embeddable":true,"href":"https:\/\/jundiai.sp.gov.br\/noticias\/wp-json\/wp\/v2\/users\/90"}],"replies":[{"embeddable":true,"href":"https:\/\/jundiai.sp.gov.br\/noticias\/wp-json\/wp\/v2\/comments?post=351241"}],"version-history":[{"count":3,"href":"https:\/\/jundiai.sp.gov.br\/noticias\/wp-json\/wp\/v2\/posts\/351241\/revisions"}],"predecessor-version":[{"id":351461,"href":"https:\/\/jundiai.sp.gov.br\/noticias\/wp-json\/wp\/v2\/posts\/351241\/revisions\/351461"}],"wp:featuredmedia":[{"embeddable":true,"href":"https:\/\/jundiai.sp.gov.br\/noticias\/wp-json\/wp\/v2\/media\/351270"}],"wp:attachment":[{"href":"https:\/\/jundiai.sp.gov.br\/noticias\/wp-json\/wp\/v2\/media?parent=351241"}],"wp:term":[{"taxonomy":"category","embeddable":true,"href":"https:\/\/jundiai.sp.gov.br\/noticias\/wp-json\/wp\/v2\/categories?post=351241"},{"taxonomy":"post_tag","embeddable":true,"href":"https:\/\/jundiai.sp.gov.br\/noticias\/wp-json\/wp\/v2\/tags?post=351241"},{"taxonomy":"ods","embeddable":true,"href":"https:\/\/jundiai.sp.gov.br\/noticias\/wp-json\/wp\/v2\/ods?post=351241"}],"curies":[{"name":"wp","href":"https:\/\/api.w.org\/{rel}","templated":true}]}}