{"id":351328,"date":"2024-12-19T08:52:00","date_gmt":"2024-12-19T11:52:00","guid":{"rendered":"https:\/\/jundiai.sp.gov.br\/noticias\/?p=351328"},"modified":"2024-12-18T18:52:13","modified_gmt":"2024-12-18T21:52:13","slug":"mercocidades-tem-novo-encontro-da-unidade-tematica-das-infancias","status":"publish","type":"post","link":"https:\/\/jundiai.sp.gov.br\/noticias\/2024\/12\/19\/mercocidades-tem-novo-encontro-da-unidade-tematica-das-infancias\/","title":{"rendered":"Mercocidades tem novo encontro da Unidade Tem\u00e1tica das Inf\u00e2ncias"},"content":{"rendered":"\n<p>Coordenadora da Unidade Tem\u00e1tica das Inf\u00e2ncias, a Prefeitura de Jundia\u00ed esteve presente na XXIX C\u00fapula da Rede Mercocidades, realizada em Esteban Echeverr\u00eda, Argentina, no in\u00edcio do m\u00eas de dezembro, presidindo o primeiro encontro presencial do grupo de trabalho focado nas crian\u00e7as. Jundia\u00ed tamb\u00e9m recebeu premia\u00e7\u00e3o por projeto desenvolvido na Assist\u00eancia Social.<\/p>\n\n\n\n<p>\u201cOs investimentos realizados nas inf\u00e2ncias e as pol\u00edticas implementadas a partir do programa municipal Cidade das Crian\u00e7as tornaram Jundia\u00ed uma refer\u00eancia internacional no tema. A atua\u00e7\u00e3o na Mercocidades \u00e9 mais uma forma de potencializar o alcance das a\u00e7\u00f5es locais e fortalecer as pol\u00edticas p\u00fablicas e servi\u00e7os ofertados \u00e0 popula\u00e7\u00e3o de Jundia\u00ed\u201d, comentou o prefeito Luiz Fernando Machado.<\/p>\n\n\n\n<p>Representando a cidade na coordena\u00e7\u00e3o da Unidade Tem\u00e1tica, o assessor da Unidade de Governo, Rafael Andreotti, apresentou o panorama das a\u00e7\u00f5es realizadas ao longo do ano de 2024, que inclu\u00edram tr\u00eas reuni\u00f5es on-line abordando temas relacionados \u00e0 preven\u00e7\u00e3o de viol\u00eancias, inclus\u00e3o e defici\u00eancias e governan\u00e7a e dados, sempre voltados para as inf\u00e2ncias. Participaram do encontro presencial representantes de cidades do Brasil, da Argentina e do Peru, que apresentaram propostas para as tem\u00e1ticas a serem trabalhadas no ano de 2025, com destaque para a seguran\u00e7a alimentar infantil.<\/p>\n\n\n\n<figure class=\"wp-block-image size-large\"><img loading=\"lazy\" decoding=\"async\" width=\"1280\" height=\"853\" src=\"https:\/\/jundiai.sp.gov.br\/noticias\/wp-content\/uploads\/sites\/32\/2024\/12\/premiacao-jundiai-2-1280x853.jpeg\" alt=\"\" class=\"wp-image-351331\" srcset=\"https:\/\/jundiai.sp.gov.br\/noticias\/wp-content\/uploads\/sites\/32\/2024\/12\/premiacao-jundiai-2-1280x853.jpeg 1280w, https:\/\/jundiai.sp.gov.br\/noticias\/wp-content\/uploads\/sites\/32\/2024\/12\/premiacao-jundiai-2-300x200.jpeg 300w, https:\/\/jundiai.sp.gov.br\/noticias\/wp-content\/uploads\/sites\/32\/2024\/12\/premiacao-jundiai-2-768x512.jpeg 768w, https:\/\/jundiai.sp.gov.br\/noticias\/wp-content\/uploads\/sites\/32\/2024\/12\/premiacao-jundiai-2-1536x1023.jpeg 1536w, https:\/\/jundiai.sp.gov.br\/noticias\/wp-content\/uploads\/sites\/32\/2024\/12\/premiacao-jundiai-2-450x300.jpeg 450w, https:\/\/jundiai.sp.gov.br\/noticias\/wp-content\/uploads\/sites\/32\/2024\/12\/premiacao-jundiai-2.jpeg 1600w\" sizes=\"auto, (max-width: 1280px) 100vw, 1280px\" \/><\/figure>\n\n\n\n<p>Na ocasi\u00e3o, Jundia\u00ed tamb\u00e9m participou das reuni\u00f5es do Conselho e da Assembleia da Mercocidades, principais \u00f3rg\u00e3os deliberativos da Rede, al\u00e9m da reuni\u00e3o do Congresso Mundial do F\u00f3rum de Autoridades Locais da Periferia (FALP), debatendo em conjunto com cidades da Am\u00e9rica Latina, Europa e \u00c1frica novas formas de angariar maiores investimento e apoio t\u00e9cnico aos munic\u00edpios dessas regi\u00f5es.<\/p>\n\n\n\n<p>Ao final do evento, representada pela assistente social Sileni dos Santos, Jundia\u00ed obteve destaque com o projeto \u201cRessignificando as experi\u00eancias das mulheres abrigadas de Jundia\u00ed\u201d, que promove a ressocializa\u00e7\u00e3o das mulheres v\u00edtimas de viol\u00eancias acolhidas pela Casa Sol por meio da distribui\u00e7\u00e3o de benef\u00edcio social de R$ 200 mensais via Cart\u00e3o +Alimenta\u00e7\u00e3o Jundia\u00ed, distribu\u00eddo pela Unidade de Gest\u00e3o de Assist\u00eancia e Desenvolvimento Social (UGADS).<\/p>\n\n\n\n<p>Criada em novembro de 2023 por iniciativa da Rede Jundia\u00ed de Coopera\u00e7\u00e3o, vinculada \u00e0 Unidade de Gest\u00e3o de Governo e Finan\u00e7as, a Unidade Tem\u00e1tica busca promover a troca de experi\u00eancias e pol\u00edticas de sucesso com enfoque no desenvolvimento infantil, criando e refor\u00e7ando a colabora\u00e7\u00e3o entre cidades da regi\u00e3o.<\/p>\n\n\n\n<p><\/p>\n","protected":false},"excerpt":{"rendered":"<p>Coordenadora da Unidade Tem\u00e1tica das Inf\u00e2ncias, a Prefeitura de Jundia\u00ed esteve presente na XXIX C\u00fapula da Rede Mercocidades, realizada em Esteban Echeverr\u00eda, Argentina, no in\u00edcio do m\u00eas de dezembro, presidindo o primeiro encontro presencial do grupo de trabalho focado nas crian\u00e7as. Jundia\u00ed tamb\u00e9m recebeu premia\u00e7\u00e3o por projeto desenvolvido na Assist\u00eancia Social. \u201cOs investimentos realizados nas [&hellip;]<\/p>\n","protected":false},"author":39,"featured_media":351334,"comment_status":"closed","ping_status":"0","sticky":false,"template":"","format":"standard","meta":{"footnotes":""},"categories":[2],"tags":[2499],"ods":[],"class_list":["post-351328","post","type-post","status-publish","format-standard","has-post-thumbnail","hentry","category-noticias","tag-unidade-de-gestao-de-governo-e-financas-uggf"],"_links":{"self":[{"href":"https:\/\/jundiai.sp.gov.br\/noticias\/wp-json\/wp\/v2\/posts\/351328","targetHints":{"allow":["GET"]}}],"collection":[{"href":"https:\/\/jundiai.sp.gov.br\/noticias\/wp-json\/wp\/v2\/posts"}],"about":[{"href":"https:\/\/jundiai.sp.gov.br\/noticias\/wp-json\/wp\/v2\/types\/post"}],"author":[{"embeddable":true,"href":"https:\/\/jundiai.sp.gov.br\/noticias\/wp-json\/wp\/v2\/users\/39"}],"replies":[{"embeddable":true,"href":"https:\/\/jundiai.sp.gov.br\/noticias\/wp-json\/wp\/v2\/comments?post=351328"}],"version-history":[{"count":4,"href":"https:\/\/jundiai.sp.gov.br\/noticias\/wp-json\/wp\/v2\/posts\/351328\/revisions"}],"predecessor-version":[{"id":351333,"href":"https:\/\/jundiai.sp.gov.br\/noticias\/wp-json\/wp\/v2\/posts\/351328\/revisions\/351333"}],"wp:featuredmedia":[{"embeddable":true,"href":"https:\/\/jundiai.sp.gov.br\/noticias\/wp-json\/wp\/v2\/media\/351334"}],"wp:attachment":[{"href":"https:\/\/jundiai.sp.gov.br\/noticias\/wp-json\/wp\/v2\/media?parent=351328"}],"wp:term":[{"taxonomy":"category","embeddable":true,"href":"https:\/\/jundiai.sp.gov.br\/noticias\/wp-json\/wp\/v2\/categories?post=351328"},{"taxonomy":"post_tag","embeddable":true,"href":"https:\/\/jundiai.sp.gov.br\/noticias\/wp-json\/wp\/v2\/tags?post=351328"},{"taxonomy":"ods","embeddable":true,"href":"https:\/\/jundiai.sp.gov.br\/noticias\/wp-json\/wp\/v2\/ods?post=351328"}],"curies":[{"name":"wp","href":"https:\/\/api.w.org\/{rel}","templated":true}]}}