{"id":351383,"date":"2024-12-26T16:59:16","date_gmt":"2024-12-26T19:59:16","guid":{"rendered":"https:\/\/jundiai.sp.gov.br\/noticias\/?p=351383"},"modified":"2025-08-11T09:26:43","modified_gmt":"2025-08-11T12:26:43","slug":"jundiai-e-destaque-no-desenvolvimento-de-politicas-voltadas-a-juventude","status":"publish","type":"post","link":"https:\/\/jundiai.sp.gov.br\/noticias\/2024\/12\/26\/jundiai-e-destaque-no-desenvolvimento-de-politicas-voltadas-a-juventude\/","title":{"rendered":"Jundia\u00ed \u00e9 destaque no desenvolvimento de pol\u00edticas voltadas \u00e0 juventude"},"content":{"rendered":"\n<p>Sede da Rede Brasileira de Cidade das Crian\u00e7as, Jundia\u00ed tamb\u00e9m \u00e9 destaque no desenvolvimento de pol\u00edticas para a Juventude. Para isso, o mun\u00edcipio disp\u00f5e da Assessoria de Pol\u00edticas para a Juventude, que est\u00e1 vinculada \u00e0 Unidade de Gest\u00e3o da Casa Civil (UGCC). Nos \u00faltimos anos, o trabalho rendeu reconhecimento \u00e0 cidade, como a certifica\u00e7\u00e3o \u201cMunic\u00edpio Amigo da Juventude\u201d.<\/p>\n\n\n\n<p>A a\u00e7\u00e3o de maior destaque foi o <a href=\"https:\/\/juventude.jundiai.sp.gov.br\/politicas-projetos-e-acoes\/plano-municipal-da-juventude\/\" data-type=\"link\" data-id=\"https:\/\/juventude.jundiai.sp.gov.br\/politicas-projetos-e-acoes\/plano-municipal-da-juventude\/\">lan\u00e7amento do Plano Municipal da Juventude<\/a>. Um dos mais completos do Brasil, o documento tem como principal objetivo orientar o desenvolvimento de pol\u00edticas p\u00fablicas direcionadas aos jovens. Ele foi elaborado a partir de 23 escutas com mais de 300 jovens, al\u00e9m de mais de 1.900 respostas no question\u00e1rio online. O Plano ter\u00e1 validade de 10 anos, com revis\u00e3o de metas e prioridades a cada dois anos.<\/p>\n\n\n\n<figure class=\"wp-block-image size-large\"><img loading=\"lazy\" decoding=\"async\" width=\"1280\" height=\"854\" src=\"https:\/\/jundiai.sp.gov.br\/noticias\/wp-content\/uploads\/sites\/32\/2024\/12\/lancamento-da-casa-do-futuro-projeto-da-casa-civil-fundo-social-correias-mercurio-_ws-42-1280x854.jpg\" alt=\"\" class=\"wp-image-351387\" srcset=\"https:\/\/jundiai.sp.gov.br\/noticias\/wp-content\/uploads\/sites\/32\/2024\/12\/lancamento-da-casa-do-futuro-projeto-da-casa-civil-fundo-social-correias-mercurio-_ws-42-1280x854.jpg 1280w, https:\/\/jundiai.sp.gov.br\/noticias\/wp-content\/uploads\/sites\/32\/2024\/12\/lancamento-da-casa-do-futuro-projeto-da-casa-civil-fundo-social-correias-mercurio-_ws-42-300x200.jpg 300w, https:\/\/jundiai.sp.gov.br\/noticias\/wp-content\/uploads\/sites\/32\/2024\/12\/lancamento-da-casa-do-futuro-projeto-da-casa-civil-fundo-social-correias-mercurio-_ws-42-768x512.jpg 768w, https:\/\/jundiai.sp.gov.br\/noticias\/wp-content\/uploads\/sites\/32\/2024\/12\/lancamento-da-casa-do-futuro-projeto-da-casa-civil-fundo-social-correias-mercurio-_ws-42-1536x1024.jpg 1536w, https:\/\/jundiai.sp.gov.br\/noticias\/wp-content\/uploads\/sites\/32\/2024\/12\/lancamento-da-casa-do-futuro-projeto-da-casa-civil-fundo-social-correias-mercurio-_ws-42-450x300.jpg 450w, https:\/\/jundiai.sp.gov.br\/noticias\/wp-content\/uploads\/sites\/32\/2024\/12\/lancamento-da-casa-do-futuro-projeto-da-casa-civil-fundo-social-correias-mercurio-_ws-42.jpg 1900w\" sizes=\"auto, (max-width: 1280px) 100vw, 1280px\" \/><figcaption class=\"wp-element-caption\">Lan\u00e7amento da Sala Futuro cumpre uma das metas estabelecidas no Plano Municipal da Juventude<\/figcaption><\/figure>\n\n\n\n<p>Dentro os planos de a\u00e7\u00e3o do Plano est\u00e3o a descentraliza\u00e7\u00e3o de cursos profissionalizantes e de capacita\u00e7\u00e3o para jovens, atividades de inclus\u00e3o do jovem com defici\u00eancia, campanhas de conscientiza\u00e7\u00e3o contra o ass\u00e9dio, desenvolvimento de a\u00e7\u00f5es de promo\u00e7\u00e3o da sa\u00fade e reinser\u00e7\u00e3o social nos territ\u00f3rios onde os jovens vivem e fortalecimento de programas destinados \u00e0 sa\u00fade mental. Vale ressaltar que duas metas j\u00e1 foram cumpridas: a Pol\u00edtica Municipal de Aten\u00e7\u00e3o Integral \u00e0 Sa\u00fade do Jovem e o lan\u00e7amento da Sala Futuro, com foco na capacita\u00e7\u00e3o profissional. <\/p>\n\n\n\n<p>Al\u00e9m do Plano Municipal da Juventude, a Assessoria teve participa\u00e7\u00e3o na elabora\u00e7\u00e3o do Guia Informativo para a Inclus\u00e3o de Jovens com Defici\u00eancia, buscando auxiliar os jovens que obtiveram diagn\u00f3stico tardio. Projetos como os Embaixadores da Juventude e do Laborat\u00f3rio Jovem tamb\u00e9m ganharam destaque.<\/p>\n\n\n\n<figure class=\"wp-block-image size-large\"><img loading=\"lazy\" decoding=\"async\" width=\"1280\" height=\"854\" src=\"https:\/\/jundiai.sp.gov.br\/noticias\/wp-content\/uploads\/sites\/32\/2024\/12\/primeiro_encontro_da_juventude_polytheama_pa-70-1280x854.jpg\" alt=\"\" class=\"wp-image-351384\" srcset=\"https:\/\/jundiai.sp.gov.br\/noticias\/wp-content\/uploads\/sites\/32\/2024\/12\/primeiro_encontro_da_juventude_polytheama_pa-70-1280x854.jpg 1280w, https:\/\/jundiai.sp.gov.br\/noticias\/wp-content\/uploads\/sites\/32\/2024\/12\/primeiro_encontro_da_juventude_polytheama_pa-70-300x200.jpg 300w, https:\/\/jundiai.sp.gov.br\/noticias\/wp-content\/uploads\/sites\/32\/2024\/12\/primeiro_encontro_da_juventude_polytheama_pa-70-768x512.jpg 768w, https:\/\/jundiai.sp.gov.br\/noticias\/wp-content\/uploads\/sites\/32\/2024\/12\/primeiro_encontro_da_juventude_polytheama_pa-70-1536x1024.jpg 1536w, https:\/\/jundiai.sp.gov.br\/noticias\/wp-content\/uploads\/sites\/32\/2024\/12\/primeiro_encontro_da_juventude_polytheama_pa-70-450x300.jpg 450w, https:\/\/jundiai.sp.gov.br\/noticias\/wp-content\/uploads\/sites\/32\/2024\/12\/primeiro_encontro_da_juventude_polytheama_pa-70.jpg 1900w\" sizes=\"auto, (max-width: 1280px) 100vw, 1280px\" \/><figcaption class=\"wp-element-caption\">1\u00ba Encontro Paulista de Juventude lotou o teatro Polytheama<\/figcaption><\/figure>\n\n\n\n<p>\u201cForam muitas a\u00e7\u00f5es e iniciativas realizadas nos \u00faltimos anos. Com a participa\u00e7\u00e3o dos jovens, do Poder P\u00fablico e da iniciativa privada, criamos um ecossistema de pol\u00edticas voltadas \u00e0 juventude e deixamos uma estrutura montada para seguir avan\u00e7ando no futuro\u201d, comenta a Assessora Let\u00edcia, que lembrou a indica\u00e7\u00e3o da emenda parlamentar, no valor de R$ 100 mil, para fomentar ainda mais projetos tem\u00e1ticos.<\/p>\n\n\n\n<p>Essas e outras pol\u00edticas foram expostas durante a participa\u00e7\u00e3o de eventos, que tamb\u00e9m marcaram o trabalho no per\u00edodo. Al\u00e9m da presen\u00e7a no Semin\u00e1rio Nacional de Gestores e Gestoras Municipais de Juventude, em Bras\u00edlia, a cidade foi sede da 1\u00aa Confer\u00eancia Intermunicipal de Juventude da Regi\u00e3o Metropolitana de Jundia\u00ed e o 1\u00ba Encontro Paulista de Juventude.<\/p>\n\n\n\n<p>Para consultar todas as a\u00e7\u00f5es da Assessoria, <a href=\"https:\/\/juventude.jundiai.sp.gov.br\/\" data-type=\"link\" data-id=\"https:\/\/juventude.jundiai.sp.gov.br\/\">clique aqui<\/a>.<\/p>\n\n\n\n<p><strong>Assessoria de Imprensa<br>Foto: Fot\u00f3grafo PMJ<\/strong><\/p>\n\n\n\n<p><\/p>\n","protected":false},"excerpt":{"rendered":"<p>Sede da Rede Brasileira de Cidade das Crian\u00e7as, Jundia\u00ed tamb\u00e9m \u00e9 destaque no desenvolvimento de pol\u00edticas para a Juventude. Para isso, o mun\u00edcipio disp\u00f5e da Assessoria de Pol\u00edticas para a Juventude, que est\u00e1 vinculada \u00e0 Unidade de Gest\u00e3o da Casa Civil (UGCC). Nos \u00faltimos anos, o trabalho rendeu reconhecimento \u00e0 cidade, como a certifica\u00e7\u00e3o \u201cMunic\u00edpio [&hellip;]<\/p>\n","protected":false},"author":90,"featured_media":363175,"comment_status":"closed","ping_status":"0","sticky":false,"template":"","format":"standard","meta":{"footnotes":""},"categories":[2],"tags":[991],"ods":[],"class_list":["post-351383","post","type-post","status-publish","format-standard","has-post-thumbnail","hentry","category-noticias","tag-assessoria-de-politicas-para-a-juventude"],"_links":{"self":[{"href":"https:\/\/jundiai.sp.gov.br\/noticias\/wp-json\/wp\/v2\/posts\/351383","targetHints":{"allow":["GET"]}}],"collection":[{"href":"https:\/\/jundiai.sp.gov.br\/noticias\/wp-json\/wp\/v2\/posts"}],"about":[{"href":"https:\/\/jundiai.sp.gov.br\/noticias\/wp-json\/wp\/v2\/types\/post"}],"author":[{"embeddable":true,"href":"https:\/\/jundiai.sp.gov.br\/noticias\/wp-json\/wp\/v2\/users\/90"}],"replies":[{"embeddable":true,"href":"https:\/\/jundiai.sp.gov.br\/noticias\/wp-json\/wp\/v2\/comments?post=351383"}],"version-history":[{"count":2,"href":"https:\/\/jundiai.sp.gov.br\/noticias\/wp-json\/wp\/v2\/posts\/351383\/revisions"}],"predecessor-version":[{"id":351401,"href":"https:\/\/jundiai.sp.gov.br\/noticias\/wp-json\/wp\/v2\/posts\/351383\/revisions\/351401"}],"wp:featuredmedia":[{"embeddable":true,"href":"https:\/\/jundiai.sp.gov.br\/noticias\/wp-json\/wp\/v2\/media\/363175"}],"wp:attachment":[{"href":"https:\/\/jundiai.sp.gov.br\/noticias\/wp-json\/wp\/v2\/media?parent=351383"}],"wp:term":[{"taxonomy":"category","embeddable":true,"href":"https:\/\/jundiai.sp.gov.br\/noticias\/wp-json\/wp\/v2\/categories?post=351383"},{"taxonomy":"post_tag","embeddable":true,"href":"https:\/\/jundiai.sp.gov.br\/noticias\/wp-json\/wp\/v2\/tags?post=351383"},{"taxonomy":"ods","embeddable":true,"href":"https:\/\/jundiai.sp.gov.br\/noticias\/wp-json\/wp\/v2\/ods?post=351383"}],"curies":[{"name":"wp","href":"https:\/\/api.w.org\/{rel}","templated":true}]}}