{"id":351445,"date":"2024-12-29T08:39:00","date_gmt":"2024-12-29T11:39:00","guid":{"rendered":"https:\/\/jundiai.sp.gov.br\/noticias\/?p=351445"},"modified":"2025-01-06T17:07:23","modified_gmt":"2025-01-06T20:07:23","slug":"40a-festa-da-uva-de-jundiai-comeca-em-23-de-janeiro-de-2025","status":"publish","type":"post","link":"https:\/\/jundiai.sp.gov.br\/noticias\/2024\/12\/29\/40a-festa-da-uva-de-jundiai-comeca-em-23-de-janeiro-de-2025\/","title":{"rendered":"40\u00aa Festa da Uva de Jundia\u00ed come\u00e7a em 23 de janeiro de 2025"},"content":{"rendered":"\n<p>A 40\u00aa Festa da Uva e 11\u00aa Expo Vinhos de Jundia\u00ed, prevista para o per\u00edodo de 23 de janeiro a 16 de fevereiro de 2025, j\u00e1 est\u00e1 com a sua estrutura de grande porte definida e com parte dela contratada. Todas essas provid\u00eancias j\u00e1 foram tomadas pelo atual governo, por meio das Unidades de Gest\u00e3o de Agroneg\u00f3cio, Abastecimento e Turismo (UGAAT) e Cultura (UGC). O evento est\u00e1 estruturado para atender o mesmo p\u00fablico do ano passado \u2013 cerca de 240 mil pessoas, com centenas de atra\u00e7\u00f5es culturais, al\u00e9m de \u00e1rea de lazer, alimenta\u00e7\u00e3o, exposi\u00e7\u00e3o de frutas e programa\u00e7\u00e3o cultural.<\/p>\n\n\n\n<p>Ao novo governo, caber\u00e1 a realiza\u00e7\u00e3o do pr\u00f3prio evento, as contrata\u00e7\u00f5es das estruturas adicionais, programa\u00e7\u00e3o cultural e das demais atividades \u2013 isso porque estas sempre s\u00e3o feitas no ano de realiza\u00e7\u00e3o do evento e de acordo com a defini\u00e7\u00e3o do formato escolhido pelos seus realizadores \u2013 Prefeitura de Jundia\u00ed em parceria com a Associa\u00e7\u00e3o Agr\u00edcola da cidade.<\/p>\n\n\n\n<p>\u201cA atual gest\u00e3o se preocupou em come\u00e7ar a Festa no final de janeiro para que o pr\u00f3ximo governo se organize e realize a festa com tempo suficiente para as contrata\u00e7\u00f5es restantes. Realizamos as maiores e melhores edi\u00e7\u00f5es da hist\u00f3ria e temos muito orgulho do legado deixado\u201d, disse a diretora de Agroneg\u00f3cio, Isabel Harder.<\/p>\n\n\n\n<p>A \u00faltima edi\u00e7\u00e3o da Festa da Uva, em 2024, apresentou resultados expressivos: foram 242 mil visitantes de 495 cidades, 26 estados e 24 pa\u00edses, 128 toneladas de frutas comercializadas, al\u00e9m de 900 artistas locais contratados para as apresenta\u00e7\u00f5es. \u201cA Festa da Uva n\u00e3o \u00e9 um evento de uma gest\u00e3o ou outra. \u00c9 da cidade, da popula\u00e7\u00e3o de Jundia\u00ed\u201d, afirma o gestor de Agroneg\u00f3cio, Abastecimento e Turismo, Eduardo Alvarez.<\/p>\n\n\n<div class=\"wp-block-image\">\n<figure class=\"aligncenter size-large\"><img loading=\"lazy\" decoding=\"async\" width=\"1280\" height=\"854\" src=\"https:\/\/jundiai.sp.gov.br\/noticias\/wp-content\/uploads\/sites\/32\/2024\/12\/39o_festa_da_uva_4o_final_de_semana_domingo_tarde_pa-45-1280x854.jpg\" alt=\"\" class=\"wp-image-351454\" srcset=\"https:\/\/jundiai.sp.gov.br\/noticias\/wp-content\/uploads\/sites\/32\/2024\/12\/39o_festa_da_uva_4o_final_de_semana_domingo_tarde_pa-45-1280x854.jpg 1280w, https:\/\/jundiai.sp.gov.br\/noticias\/wp-content\/uploads\/sites\/32\/2024\/12\/39o_festa_da_uva_4o_final_de_semana_domingo_tarde_pa-45-300x200.jpg 300w, https:\/\/jundiai.sp.gov.br\/noticias\/wp-content\/uploads\/sites\/32\/2024\/12\/39o_festa_da_uva_4o_final_de_semana_domingo_tarde_pa-45-768x512.jpg 768w, https:\/\/jundiai.sp.gov.br\/noticias\/wp-content\/uploads\/sites\/32\/2024\/12\/39o_festa_da_uva_4o_final_de_semana_domingo_tarde_pa-45-1536x1024.jpg 1536w, https:\/\/jundiai.sp.gov.br\/noticias\/wp-content\/uploads\/sites\/32\/2024\/12\/39o_festa_da_uva_4o_final_de_semana_domingo_tarde_pa-45-450x300.jpg 450w, https:\/\/jundiai.sp.gov.br\/noticias\/wp-content\/uploads\/sites\/32\/2024\/12\/39o_festa_da_uva_4o_final_de_semana_domingo_tarde_pa-45.jpg 1900w\" sizes=\"auto, (max-width: 1280px) 100vw, 1280px\" \/><figcaption class=\"wp-element-caption\">40\u00aa Festa da Uva de Jundia\u00ed come\u00e7a em 23 de janeiro de 2025<\/figcaption><\/figure>\n<\/div>\n\n\n<p><strong>Assessoria de Imprensa<br>Fotos: Fot\u00f3grafos PMJ<\/strong><\/p>\n","protected":false},"excerpt":{"rendered":"<p>A 40\u00aa Festa da Uva e 11\u00aa Expo Vinhos de Jundia\u00ed, prevista para o per\u00edodo de 23 de janeiro a 16 de fevereiro de 2025, j\u00e1 est\u00e1 com a sua estrutura de grande porte definida e com parte dela contratada. Todas essas provid\u00eancias j\u00e1 foram tomadas pelo atual governo, por meio das Unidades de Gest\u00e3o [&hellip;]<\/p>\n","protected":false},"author":100,"featured_media":351452,"comment_status":"closed","ping_status":"0","sticky":false,"template":"","format":"standard","meta":{"footnotes":""},"categories":[2],"tags":[4751,974,29,7],"ods":[],"class_list":["post-351445","post","type-post","status-publish","format-standard","has-post-thumbnail","hentry","category-noticias","tag-40a-festa-da-uva-e-11a-expo-vinhos","tag-agronegocio-abastecimento-e-turismo","tag-cultura","tag-festa-da-uva"],"_links":{"self":[{"href":"https:\/\/jundiai.sp.gov.br\/noticias\/wp-json\/wp\/v2\/posts\/351445","targetHints":{"allow":["GET"]}}],"collection":[{"href":"https:\/\/jundiai.sp.gov.br\/noticias\/wp-json\/wp\/v2\/posts"}],"about":[{"href":"https:\/\/jundiai.sp.gov.br\/noticias\/wp-json\/wp\/v2\/types\/post"}],"author":[{"embeddable":true,"href":"https:\/\/jundiai.sp.gov.br\/noticias\/wp-json\/wp\/v2\/users\/100"}],"replies":[{"embeddable":true,"href":"https:\/\/jundiai.sp.gov.br\/noticias\/wp-json\/wp\/v2\/comments?post=351445"}],"version-history":[{"count":7,"href":"https:\/\/jundiai.sp.gov.br\/noticias\/wp-json\/wp\/v2\/posts\/351445\/revisions"}],"predecessor-version":[{"id":351465,"href":"https:\/\/jundiai.sp.gov.br\/noticias\/wp-json\/wp\/v2\/posts\/351445\/revisions\/351465"}],"wp:featuredmedia":[{"embeddable":true,"href":"https:\/\/jundiai.sp.gov.br\/noticias\/wp-json\/wp\/v2\/media\/351452"}],"wp:attachment":[{"href":"https:\/\/jundiai.sp.gov.br\/noticias\/wp-json\/wp\/v2\/media?parent=351445"}],"wp:term":[{"taxonomy":"category","embeddable":true,"href":"https:\/\/jundiai.sp.gov.br\/noticias\/wp-json\/wp\/v2\/categories?post=351445"},{"taxonomy":"post_tag","embeddable":true,"href":"https:\/\/jundiai.sp.gov.br\/noticias\/wp-json\/wp\/v2\/tags?post=351445"},{"taxonomy":"ods","embeddable":true,"href":"https:\/\/jundiai.sp.gov.br\/noticias\/wp-json\/wp\/v2\/ods?post=351445"}],"curies":[{"name":"wp","href":"https:\/\/api.w.org\/{rel}","templated":true}]}}