{"id":351462,"date":"2024-12-26T08:23:00","date_gmt":"2024-12-26T11:23:00","guid":{"rendered":"https:\/\/jundiai.sp.gov.br\/noticias\/?p=351462"},"modified":"2024-12-20T15:20:26","modified_gmt":"2024-12-20T18:20:26","slug":"jardim-botanico-abre-inscricoes-para-atividade-de-ferias-com-as-criancas","status":"publish","type":"post","link":"https:\/\/jundiai.sp.gov.br\/noticias\/2024\/12\/26\/jardim-botanico-abre-inscricoes-para-atividade-de-ferias-com-as-criancas\/","title":{"rendered":"Jardim Bot\u00e2nico abre inscri\u00e7\u00f5es para atividade de f\u00e9rias com as crian\u00e7as"},"content":{"rendered":"\n<p>O Jardim Bot\u00e2nico de Jundia\u00ed abriu inscri\u00e7\u00f5es para a oficina \u201cDescobrindo Tesouros: venha explorar o Jardim Bot\u00e2nico em uma ca\u00e7ada emocionante\u201d. A atividade \u00e9 voltada para crian\u00e7as de sete a 12 anos, somente acompanhadas por um respons\u00e1vel. Os participantes poder\u00e3o escolher entre os dias 9 e 14 de janeiro, no per\u00edodo da manh\u00e3 ou da tarde. As vagas s\u00e3o limitadas e as <a href=\"https:\/\/docs.google.com\/forms\/d\/e\/1FAIpQLScUh4pErex6DQmhugQZthb1fLzQ1eI6ZuHaU-WpjaN0nHkZUw\/viewform\" data-type=\"link\" data-id=\"https:\/\/docs.google.com\/forms\/d\/e\/1FAIpQLScUh4pErex6DQmhugQZthb1fLzQ1eI6ZuHaU-WpjaN0nHkZUw\/viewform\">inscri\u00e7\u00f5es podem ser feitas clicando aqui<\/a>, at\u00e9 o dia 6 de janeiro.<\/p>\n\n\n\n<p>Na atividade, as crian\u00e7as ser\u00e3o divididas em grupos e ter\u00e3o a miss\u00e3o de encontrar cinco esp\u00e9cies de \u00e1rvores conservadas pelo Jardim Bot\u00e2nico e que est\u00e3o classificadas com algum grau de amea\u00e7a na sua ocorr\u00eancia na natureza. Elas receber\u00e3o um mapa para auxiliar na jornada.<\/p>\n\n\n\n<p>O Jardim Bot\u00e2nico fica na avenida Ant\u00f4nio Frederico Ozanan, 6700.<\/p>\n\n\n\n<figure class=\"wp-block-image size-large\"><img loading=\"lazy\" decoding=\"async\" width=\"1280\" height=\"854\" src=\"https:\/\/jundiai.sp.gov.br\/noticias\/wp-content\/uploads\/sites\/32\/2023\/06\/jardim-botanico_mata-atlantica_cerrado_m_-22-1-1280x854.jpg\" alt=\"\" class=\"wp-image-319365\" srcset=\"https:\/\/jundiai.sp.gov.br\/noticias\/wp-content\/uploads\/sites\/32\/2023\/06\/jardim-botanico_mata-atlantica_cerrado_m_-22-1-1280x854.jpg 1280w, https:\/\/jundiai.sp.gov.br\/noticias\/wp-content\/uploads\/sites\/32\/2023\/06\/jardim-botanico_mata-atlantica_cerrado_m_-22-1-300x200.jpg 300w, https:\/\/jundiai.sp.gov.br\/noticias\/wp-content\/uploads\/sites\/32\/2023\/06\/jardim-botanico_mata-atlantica_cerrado_m_-22-1-768x513.jpg 768w, https:\/\/jundiai.sp.gov.br\/noticias\/wp-content\/uploads\/sites\/32\/2023\/06\/jardim-botanico_mata-atlantica_cerrado_m_-22-1-1536x1025.jpg 1536w, https:\/\/jundiai.sp.gov.br\/noticias\/wp-content\/uploads\/sites\/32\/2023\/06\/jardim-botanico_mata-atlantica_cerrado_m_-22-1-450x300.jpg 450w, https:\/\/jundiai.sp.gov.br\/noticias\/wp-content\/uploads\/sites\/32\/2023\/06\/jardim-botanico_mata-atlantica_cerrado_m_-22-1.jpg 1900w\" sizes=\"auto, (max-width: 1280px) 100vw, 1280px\" \/><\/figure>\n\n\n\n<p><strong>Assessoria de Imprensa<br><\/strong><\/p>\n","protected":false},"excerpt":{"rendered":"<p>O Jardim Bot\u00e2nico de Jundia\u00ed abriu inscri\u00e7\u00f5es para a oficina \u201cDescobrindo Tesouros: venha explorar o Jardim Bot\u00e2nico em uma ca\u00e7ada emocionante\u201d. A atividade \u00e9 voltada para crian\u00e7as de sete a 12 anos, somente acompanhadas por um respons\u00e1vel. Os participantes poder\u00e3o escolher entre os dias 9 e 14 de janeiro, no per\u00edodo da manh\u00e3 ou da [&hellip;]<\/p>\n","protected":false},"author":90,"featured_media":319366,"comment_status":"closed","ping_status":"0","sticky":false,"template":"","format":"standard","meta":{"footnotes":""},"categories":[2],"tags":[322],"ods":[],"class_list":["post-351462","post","type-post","status-publish","format-standard","has-post-thumbnail","hentry","category-noticias","tag-jardim-botanico"],"_links":{"self":[{"href":"https:\/\/jundiai.sp.gov.br\/noticias\/wp-json\/wp\/v2\/posts\/351462","targetHints":{"allow":["GET"]}}],"collection":[{"href":"https:\/\/jundiai.sp.gov.br\/noticias\/wp-json\/wp\/v2\/posts"}],"about":[{"href":"https:\/\/jundiai.sp.gov.br\/noticias\/wp-json\/wp\/v2\/types\/post"}],"author":[{"embeddable":true,"href":"https:\/\/jundiai.sp.gov.br\/noticias\/wp-json\/wp\/v2\/users\/90"}],"replies":[{"embeddable":true,"href":"https:\/\/jundiai.sp.gov.br\/noticias\/wp-json\/wp\/v2\/comments?post=351462"}],"version-history":[{"count":1,"href":"https:\/\/jundiai.sp.gov.br\/noticias\/wp-json\/wp\/v2\/posts\/351462\/revisions"}],"predecessor-version":[{"id":351463,"href":"https:\/\/jundiai.sp.gov.br\/noticias\/wp-json\/wp\/v2\/posts\/351462\/revisions\/351463"}],"wp:featuredmedia":[{"embeddable":true,"href":"https:\/\/jundiai.sp.gov.br\/noticias\/wp-json\/wp\/v2\/media\/319366"}],"wp:attachment":[{"href":"https:\/\/jundiai.sp.gov.br\/noticias\/wp-json\/wp\/v2\/media?parent=351462"}],"wp:term":[{"taxonomy":"category","embeddable":true,"href":"https:\/\/jundiai.sp.gov.br\/noticias\/wp-json\/wp\/v2\/categories?post=351462"},{"taxonomy":"post_tag","embeddable":true,"href":"https:\/\/jundiai.sp.gov.br\/noticias\/wp-json\/wp\/v2\/tags?post=351462"},{"taxonomy":"ods","embeddable":true,"href":"https:\/\/jundiai.sp.gov.br\/noticias\/wp-json\/wp\/v2\/ods?post=351462"}],"curies":[{"name":"wp","href":"https:\/\/api.w.org\/{rel}","templated":true}]}}