{"id":351588,"date":"2024-12-30T12:25:00","date_gmt":"2024-12-30T15:25:00","guid":{"rendered":"https:\/\/jundiai.sp.gov.br\/noticias\/?p=351588"},"modified":"2024-12-30T12:22:48","modified_gmt":"2024-12-30T15:22:48","slug":"relatorio-de-gestao-detalha-oito-anos-de-avancos-do-governo-luiz-fernando","status":"publish","type":"post","link":"https:\/\/jundiai.sp.gov.br\/noticias\/2024\/12\/30\/relatorio-de-gestao-detalha-oito-anos-de-avancos-do-governo-luiz-fernando\/","title":{"rendered":"Relat\u00f3rio de Gest\u00e3o detalha oito anos de avan\u00e7os do governo Luiz Fernando"},"content":{"rendered":"\n<p>Entre 2017 e 2024, Jundia\u00ed superou desafios, conquistou reconhecimento nacional e internacional em diversas pol\u00edticas p\u00fablicas desenvolvidas no munic\u00edpio e virou modelo de desenvolvimento e qualidade de vida. Para registrar os principais avan\u00e7os do per\u00edodo, foi elaborado o Relat\u00f3rio de Gest\u00e3o 2017 \u2013 2024, que est\u00e1 dispon\u00edvel para download no site da Prefeitura de Jundia\u00ed. O documento apresenta, de maneira resumida e ilustrada, as conquistas, os principais indicadores da gest\u00e3o, os desafios com as solu\u00e7\u00f5es empreendidas pelo governo do Prefeito Luiz Fernando Machado.<\/p>\n\n\n\n<p>Os oito anos apresentam marcas de desenvolvimento importantes para Jundia\u00ed, n\u00e3o somente como a Cidade das Crian\u00e7as, mas tamb\u00e9m, como a cidade de resultados e entregas para o cidad\u00e3o. \u201cMuito foi conquistado. Avan\u00e7amos na efici\u00eancia do uso dos recursos, nas entregas para a popula\u00e7\u00e3o, nos investimentos na sa\u00fade e na educa\u00e7\u00e3o de qualidade. Tudo isso aliado \u00e0 qualidade de vida na cidade e preserva\u00e7\u00e3o do meio ambiente. Do Plano de Governo proposto e aprovado pela popula\u00e7\u00e3o, 98% foi cumprido, sendo motivo de grande orgulho para toda a equipe que trabalhou para que os resultados fossem alcan\u00e7ados\u201d, avaliou o prefeito Luiz Fernando, que foi o respons\u00e1vel por inserir Jundia\u00ed no hall internacional, n\u00e3o somente com a inser\u00e7\u00e3o de Jundia\u00ed nas Redes Latino-Americana \u2013 Cidade das Crian\u00e7as e Urban 95, como por projetar o munic\u00edpio para o mercado e atrair investidores para a cidade.<\/p>\n\n\n\n<p><\/p>\n\n\n\n<figure class=\"wp-block-image size-large\"><img loading=\"lazy\" decoding=\"async\" width=\"1280\" height=\"854\" src=\"https:\/\/jundiai.sp.gov.br\/noticias\/wp-content\/uploads\/sites\/32\/2024\/10\/ruas_de_brincar_emeb_judith-144-1280x854.jpg\" alt=\"\" class=\"wp-image-348503\" srcset=\"https:\/\/jundiai.sp.gov.br\/noticias\/wp-content\/uploads\/sites\/32\/2024\/10\/ruas_de_brincar_emeb_judith-144-1280x854.jpg 1280w, https:\/\/jundiai.sp.gov.br\/noticias\/wp-content\/uploads\/sites\/32\/2024\/10\/ruas_de_brincar_emeb_judith-144-300x200.jpg 300w, https:\/\/jundiai.sp.gov.br\/noticias\/wp-content\/uploads\/sites\/32\/2024\/10\/ruas_de_brincar_emeb_judith-144-768x512.jpg 768w, https:\/\/jundiai.sp.gov.br\/noticias\/wp-content\/uploads\/sites\/32\/2024\/10\/ruas_de_brincar_emeb_judith-144-1536x1024.jpg 1536w, https:\/\/jundiai.sp.gov.br\/noticias\/wp-content\/uploads\/sites\/32\/2024\/10\/ruas_de_brincar_emeb_judith-144-450x300.jpg 450w, https:\/\/jundiai.sp.gov.br\/noticias\/wp-content\/uploads\/sites\/32\/2024\/10\/ruas_de_brincar_emeb_judith-144.jpg 1900w\" sizes=\"auto, (max-width: 1280px) 100vw, 1280px\" \/><figcaption class=\"wp-element-caption\">Escola Inovadora com o desemparedamento da inf\u00e2ncia avan\u00e7ou com IDEB<\/figcaption><\/figure>\n\n\n\n<p>A publica\u00e7\u00e3o do Relat\u00f3rio de Gest\u00e3o sintetiza todas as iniciativas propostas para a solu\u00e7\u00e3o de desafios como a melhoria da oferta na Sa\u00fade, Educa\u00e7\u00e3o, Infraestrutura, Saneamento, Seguran\u00e7a, Mobilidade, Assist\u00eancia Social, Agroneg\u00f3cio e Turismo, que, juntos atraem mais empresas e viabilizam crescimento econ\u00f4mico, mais emprego e renda para as pessoas.<\/p>\n\n\n\n<figure class=\"wp-block-image size-large\"><img loading=\"lazy\" decoding=\"async\" width=\"1280\" height=\"853\" src=\"https:\/\/jundiai.sp.gov.br\/noticias\/wp-content\/uploads\/sites\/32\/2024\/12\/paco-municipal_fm_-11-1280x853.jpg\" alt=\"\" class=\"wp-image-351591\" srcset=\"https:\/\/jundiai.sp.gov.br\/noticias\/wp-content\/uploads\/sites\/32\/2024\/12\/paco-municipal_fm_-11-1280x853.jpg 1280w, https:\/\/jundiai.sp.gov.br\/noticias\/wp-content\/uploads\/sites\/32\/2024\/12\/paco-municipal_fm_-11-300x200.jpg 300w, https:\/\/jundiai.sp.gov.br\/noticias\/wp-content\/uploads\/sites\/32\/2024\/12\/paco-municipal_fm_-11-768x512.jpg 768w, https:\/\/jundiai.sp.gov.br\/noticias\/wp-content\/uploads\/sites\/32\/2024\/12\/paco-municipal_fm_-11-450x300.jpg 450w, https:\/\/jundiai.sp.gov.br\/noticias\/wp-content\/uploads\/sites\/32\/2024\/12\/paco-municipal_fm_-11.jpg 1323w\" sizes=\"auto, (max-width: 1280px) 100vw, 1280px\" \/><figcaption class=\"wp-element-caption\">Jundia\u00ed avan\u00e7ou na avalia\u00e7\u00e3o rating em escala internacional, garantindo finan\u00e7as saud\u00e1veis de longo prazo<\/figcaption><\/figure>\n\n\n\n<p>No primeiro ano de Governo, em 2017, a cidade contava com um or\u00e7amento na casa dos R$ 2 bilh\u00f5es. Em 2025, o or\u00e7amento \u00e9 estimado em R$ 4,29 bilh\u00f5es e a segunda melhor nota na escala internacional de rating, um duplo A (brAA+) de longo prazo, que destaca Jundia\u00ed como saud\u00e1vel financeiramente e capaz de honrar seus compromissos financeiros.<\/p>\n\n\n\n<p>\u201cConquistamos o melhor indicador de aprendizagem da hist\u00f3ria de Jundia\u00ed com a Escola Inovadora; Jundia\u00ed foi reconhecida como a cidade que mais investe em Sa\u00fade do Brasil, com a implementa\u00e7\u00e3o das Cl\u00ednicas da Fam\u00edlia, os PAs, Novas UBSs e os programas como o Posso Ajudar e telemedicina, al\u00e9m do novo Hospital S\u00e3o Vicente, que \u00e9 refer\u00eancia para toda a regi\u00e3o de Jundia\u00ed e que, recentemente, recebeu certificado de qualidade ONA2. Constru\u00edmos avenidas, ciclovias, tudo para melhorar o deslocamento das pessoas na cidade, remodelamos e criamos mais espa\u00e7os de conviv\u00eancia e lazer por todas as regi\u00f5es, com foco na promo\u00e7\u00e3o da qualidade de vida e lazer para as fam\u00edlias e os pets. Geramos emprego e renda com as forma\u00e7\u00f5es gratuitas oferecidas e conectamos empresas com trabalhadores pelo Jundia\u00ed Empreendedora. Tudo com base em uma gest\u00e3o direcionada para resultados, planejada e em constante an\u00e1lise para as adequa\u00e7\u00f5es necess\u00e1rias ao bom andamento dos projetos e programas\u201d, comenta o gestor de Governo e Finan\u00e7as (UGGF) Jos\u00e9 Antonio Parimoschi.<\/p>\n\n\n\n<figure class=\"wp-block-image size-large\"><img loading=\"lazy\" decoding=\"async\" width=\"1280\" height=\"854\" src=\"https:\/\/jundiai.sp.gov.br\/noticias\/wp-content\/uploads\/sites\/32\/2024\/04\/inauguracao_parque_naturalizado_novo_horizonte_pa-150-1280x854.jpg\" alt=\"\" class=\"wp-image-342676\" srcset=\"https:\/\/jundiai.sp.gov.br\/noticias\/wp-content\/uploads\/sites\/32\/2024\/04\/inauguracao_parque_naturalizado_novo_horizonte_pa-150-1280x854.jpg 1280w, https:\/\/jundiai.sp.gov.br\/noticias\/wp-content\/uploads\/sites\/32\/2024\/04\/inauguracao_parque_naturalizado_novo_horizonte_pa-150-300x200.jpg 300w, https:\/\/jundiai.sp.gov.br\/noticias\/wp-content\/uploads\/sites\/32\/2024\/04\/inauguracao_parque_naturalizado_novo_horizonte_pa-150-768x512.jpg 768w, https:\/\/jundiai.sp.gov.br\/noticias\/wp-content\/uploads\/sites\/32\/2024\/04\/inauguracao_parque_naturalizado_novo_horizonte_pa-150-1536x1024.jpg 1536w, https:\/\/jundiai.sp.gov.br\/noticias\/wp-content\/uploads\/sites\/32\/2024\/04\/inauguracao_parque_naturalizado_novo_horizonte_pa-150-450x300.jpg 450w, https:\/\/jundiai.sp.gov.br\/noticias\/wp-content\/uploads\/sites\/32\/2024\/04\/inauguracao_parque_naturalizado_novo_horizonte_pa-150.jpg 1900w\" sizes=\"auto, (max-width: 1280px) 100vw, 1280px\" \/><figcaption class=\"wp-element-caption\">Parques garantem a qualidade de vida para a popula\u00e7\u00e3o e espa\u00e7os de lazer<\/figcaption><\/figure>\n\n\n\n<p>O Relat\u00f3rio de Governo \u2013 mais quase 100 p\u00e1ginas &#8211; elenca as a\u00e7\u00f5es propostas e finalizadas, baseadas no Plano de Governo, que supera os 98% de a\u00e7\u00f5es conclu\u00eddas ou em fase final de execu\u00e7\u00e3o. \u201c\u00c9 um legado que deixamos para todas as pessoas que moram ou vivem em Jundia\u00ed. Todas as iniciativas, a melhoria nos servi\u00e7os, o investimento em tecnologia para ter uma gest\u00e3o eficiente e servi\u00e7os na palma da m\u00e3o, e os equipamentos novos que fazem a diferen\u00e7a no dia a dia das pessoas\u201d, resume.<\/p>\n\n\n\n<p><strong>Assessoria de Imprensa<br>Fotos: Fot\u00f3grafos PMJ<\/strong><\/p>\n","protected":false},"excerpt":{"rendered":"<p>Entre 2017 e 2024, Jundia\u00ed superou desafios, conquistou reconhecimento nacional e internacional em diversas pol\u00edticas p\u00fablicas desenvolvidas no munic\u00edpio e virou modelo de desenvolvimento e qualidade de vida. Para registrar os principais avan\u00e7os do per\u00edodo, foi elaborado o Relat\u00f3rio de Gest\u00e3o 2017 \u2013 2024, que est\u00e1 dispon\u00edvel para download no site da Prefeitura de Jundia\u00ed. [&hellip;]<\/p>\n","protected":false},"author":39,"featured_media":350171,"comment_status":"closed","ping_status":"0","sticky":false,"template":"","format":"standard","meta":{"footnotes":""},"categories":[4620,2],"tags":[1176,1384],"ods":[],"class_list":["post-351588","post","type-post","status-publish","format-standard","has-post-thumbnail","hentry","category-destaques","category-noticias","tag-prefeito-luiz-fernando-machado","tag-unidade-de-gestao-de-governo-e-financas"],"_links":{"self":[{"href":"https:\/\/jundiai.sp.gov.br\/noticias\/wp-json\/wp\/v2\/posts\/351588","targetHints":{"allow":["GET"]}}],"collection":[{"href":"https:\/\/jundiai.sp.gov.br\/noticias\/wp-json\/wp\/v2\/posts"}],"about":[{"href":"https:\/\/jundiai.sp.gov.br\/noticias\/wp-json\/wp\/v2\/types\/post"}],"author":[{"embeddable":true,"href":"https:\/\/jundiai.sp.gov.br\/noticias\/wp-json\/wp\/v2\/users\/39"}],"replies":[{"embeddable":true,"href":"https:\/\/jundiai.sp.gov.br\/noticias\/wp-json\/wp\/v2\/comments?post=351588"}],"version-history":[{"count":6,"href":"https:\/\/jundiai.sp.gov.br\/noticias\/wp-json\/wp\/v2\/posts\/351588\/revisions"}],"predecessor-version":[{"id":351595,"href":"https:\/\/jundiai.sp.gov.br\/noticias\/wp-json\/wp\/v2\/posts\/351588\/revisions\/351595"}],"wp:featuredmedia":[{"embeddable":true,"href":"https:\/\/jundiai.sp.gov.br\/noticias\/wp-json\/wp\/v2\/media\/350171"}],"wp:attachment":[{"href":"https:\/\/jundiai.sp.gov.br\/noticias\/wp-json\/wp\/v2\/media?parent=351588"}],"wp:term":[{"taxonomy":"category","embeddable":true,"href":"https:\/\/jundiai.sp.gov.br\/noticias\/wp-json\/wp\/v2\/categories?post=351588"},{"taxonomy":"post_tag","embeddable":true,"href":"https:\/\/jundiai.sp.gov.br\/noticias\/wp-json\/wp\/v2\/tags?post=351588"},{"taxonomy":"ods","embeddable":true,"href":"https:\/\/jundiai.sp.gov.br\/noticias\/wp-json\/wp\/v2\/ods?post=351588"}],"curies":[{"name":"wp","href":"https:\/\/api.w.org\/{rel}","templated":true}]}}