{"id":351623,"date":"2024-12-30T07:56:29","date_gmt":"2024-12-30T10:56:29","guid":{"rendered":"https:\/\/jundiai.sp.gov.br\/noticias\/?p=351623"},"modified":"2024-12-30T19:57:54","modified_gmt":"2024-12-30T22:57:54","slug":"nota-oficial-chuvas-2","status":"publish","type":"post","link":"https:\/\/jundiai.sp.gov.br\/noticias\/2024\/12\/30\/nota-oficial-chuvas-2\/","title":{"rendered":"Nota Oficial &#8211; Chuvas"},"content":{"rendered":"\n<p>Atualizado \u00e0s 16:00 &#8211; 30 de dezembro &#8211; A Defesa Civil de Jundia\u00ed informa que uma chuva generalizada, persistente e at\u00edpica atingiu toda a cidade na noite deste domingo (29). Foram registrados pontos de alagamento nos seguintes locais com entrada de \u00e1gua em resid\u00eancias: Ponte S\u00e3o Jo\u00e3o, Jardim Sorocabana, Jardim Fepasa, Jardim Tamoio, Jardim da Fonte, Jardim Cica, Vila Liberdade, Jardim Novo Horizonte, Retiro e Vila Rio Branco. A cidade segue em Estado de Aten\u00e7\u00e3o.<\/p>\n\n\n\n<p>Foram registradas quedas de \u00e1rvores na regi\u00e3o Central, Eloy Chaves, Av. Giustiniano Borin, Av. Luiz Latorre e na Vila das Hort\u00eancias.<\/p>\n\n\n\n<p>Entre a noite de ontem e a madrugada desta segunda, 4 casas foram interditadas inicialmente por riscos estruturais nos bairros Jardim Carlos Gomes (01), Jardim Tamoio (02) e Bonfiglioli (01). N\u00e3o houve registro de v\u00edtimas. Todas as fam\u00edlias est\u00e3o sendo assistidas.<\/p>\n\n\n\n<p>Na manh\u00e3 e tarde de hoje, foram registradas novas interdi\u00e7\u00f5es parciais em outras quatro casas nos bairros Vila Rica (02), Jardim S\u00e3o Camilo (01) e Jardim do L\u00edrio (01). Al\u00e9m disso, foram entregues lonas para a \u00e1rea de encosta no Balsan.<br>No total, s\u00e3o 8 interdi\u00e7\u00f5es na cidade.<\/p>\n\n\n\n<p>O volume de chuva acumulado na cidade foi de 71 mm em apenas 3 horas, de acordo com o monitoramento realizado pela Defesa Civil com dados do Cemaden, volume at\u00edpico e de forte intensidade.<\/p>\n\n\n\n<p>Equipes da for\u00e7a-tarefa da Prefeitura de Jundia\u00ed, composta por diversas Unidades de Gest\u00e3o, seguem nas ruas para atender ocorr\u00eancias, prestar assist\u00eancia \u00e0 popula\u00e7\u00e3o e monitorar as \u00e1reas mais afetadas. A Defesa Civil segue em alerta, acompanhando a situa\u00e7\u00e3o em tempo real e com equipes nas ruas.<\/p>\n\n\n\n<p>Refor\u00e7amos \u00e0 popula\u00e7\u00e3o que, em caso de emerg\u00eancia, entre em contato com a Defesa Civil pelo telefone 199 ou com o Corpo de Bombeiros pelo 193.<\/p>\n\n\n\n<p><strong>Assessoria de Imprensa<\/strong><\/p>\n","protected":false},"excerpt":{"rendered":"<p>Atualizado \u00e0s 16:00 &#8211; 30 de dezembro &#8211; A Defesa Civil de Jundia\u00ed informa que uma chuva generalizada, persistente e at\u00edpica atingiu toda a cidade na noite deste domingo (29). Foram registrados pontos de alagamento nos seguintes locais com entrada de \u00e1gua em resid\u00eancias: Ponte S\u00e3o Jo\u00e3o, Jardim Sorocabana, Jardim Fepasa, Jardim Tamoio, Jardim da [&hellip;]<\/p>\n","protected":false},"author":100,"featured_media":245984,"comment_status":"closed","ping_status":"0","sticky":false,"template":"","format":"standard","meta":{"footnotes":""},"categories":[2],"tags":[34,2629],"ods":[],"class_list":["post-351623","post","type-post","status-publish","format-standard","has-post-thumbnail","hentry","category-noticias","tag-defesa-civil","tag-defesa-civil-de-jundiai"],"_links":{"self":[{"href":"https:\/\/jundiai.sp.gov.br\/noticias\/wp-json\/wp\/v2\/posts\/351623","targetHints":{"allow":["GET"]}}],"collection":[{"href":"https:\/\/jundiai.sp.gov.br\/noticias\/wp-json\/wp\/v2\/posts"}],"about":[{"href":"https:\/\/jundiai.sp.gov.br\/noticias\/wp-json\/wp\/v2\/types\/post"}],"author":[{"embeddable":true,"href":"https:\/\/jundiai.sp.gov.br\/noticias\/wp-json\/wp\/v2\/users\/100"}],"replies":[{"embeddable":true,"href":"https:\/\/jundiai.sp.gov.br\/noticias\/wp-json\/wp\/v2\/comments?post=351623"}],"version-history":[{"count":7,"href":"https:\/\/jundiai.sp.gov.br\/noticias\/wp-json\/wp\/v2\/posts\/351623\/revisions"}],"predecessor-version":[{"id":351650,"href":"https:\/\/jundiai.sp.gov.br\/noticias\/wp-json\/wp\/v2\/posts\/351623\/revisions\/351650"}],"wp:featuredmedia":[{"embeddable":true,"href":"https:\/\/jundiai.sp.gov.br\/noticias\/wp-json\/wp\/v2\/media\/245984"}],"wp:attachment":[{"href":"https:\/\/jundiai.sp.gov.br\/noticias\/wp-json\/wp\/v2\/media?parent=351623"}],"wp:term":[{"taxonomy":"category","embeddable":true,"href":"https:\/\/jundiai.sp.gov.br\/noticias\/wp-json\/wp\/v2\/categories?post=351623"},{"taxonomy":"post_tag","embeddable":true,"href":"https:\/\/jundiai.sp.gov.br\/noticias\/wp-json\/wp\/v2\/tags?post=351623"},{"taxonomy":"ods","embeddable":true,"href":"https:\/\/jundiai.sp.gov.br\/noticias\/wp-json\/wp\/v2\/ods?post=351623"}],"curies":[{"name":"wp","href":"https:\/\/api.w.org\/{rel}","templated":true}]}}