{"id":351639,"date":"2024-12-30T19:10:11","date_gmt":"2024-12-30T22:10:11","guid":{"rendered":"https:\/\/jundiai.sp.gov.br\/noticias\/?p=351639"},"modified":"2024-12-30T19:14:05","modified_gmt":"2024-12-30T22:14:05","slug":"chuvas-arrecadacao-continua-amanha-31-ate-meio-dia-no-fundo-social","status":"publish","type":"post","link":"https:\/\/jundiai.sp.gov.br\/noticias\/2024\/12\/30\/chuvas-arrecadacao-continua-amanha-31-ate-meio-dia-no-fundo-social\/","title":{"rendered":"Chuvas: arrecada\u00e7\u00e3o continua amanh\u00e3 (31) at\u00e9 meio-dia no Fundo Social"},"content":{"rendered":"\n<p>O Fundo Social de Solidariedade (Funss) prossegue nesta ter\u00e7a-feira (31), at\u00e9 o meio-dia, com arrecada\u00e7\u00e3o de doa\u00e7\u00f5es para as v\u00edtimas das fortes chuvas em Jundia\u00ed.<\/p>\n\n\n\n<p>A iniciativa \u00e9 uma a\u00e7\u00e3o coordenada pelo atual governo Luiz Fernando Machado e primeira-dama Vanessa Machado e o governo de transi\u00e7\u00e3o do prefeito eleito Gustavo Martinelli e primeira-dama Ellen Camila Martinelli. Todas as doa\u00e7\u00f5es ser\u00e3o encaminhadas \u00e0s v\u00edtimas por meio da Defesa Civil de Jundia\u00ed.<\/p>\n\n\n\n<figure class=\"wp-block-image size-large\"><img loading=\"lazy\" decoding=\"async\" width=\"1280\" height=\"960\" src=\"https:\/\/jundiai.sp.gov.br\/noticias\/wp-content\/uploads\/sites\/32\/2024\/05\/doacoes-rs-01-1280x960.jpeg\" alt=\"\" class=\"wp-image-344492\" srcset=\"https:\/\/jundiai.sp.gov.br\/noticias\/wp-content\/uploads\/sites\/32\/2024\/05\/doacoes-rs-01-1280x960.jpeg 1280w, https:\/\/jundiai.sp.gov.br\/noticias\/wp-content\/uploads\/sites\/32\/2024\/05\/doacoes-rs-01-300x225.jpeg 300w, https:\/\/jundiai.sp.gov.br\/noticias\/wp-content\/uploads\/sites\/32\/2024\/05\/doacoes-rs-01-768x576.jpeg 768w, https:\/\/jundiai.sp.gov.br\/noticias\/wp-content\/uploads\/sites\/32\/2024\/05\/doacoes-rs-01-1536x1152.jpeg 1536w, https:\/\/jundiai.sp.gov.br\/noticias\/wp-content\/uploads\/sites\/32\/2024\/05\/doacoes-rs-01.jpeg 1600w\" sizes=\"auto, (max-width: 1280px) 100vw, 1280px\" \/><\/figure>\n\n\n\n<p>Os interessados em ajudar poder\u00e3o doar alimentos n\u00e3o perec\u00edveis, leite longa vida, produtos de higiene pessoal e limpeza, \u00e1gua mineral e eletrodom\u00e9sticos.<\/p>\n\n\n\n<p>O endere\u00e7o do Fundo Social \u00e9 o Parque da Uva e o acesso \u00e9 pela avenida Dona Manoela Lacerda de Vergueiro, s\/n, port\u00e3o 03, Anhangaba\u00fa. O funcionamento, excepcionalmente, ser\u00e1 das 8h at\u00e9 o meio-dia. Informa\u00e7\u00f5es pelos telefones (11) 4589-6319 e 4589-6320.<\/p>\n\n\n\n<p>Chuvas<\/p>\n\n\n\n<p>Equipes da for\u00e7a-tarefa da Prefeitura de Jundia\u00ed, composta por diversas Unidades de Gest\u00e3o, seguem nas ruas desde a noite de domingo para atender ocorr\u00eancias, prestar assist\u00eancia \u00e0 popula\u00e7\u00e3o e monitorar as \u00e1reas mais afetadas. A Defesa Civil segue em alerta, acompanhando a situa\u00e7\u00e3o em tempo real e com equipes nas ruas. At\u00e9 agora, n\u00e3o h\u00e1 registro de v\u00edtimas na cidade.<\/p>\n\n\n\n<p>Refor\u00e7amos \u00e0 popula\u00e7\u00e3o que, em caso de emerg\u00eancia, entre em contato com a Defesa Civil pelo telefone 199 ou com o Corpo de Bombeiros pelo 193.<\/p>\n\n\n\n<p><strong>Assessoria de Imprensa<br><\/strong><\/p>\n","protected":false},"excerpt":{"rendered":"<p>O Fundo Social de Solidariedade (Funss) prossegue nesta ter\u00e7a-feira (31), at\u00e9 o meio-dia, com arrecada\u00e7\u00e3o de doa\u00e7\u00f5es para as v\u00edtimas das fortes chuvas em Jundia\u00ed. A iniciativa \u00e9 uma a\u00e7\u00e3o coordenada pelo atual governo Luiz Fernando Machado e primeira-dama Vanessa Machado e o governo de transi\u00e7\u00e3o do prefeito eleito Gustavo Martinelli e primeira-dama Ellen Camila [&hellip;]<\/p>\n","protected":false},"author":112,"featured_media":344492,"comment_status":"closed","ping_status":"0","sticky":false,"template":"","format":"standard","meta":{"footnotes":""},"categories":[4620,2],"tags":[416],"ods":[],"class_list":["post-351639","post","type-post","status-publish","format-standard","has-post-thumbnail","hentry","category-destaques","category-noticias","tag-fundo-social-de-solidariedade-funss"],"_links":{"self":[{"href":"https:\/\/jundiai.sp.gov.br\/noticias\/wp-json\/wp\/v2\/posts\/351639","targetHints":{"allow":["GET"]}}],"collection":[{"href":"https:\/\/jundiai.sp.gov.br\/noticias\/wp-json\/wp\/v2\/posts"}],"about":[{"href":"https:\/\/jundiai.sp.gov.br\/noticias\/wp-json\/wp\/v2\/types\/post"}],"author":[{"embeddable":true,"href":"https:\/\/jundiai.sp.gov.br\/noticias\/wp-json\/wp\/v2\/users\/112"}],"replies":[{"embeddable":true,"href":"https:\/\/jundiai.sp.gov.br\/noticias\/wp-json\/wp\/v2\/comments?post=351639"}],"version-history":[{"count":5,"href":"https:\/\/jundiai.sp.gov.br\/noticias\/wp-json\/wp\/v2\/posts\/351639\/revisions"}],"predecessor-version":[{"id":351648,"href":"https:\/\/jundiai.sp.gov.br\/noticias\/wp-json\/wp\/v2\/posts\/351639\/revisions\/351648"}],"wp:featuredmedia":[{"embeddable":true,"href":"https:\/\/jundiai.sp.gov.br\/noticias\/wp-json\/wp\/v2\/media\/344492"}],"wp:attachment":[{"href":"https:\/\/jundiai.sp.gov.br\/noticias\/wp-json\/wp\/v2\/media?parent=351639"}],"wp:term":[{"taxonomy":"category","embeddable":true,"href":"https:\/\/jundiai.sp.gov.br\/noticias\/wp-json\/wp\/v2\/categories?post=351639"},{"taxonomy":"post_tag","embeddable":true,"href":"https:\/\/jundiai.sp.gov.br\/noticias\/wp-json\/wp\/v2\/tags?post=351639"},{"taxonomy":"ods","embeddable":true,"href":"https:\/\/jundiai.sp.gov.br\/noticias\/wp-json\/wp\/v2\/ods?post=351639"}],"curies":[{"name":"wp","href":"https:\/\/api.w.org\/{rel}","templated":true}]}}