{"id":351665,"date":"2025-01-02T15:34:58","date_gmt":"2025-01-02T18:34:58","guid":{"rendered":"https:\/\/jundiai.sp.gov.br\/noticias\/?p=351665"},"modified":"2025-01-02T16:21:04","modified_gmt":"2025-01-02T19:21:04","slug":"nova-gestao-realiza-primeira-reuniao-com-a-equipe-de-secretarios","status":"publish","type":"post","link":"https:\/\/jundiai.sp.gov.br\/noticias\/2025\/01\/02\/nova-gestao-realiza-primeira-reuniao-com-a-equipe-de-secretarios\/","title":{"rendered":"Nova gest\u00e3o realiza primeira reuni\u00e3o com a equipe de secret\u00e1rios"},"content":{"rendered":"\n<p>Na manh\u00e3 desta quinta-feira (02), o prefeito Gustavo Martinelli, acompanhado de seu vice, Ricardo Benassi, comandou a primeira reuni\u00e3o de secretariado da nova gest\u00e3o. Durante o encontro, o novo prefeito deu as boas-vindas \u00e0 sua equipe e repassou orienta\u00e7\u00f5es para alinhar as a\u00e7\u00f5es que cada pasta dever\u00e1 colocar em pr\u00e1tica j\u00e1 neste primeiro dia \u00fatil de 2025.<\/p>\n\n\n\n<p>Gustavo fez quest\u00e3o de destacar que manter\u00e1 um time engajado para trabalhar juntamente com os funcion\u00e1rios p\u00fablicos e entregar \u00e0 popula\u00e7\u00e3o uma gest\u00e3o transformadora, mesmo diante dos grandes desafios que ir\u00e3o encontrar no dia a dia.<\/p>\n\n\n\n<figure class=\"wp-block-image size-large\"><img loading=\"lazy\" decoding=\"async\" width=\"1280\" height=\"854\" src=\"https:\/\/jundiai.sp.gov.br\/noticias\/wp-content\/uploads\/sites\/32\/2025\/01\/whatsapp-image-2025-01-02-at-15-20-55-1280x854.jpeg\" alt=\"\" class=\"wp-image-351666\" srcset=\"https:\/\/jundiai.sp.gov.br\/noticias\/wp-content\/uploads\/sites\/32\/2025\/01\/whatsapp-image-2025-01-02-at-15-20-55-1280x854.jpeg 1280w, https:\/\/jundiai.sp.gov.br\/noticias\/wp-content\/uploads\/sites\/32\/2025\/01\/whatsapp-image-2025-01-02-at-15-20-55-300x200.jpeg 300w, https:\/\/jundiai.sp.gov.br\/noticias\/wp-content\/uploads\/sites\/32\/2025\/01\/whatsapp-image-2025-01-02-at-15-20-55-768x512.jpeg 768w, https:\/\/jundiai.sp.gov.br\/noticias\/wp-content\/uploads\/sites\/32\/2025\/01\/whatsapp-image-2025-01-02-at-15-20-55-1536x1024.jpeg 1536w, https:\/\/jundiai.sp.gov.br\/noticias\/wp-content\/uploads\/sites\/32\/2025\/01\/whatsapp-image-2025-01-02-at-15-20-55-450x300.jpeg 450w, https:\/\/jundiai.sp.gov.br\/noticias\/wp-content\/uploads\/sites\/32\/2025\/01\/whatsapp-image-2025-01-02-at-15-20-55.jpeg 1900w\" sizes=\"auto, (max-width: 1280px) 100vw, 1280px\" \/><figcaption class=\"wp-element-caption\">Primeira reuni\u00e3o de secret\u00e1rios da gest\u00e3o Gustavo Martinelli <\/figcaption><\/figure>\n\n\n\n<p>Temas como sa\u00fade, servi\u00e7os p\u00fablicos, transporte, educa\u00e7\u00e3o e seguran\u00e7a foram debatidos para garantir a entrega dos servi\u00e7os essenciais \u00e0 popula\u00e7\u00e3o sem interrup\u00e7\u00e3o no atendimento. Para manter a zeladoria da cidade, foi designada uma for\u00e7a-tarefa para a execu\u00e7\u00e3o dos servi\u00e7os de poda de mato e tapa-buracos, que ser\u00e3o realizados em parceria com a DAE Jundia\u00ed.<\/p>\n\n\n\n<p>Outro assunto abordado foi a otimiza\u00e7\u00e3o de recursos para alcan\u00e7ar os objetivos e colocar a casa em ordem. \u201cTemos bastante trabalho pela frente, mas, neste primeiro momento, nosso foco \u00e9 manter todos os servi\u00e7os em funcionamento para o bom atendimento da popula\u00e7\u00e3o, e a principal orienta\u00e7\u00e3o \u00e9 para que cada secret\u00e1rio fa\u00e7a uma an\u00e1lise de sua pasta e, juntos, tra\u00e7aremos as melhores estrat\u00e9gias\u201d, destacou Gustavo.<\/p>\n\n\n\n<p>O vice-prefeito Ricardo Benassi ainda comentou sobre uma poss\u00edvel reforma administrativa para melhor organiza\u00e7\u00e3o das pastas e otimiza\u00e7\u00e3o de recursos.<\/p>\n\n\n\n<figure class=\"wp-block-image size-large\"><img loading=\"lazy\" decoding=\"async\" width=\"1280\" height=\"854\" src=\"https:\/\/jundiai.sp.gov.br\/noticias\/wp-content\/uploads\/sites\/32\/2025\/01\/whatsapp-image-2025-01-02-at-15-20-55-1-1280x854.jpeg\" alt=\"\" class=\"wp-image-351667\" srcset=\"https:\/\/jundiai.sp.gov.br\/noticias\/wp-content\/uploads\/sites\/32\/2025\/01\/whatsapp-image-2025-01-02-at-15-20-55-1-1280x854.jpeg 1280w, https:\/\/jundiai.sp.gov.br\/noticias\/wp-content\/uploads\/sites\/32\/2025\/01\/whatsapp-image-2025-01-02-at-15-20-55-1-300x200.jpeg 300w, https:\/\/jundiai.sp.gov.br\/noticias\/wp-content\/uploads\/sites\/32\/2025\/01\/whatsapp-image-2025-01-02-at-15-20-55-1-768x512.jpeg 768w, https:\/\/jundiai.sp.gov.br\/noticias\/wp-content\/uploads\/sites\/32\/2025\/01\/whatsapp-image-2025-01-02-at-15-20-55-1-1536x1024.jpeg 1536w, https:\/\/jundiai.sp.gov.br\/noticias\/wp-content\/uploads\/sites\/32\/2025\/01\/whatsapp-image-2025-01-02-at-15-20-55-1-450x300.jpeg 450w, https:\/\/jundiai.sp.gov.br\/noticias\/wp-content\/uploads\/sites\/32\/2025\/01\/whatsapp-image-2025-01-02-at-15-20-55-1.jpeg 1900w\" sizes=\"auto, (max-width: 1280px) 100vw, 1280px\" \/><figcaption class=\"wp-element-caption\">Prefeito e vice alinham os primeiros direcionamentos com a equipe. <\/figcaption><\/figure>\n","protected":false},"excerpt":{"rendered":"<p>Na manh\u00e3 desta quinta-feira (02), o prefeito Gustavo Martinelli, acompanhado de seu vice, Ricardo Benassi, comandou a primeira reuni\u00e3o de secretariado da nova gest\u00e3o. Durante o encontro, o novo prefeito deu as boas-vindas \u00e0 sua equipe e repassou orienta\u00e7\u00f5es para alinhar as a\u00e7\u00f5es que cada pasta dever\u00e1 colocar em pr\u00e1tica j\u00e1 neste primeiro dia \u00fatil [&hellip;]<\/p>\n","protected":false},"author":50,"featured_media":351667,"comment_status":"closed","ping_status":"0","sticky":false,"template":"","format":"standard","meta":{"footnotes":""},"categories":[4620,2],"tags":[3880],"ods":[],"class_list":["post-351665","post","type-post","status-publish","format-standard","has-post-thumbnail","hentry","category-destaques","category-noticias","tag-governanca"],"_links":{"self":[{"href":"https:\/\/jundiai.sp.gov.br\/noticias\/wp-json\/wp\/v2\/posts\/351665","targetHints":{"allow":["GET"]}}],"collection":[{"href":"https:\/\/jundiai.sp.gov.br\/noticias\/wp-json\/wp\/v2\/posts"}],"about":[{"href":"https:\/\/jundiai.sp.gov.br\/noticias\/wp-json\/wp\/v2\/types\/post"}],"author":[{"embeddable":true,"href":"https:\/\/jundiai.sp.gov.br\/noticias\/wp-json\/wp\/v2\/users\/50"}],"replies":[{"embeddable":true,"href":"https:\/\/jundiai.sp.gov.br\/noticias\/wp-json\/wp\/v2\/comments?post=351665"}],"version-history":[{"count":3,"href":"https:\/\/jundiai.sp.gov.br\/noticias\/wp-json\/wp\/v2\/posts\/351665\/revisions"}],"predecessor-version":[{"id":351669,"href":"https:\/\/jundiai.sp.gov.br\/noticias\/wp-json\/wp\/v2\/posts\/351665\/revisions\/351669"}],"wp:featuredmedia":[{"embeddable":true,"href":"https:\/\/jundiai.sp.gov.br\/noticias\/wp-json\/wp\/v2\/media\/351667"}],"wp:attachment":[{"href":"https:\/\/jundiai.sp.gov.br\/noticias\/wp-json\/wp\/v2\/media?parent=351665"}],"wp:term":[{"taxonomy":"category","embeddable":true,"href":"https:\/\/jundiai.sp.gov.br\/noticias\/wp-json\/wp\/v2\/categories?post=351665"},{"taxonomy":"post_tag","embeddable":true,"href":"https:\/\/jundiai.sp.gov.br\/noticias\/wp-json\/wp\/v2\/tags?post=351665"},{"taxonomy":"ods","embeddable":true,"href":"https:\/\/jundiai.sp.gov.br\/noticias\/wp-json\/wp\/v2\/ods?post=351665"}],"curies":[{"name":"wp","href":"https:\/\/api.w.org\/{rel}","templated":true}]}}