{"id":351735,"date":"2025-01-07T07:00:00","date_gmt":"2025-01-07T10:00:00","guid":{"rendered":"https:\/\/jundiai.sp.gov.br\/noticias\/?p=351735"},"modified":"2025-01-06T19:07:58","modified_gmt":"2025-01-06T22:07:58","slug":"prefeituras-de-jundiai-varzea-paulista-e-governo-do-estado-discutem-solucoes-para-as-familias-dos-bairros-ivoturucaia-e-vila-real-afetadas-pelas-chuvas","status":"publish","type":"post","link":"https:\/\/jundiai.sp.gov.br\/noticias\/2025\/01\/07\/prefeituras-de-jundiai-varzea-paulista-e-governo-do-estado-discutem-solucoes-para-as-familias-dos-bairros-ivoturucaia-e-vila-real-afetadas-pelas-chuvas\/","title":{"rendered":"Prefeituras de Jundia\u00ed, V\u00e1rzea Paulista e Governo do Estado discutem solu\u00e7\u00f5es para as fam\u00edlias dos bairros Ivoturucaia e Vila Real afetadas pelas chuvas"},"content":{"rendered":"\n<p>Na tarde de ontem (06), uma reuni\u00e3o emergencial em V\u00e1rzea Paulista reuniu autoridades de diferentes esferas para discutir medidas de apoio \u00e0s fam\u00edlias do bairro Ivoturucaia, afetadas pelas intensas chuvas de dezembro de 2024. O encontro contou com a presen\u00e7a do prefeito de Jundia\u00ed, Gustavo Martinelli; do vice-prefeito Ricardo Benassi; do subsecret\u00e1rio de Desenvolvimento Urbano do Governo do Estado de S\u00e3o Paulo, Jos\u00e9 Police Neto; do prefeito de V\u00e1rzea Paulista, professor Rodolfo; al\u00e9m de secret\u00e1rios municipais, como Andr\u00e9 Ferrazzo (Planejamento Urbano e Meio Ambiente de Jundia\u00ed), o coordenador da Defesa Civil de Jundia\u00ed, Coronel Gimenez, e o superintendente da FUMAS (Funda\u00e7\u00e3o Municipal de A\u00e7\u00e3o Social), Jeferson Coimbra.<\/p>\n\n\n\n<p>A trag\u00e9dia, que resultou em quatro mortes e deixou 30 fam\u00edlias desabrigadas, mobilizou esfor\u00e7os para atender \u00e0s v\u00edtimas. Nove dessas fam\u00edlias ainda permanecem abrigadas na EMEB Luzia Francisca de Souza, no pr\u00f3prio bairro.<\/p>\n\n\n\n<p>De acordo com o prefeito Gustavo Martinelli, a prioridade \u00e9 garantir aux\u00edlio-aluguel \u00e0s fam\u00edlias que ainda est\u00e3o no abrigo provis\u00f3rio, de forma a liberar o espa\u00e7o antes do retorno das aulas. \u201cEssas fam\u00edlias poder\u00e3o permanecer na escola at\u00e9 o dia 16 de janeiro, mas ter\u00e3o prioridade no aux\u00edlio-aluguel pago pela FUMAS. Al\u00e9m disso, solicitamos ao Governo do Estado um aporte financeiro adicional para refor\u00e7ar o suporte \u00e0s v\u00edtimas\u201d, destacou Martinelli.<\/p>\n\n\n\n<figure class=\"wp-block-image size-large\"><img loading=\"lazy\" decoding=\"async\" width=\"1280\" height=\"854\" src=\"https:\/\/jundiai.sp.gov.br\/noticias\/wp-content\/uploads\/sites\/32\/2025\/01\/agenda_varzeapaulista-72-1-1280x854.jpg\" alt=\"\" class=\"wp-image-351736\" srcset=\"https:\/\/jundiai.sp.gov.br\/noticias\/wp-content\/uploads\/sites\/32\/2025\/01\/agenda_varzeapaulista-72-1-1280x854.jpg 1280w, https:\/\/jundiai.sp.gov.br\/noticias\/wp-content\/uploads\/sites\/32\/2025\/01\/agenda_varzeapaulista-72-1-300x200.jpg 300w, https:\/\/jundiai.sp.gov.br\/noticias\/wp-content\/uploads\/sites\/32\/2025\/01\/agenda_varzeapaulista-72-1-768x512.jpg 768w, https:\/\/jundiai.sp.gov.br\/noticias\/wp-content\/uploads\/sites\/32\/2025\/01\/agenda_varzeapaulista-72-1-1536x1024.jpg 1536w, https:\/\/jundiai.sp.gov.br\/noticias\/wp-content\/uploads\/sites\/32\/2025\/01\/agenda_varzeapaulista-72-1-450x300.jpg 450w, https:\/\/jundiai.sp.gov.br\/noticias\/wp-content\/uploads\/sites\/32\/2025\/01\/agenda_varzeapaulista-72-1.jpg 1900w\" sizes=\"auto, (max-width: 1280px) 100vw, 1280px\" \/><figcaption class=\"wp-element-caption\">Gustavo Martinelli, prefeito de Jundia\u00ed; Jeferson Coimbra, Superintendente da FUMAS Jundia\u00ed; Jos\u00e9 Police Neto, subsecret\u00e1rio de Desenvolvimento Urbano do Governo do Estado de S\u00e3o Paulo; Rodolfo Braga, prefeito de V\u00e1rzea Paulista<\/figcaption><\/figure>\n\n\n\n<p>O superintendente da FUMAS, Jeferson Coimbra, refor\u00e7ou o foco no atendimento humanizado \u00e0s fam\u00edlias. \u201cEstamos trabalhando para oferecer todo o suporte necess\u00e1rio, incluindo o aux\u00edlio-aluguel para as quatro fam\u00edlias de Jundia\u00ed que foram diretamente afetadas.\u201d<\/p>\n\n\n\n<p>Durante o encontro, o coordenador da Defesa Civil de Jundia\u00ed, Coronel Gimenez, anunciou que ser\u00e1 realizada uma nova vistoria t\u00e9cnica no bairro Ivoturucaia para mapear e reavaliar os riscos das \u00e1reas atingidas. \u201cNosso objetivo \u00e9 obter um levantamento detalhado para tomar as medidas adequadas de mitiga\u00e7\u00e3o de risco e garantir a seguran\u00e7a das fam\u00edlias\u201d, explicou Gimenez.<\/p>\n\n\n\n<p>Outro tema debatido foi a realoca\u00e7\u00e3o das fam\u00edlias que vivem em \u00e1reas de risco. Uma das propostas \u00e9 a constru\u00e7\u00e3o de 100 casas populares em um terreno pertencente a Jundia\u00ed. A iniciativa depender\u00e1 de um esfor\u00e7o conjunto entre o Governo do Estado, a CDHU e as prefeituras de Jundia\u00ed e V\u00e1rzea Paulista.<\/p>\n\n\n\n<p>O prefeito de V\u00e1rzea Paulista, professor Rodolfo, ressaltou que j\u00e1 existe um protocolo junto ao Governo do Estado desde 2022 para viabilizar o projeto habitacional. \u201cCom a presen\u00e7a do subsecret\u00e1rio na reuni\u00e3o, refor\u00e7amos a necessidade de agilidade nesse processo para atender essas fam\u00edlias o mais r\u00e1pido poss\u00edvel.\u201d<\/p>\n\n\n\n<p>Jos\u00e9 Police Neto, subsecret\u00e1rio estadual, destacou que o papel do Governo do Estado \u00e9 apoiar solu\u00e7\u00f5es nascidas nos munic\u00edpios. \u201cEstamos presentes no bairro desde o dia 21 de dezembro e n\u00e3o sairemos at\u00e9 que todos os riscos sejam afastados. Criamos um escrit\u00f3rio t\u00e9cnico atrav\u00e9s da Regi\u00e3o Metropolitana de Jundia\u00ed para auxiliar os sete munic\u00edpios da regi\u00e3o a resolverem quest\u00f5es complexas como esta.\u201d<\/p>\n\n\n\n<p><strong>Assessoria de Imprensa<br>Fotos: PMJ<\/strong><\/p>\n","protected":false},"excerpt":{"rendered":"<p>Na tarde de ontem (06), uma reuni\u00e3o emergencial em V\u00e1rzea Paulista reuniu autoridades de diferentes esferas para discutir medidas de apoio \u00e0s fam\u00edlias do bairro Ivoturucaia, afetadas pelas intensas chuvas de dezembro de 2024. O encontro contou com a presen\u00e7a do prefeito de Jundia\u00ed, Gustavo Martinelli; do vice-prefeito Ricardo Benassi; do subsecret\u00e1rio de Desenvolvimento Urbano [&hellip;]<\/p>\n","protected":false},"author":121,"featured_media":351737,"comment_status":"closed","ping_status":"0","sticky":false,"template":"","format":"standard","meta":{"footnotes":""},"categories":[4620,2],"tags":[1768],"ods":[],"class_list":["post-351735","post","type-post","status-publish","format-standard","has-post-thumbnail","hentry","category-destaques","category-noticias","tag-chuva"],"_links":{"self":[{"href":"https:\/\/jundiai.sp.gov.br\/noticias\/wp-json\/wp\/v2\/posts\/351735","targetHints":{"allow":["GET"]}}],"collection":[{"href":"https:\/\/jundiai.sp.gov.br\/noticias\/wp-json\/wp\/v2\/posts"}],"about":[{"href":"https:\/\/jundiai.sp.gov.br\/noticias\/wp-json\/wp\/v2\/types\/post"}],"author":[{"embeddable":true,"href":"https:\/\/jundiai.sp.gov.br\/noticias\/wp-json\/wp\/v2\/users\/121"}],"replies":[{"embeddable":true,"href":"https:\/\/jundiai.sp.gov.br\/noticias\/wp-json\/wp\/v2\/comments?post=351735"}],"version-history":[{"count":1,"href":"https:\/\/jundiai.sp.gov.br\/noticias\/wp-json\/wp\/v2\/posts\/351735\/revisions"}],"predecessor-version":[{"id":351738,"href":"https:\/\/jundiai.sp.gov.br\/noticias\/wp-json\/wp\/v2\/posts\/351735\/revisions\/351738"}],"wp:featuredmedia":[{"embeddable":true,"href":"https:\/\/jundiai.sp.gov.br\/noticias\/wp-json\/wp\/v2\/media\/351737"}],"wp:attachment":[{"href":"https:\/\/jundiai.sp.gov.br\/noticias\/wp-json\/wp\/v2\/media?parent=351735"}],"wp:term":[{"taxonomy":"category","embeddable":true,"href":"https:\/\/jundiai.sp.gov.br\/noticias\/wp-json\/wp\/v2\/categories?post=351735"},{"taxonomy":"post_tag","embeddable":true,"href":"https:\/\/jundiai.sp.gov.br\/noticias\/wp-json\/wp\/v2\/tags?post=351735"},{"taxonomy":"ods","embeddable":true,"href":"https:\/\/jundiai.sp.gov.br\/noticias\/wp-json\/wp\/v2\/ods?post=351735"}],"curies":[{"name":"wp","href":"https:\/\/api.w.org\/{rel}","templated":true}]}}