{"id":351740,"date":"2025-01-08T09:30:00","date_gmt":"2025-01-08T12:30:00","guid":{"rendered":"https:\/\/jundiai.sp.gov.br\/noticias\/?p=351740"},"modified":"2025-01-15T14:10:04","modified_gmt":"2025-01-15T17:10:04","slug":"jundiai-se-prepara-para-a-festa-da-uva-com-expectativa-de-crescimento","status":"publish","type":"post","link":"https:\/\/jundiai.sp.gov.br\/noticias\/2025\/01\/08\/jundiai-se-prepara-para-a-festa-da-uva-com-expectativa-de-crescimento\/","title":{"rendered":"Jundia\u00ed se prepara para a Festa da Uva com expectativa de crescimento"},"content":{"rendered":"\n<p>Os preparativos da Prefeitura para a <a href=\"https:\/\/festadauva.jundiai.sp.gov.br\/\" target=\"_blank\" rel=\"noreferrer noopener\">40\u00aa Festa da Uva e 11\u00aa Expo Vinhos<\/a>, 2025 reserva para toda Jundia\u00ed e regi\u00e3o grandes expectativas de crescimento da festa que comemora, entre os meses de janeiro e fevereiro, a safra da uva Niagara Rosada de Jundiahy, nossa uva com Indica\u00e7\u00e3o Geogr\u00e1fica.<\/p>\n\n\n\n<p>\u201cPara esta edi\u00e7\u00e3o, as expectativas s\u00e3o de superar os mais de 242 mil visitantes e os R$ 32 milh\u00f5es em vendas. Al\u00e9m, claro, de todos os demais n\u00fameros bastante expressivos da Gastronomia, Artesanato e Fluxo Tur\u00edstico de 2024\u201d, comentou a gestora de Agroneg\u00f3cio, Abastecimento e Turismo, Marcela Moro.<\/p>\n\n\n\n<figure class=\"wp-block-image size-large\"><img loading=\"lazy\" decoding=\"async\" width=\"1280\" height=\"854\" src=\"https:\/\/jundiai.sp.gov.br\/noticias\/wp-content\/uploads\/sites\/32\/2025\/01\/39-festa-da-uva_e_10-expo-vinhos-de-jundiai_fm_-236-1280x854.jpg\" alt=\"\" class=\"wp-image-351742\" srcset=\"https:\/\/jundiai.sp.gov.br\/noticias\/wp-content\/uploads\/sites\/32\/2025\/01\/39-festa-da-uva_e_10-expo-vinhos-de-jundiai_fm_-236-1280x854.jpg 1280w, https:\/\/jundiai.sp.gov.br\/noticias\/wp-content\/uploads\/sites\/32\/2025\/01\/39-festa-da-uva_e_10-expo-vinhos-de-jundiai_fm_-236-300x200.jpg 300w, https:\/\/jundiai.sp.gov.br\/noticias\/wp-content\/uploads\/sites\/32\/2025\/01\/39-festa-da-uva_e_10-expo-vinhos-de-jundiai_fm_-236-768x512.jpg 768w, https:\/\/jundiai.sp.gov.br\/noticias\/wp-content\/uploads\/sites\/32\/2025\/01\/39-festa-da-uva_e_10-expo-vinhos-de-jundiai_fm_-236-1536x1024.jpg 1536w, https:\/\/jundiai.sp.gov.br\/noticias\/wp-content\/uploads\/sites\/32\/2025\/01\/39-festa-da-uva_e_10-expo-vinhos-de-jundiai_fm_-236-450x300.jpg 450w, https:\/\/jundiai.sp.gov.br\/noticias\/wp-content\/uploads\/sites\/32\/2025\/01\/39-festa-da-uva_e_10-expo-vinhos-de-jundiai_fm_-236.jpg 1900w\" sizes=\"auto, (max-width: 1280px) 100vw, 1280px\" \/><figcaption class=\"wp-element-caption\">Pra\u00e7a de Alimenta\u00e7\u00e3o da \u00faltima edi\u00e7\u00e3o contou com \u00e1rea de 9 mil metros quadrados, 5 mil lugares e 14 restaurantes de gastronomia t\u00edpica<\/figcaption><\/figure>\n\n\n\n<p>Em 2024, as 48 entidades beneficentes participantes comercializaram \u2013 entre as mais de 100 op\u00e7\u00f5es de pratos do card\u00e1pio &#8211; 14 toneladas de frango, 10 toneladas de polenta, 6 toneladas de costela, 13 mil espetos variados, 18,5 mil lanches e sandu\u00edches e 30 mil coxinhas. Somente de frutas foram outras mais de 90 mil toneladas comercializadas. Sem contar as bebidas, que somaram 18 mil e 5 mil garrafas de vinho e bebidas diversas, respectivamente, al\u00e9m de 16 mil litros de suco de uva e 27 mil litros de chope artesanal e chope de vinho.<\/p>\n\n\n\n<p>Para a Festa, os 50 mil metros quadrados do Parque da Uva, a casa da Festa, contou no ano passado com Pra\u00e7a de Alimenta\u00e7\u00e3o de 9 mil metros quadrados, 5 mil lugares e 14 restaurantes de gastronomia t\u00edpica. Outros 15 mil metros quadrados foram reservados para os mais de 220 expositores participantes e 10 mil metros quadrados para os espa\u00e7os destinados \u00e0s crian\u00e7as. O Parque contou com tr\u00eas pavilh\u00f5es, seis galp\u00f5es e cinco palcos art\u00edsticos. Somente de artesanato, foram mais de 15,5 mil pe\u00e7as comercializadas.<\/p>\n\n\n\n<p>Entre os visitantes da \u00faltima edi\u00e7\u00e3o, houve o registro de pessoas oriundas de mais de 400 Munic\u00edpios diferentes de todos os Estados brasileiros e do Distrito Federal, al\u00e9m de pessoas de outros 30 diferentes pa\u00edses. O Parque recebeu ainda nos dias de Festa mais de 400 \u00f4nibus tur\u00edsticos e mais de 1,5 mil visitantes participaram de passeios saindo do Parque.<\/p>\n\n\n\n<figure class=\"wp-block-image size-large\"><img loading=\"lazy\" decoding=\"async\" width=\"1280\" height=\"854\" src=\"https:\/\/jundiai.sp.gov.br\/noticias\/wp-content\/uploads\/sites\/32\/2025\/01\/39o_festa_da_uva_4o_final_de_semana_domingo_pa-178-1280x854.jpg\" alt=\"\" class=\"wp-image-351743\" srcset=\"https:\/\/jundiai.sp.gov.br\/noticias\/wp-content\/uploads\/sites\/32\/2025\/01\/39o_festa_da_uva_4o_final_de_semana_domingo_pa-178-1280x854.jpg 1280w, https:\/\/jundiai.sp.gov.br\/noticias\/wp-content\/uploads\/sites\/32\/2025\/01\/39o_festa_da_uva_4o_final_de_semana_domingo_pa-178-300x200.jpg 300w, https:\/\/jundiai.sp.gov.br\/noticias\/wp-content\/uploads\/sites\/32\/2025\/01\/39o_festa_da_uva_4o_final_de_semana_domingo_pa-178-768x512.jpg 768w, https:\/\/jundiai.sp.gov.br\/noticias\/wp-content\/uploads\/sites\/32\/2025\/01\/39o_festa_da_uva_4o_final_de_semana_domingo_pa-178-1536x1024.jpg 1536w, https:\/\/jundiai.sp.gov.br\/noticias\/wp-content\/uploads\/sites\/32\/2025\/01\/39o_festa_da_uva_4o_final_de_semana_domingo_pa-178-450x300.jpg 450w, https:\/\/jundiai.sp.gov.br\/noticias\/wp-content\/uploads\/sites\/32\/2025\/01\/39o_festa_da_uva_4o_final_de_semana_domingo_pa-178.jpg 1900w\" sizes=\"auto, (max-width: 1280px) 100vw, 1280px\" \/><figcaption class=\"wp-element-caption\">Festa comemora a safra da uva Niagara Rosada de Jundiahy, exposta e vendida nos diversos ambientes do Parque <\/figcaption><\/figure>\n\n\n\n<p><strong>Mais Festa<\/strong><br>Realizada no Parque Comendador Ant\u00f4nio Carbonari (Parque da Uva), a 40\u00aa Festa da Uva e 11\u00aa Expo Vinhos ter\u00e1 sua abertura oficial na noite de 23 de janeiro (quinta-feira). A festa este ano segue por quatro finais de semana, nos dias 24, 25, 26 e 31 de janeiro e 01, 02, 07, 08, 09, 14, 15 e 16 de fevereiro, com os seguintes hor\u00e1rios: \u00e0s sextas-feiras, das 18h \u00e0s 22h; aos s\u00e1bados, das 10h \u00e0s 22h; e aos domingos, das 10h \u00e0s 22h.<\/p>\n\n\n\n<p>A Festa tem realiza\u00e7\u00e3o da Prefeitura de Jundia\u00ed, em parceria com a Associa\u00e7\u00e3o Agr\u00edcola de Jundia\u00ed. A entrada \u00e9 gratuita, com ingresso solid\u00e1rio volunt\u00e1rio de alimentos n\u00e3o perec\u00edveis para destina\u00e7\u00e3o ao Fundo Social de Solidariedade.<\/p>\n\n\n\n<figure class=\"wp-block-image size-large\"><img loading=\"lazy\" decoding=\"async\" width=\"1280\" height=\"854\" src=\"https:\/\/jundiai.sp.gov.br\/noticias\/wp-content\/uploads\/sites\/32\/2025\/01\/39-festa-da-uva_e_10-expo-vinhos-de-jundiai_fm_-307-1280x854.jpg\" alt=\"\" class=\"wp-image-351744\" srcset=\"https:\/\/jundiai.sp.gov.br\/noticias\/wp-content\/uploads\/sites\/32\/2025\/01\/39-festa-da-uva_e_10-expo-vinhos-de-jundiai_fm_-307-1280x854.jpg 1280w, https:\/\/jundiai.sp.gov.br\/noticias\/wp-content\/uploads\/sites\/32\/2025\/01\/39-festa-da-uva_e_10-expo-vinhos-de-jundiai_fm_-307-300x200.jpg 300w, https:\/\/jundiai.sp.gov.br\/noticias\/wp-content\/uploads\/sites\/32\/2025\/01\/39-festa-da-uva_e_10-expo-vinhos-de-jundiai_fm_-307-768x512.jpg 768w, https:\/\/jundiai.sp.gov.br\/noticias\/wp-content\/uploads\/sites\/32\/2025\/01\/39-festa-da-uva_e_10-expo-vinhos-de-jundiai_fm_-307-1536x1024.jpg 1536w, https:\/\/jundiai.sp.gov.br\/noticias\/wp-content\/uploads\/sites\/32\/2025\/01\/39-festa-da-uva_e_10-expo-vinhos-de-jundiai_fm_-307-450x300.jpg 450w, https:\/\/jundiai.sp.gov.br\/noticias\/wp-content\/uploads\/sites\/32\/2025\/01\/39-festa-da-uva_e_10-expo-vinhos-de-jundiai_fm_-307.jpg 1900w\" sizes=\"auto, (max-width: 1280px) 100vw, 1280px\" \/><figcaption class=\"wp-element-caption\">Entre frango, polenta, costela, espetos, lanches, sandu\u00edches e coxinhas foram toneladas e milhares de itens comercializados <\/figcaption><\/figure>\n\n\n\n<p><strong>Assessoria de Imprensa<br>Fotos: Arquivo PMJ <\/strong><\/p>\n","protected":false},"excerpt":{"rendered":"<p>Os preparativos da Prefeitura para a 40\u00aa Festa da Uva e 11\u00aa Expo Vinhos, 2025 reserva para toda Jundia\u00ed e regi\u00e3o grandes expectativas de crescimento da festa que comemora, entre os meses de janeiro e fevereiro, a safra da uva Niagara Rosada de Jundiahy, nossa uva com Indica\u00e7\u00e3o Geogr\u00e1fica. \u201cPara esta edi\u00e7\u00e3o, as expectativas s\u00e3o [&hellip;]<\/p>\n","protected":false},"author":14,"featured_media":351742,"comment_status":"closed","ping_status":"0","sticky":false,"template":"","format":"standard","meta":{"footnotes":""},"categories":[4620,2],"tags":[4751,974,29,7,4687,1781,276,1315],"ods":[],"class_list":["post-351740","post","type-post","status-publish","format-standard","has-post-thumbnail","hentry","category-destaques","category-noticias","tag-40a-festa-da-uva-e-11a-expo-vinhos","tag-agronegocio-abastecimento-e-turismo","tag-cultura","tag-festa-da-uva","tag-festa-da-uva-2025","tag-fundo-social-de-solidariedade","tag-parque-da-uva","tag-turismo"],"_links":{"self":[{"href":"https:\/\/jundiai.sp.gov.br\/noticias\/wp-json\/wp\/v2\/posts\/351740","targetHints":{"allow":["GET"]}}],"collection":[{"href":"https:\/\/jundiai.sp.gov.br\/noticias\/wp-json\/wp\/v2\/posts"}],"about":[{"href":"https:\/\/jundiai.sp.gov.br\/noticias\/wp-json\/wp\/v2\/types\/post"}],"author":[{"embeddable":true,"href":"https:\/\/jundiai.sp.gov.br\/noticias\/wp-json\/wp\/v2\/users\/14"}],"replies":[{"embeddable":true,"href":"https:\/\/jundiai.sp.gov.br\/noticias\/wp-json\/wp\/v2\/comments?post=351740"}],"version-history":[{"count":5,"href":"https:\/\/jundiai.sp.gov.br\/noticias\/wp-json\/wp\/v2\/posts\/351740\/revisions"}],"predecessor-version":[{"id":351748,"href":"https:\/\/jundiai.sp.gov.br\/noticias\/wp-json\/wp\/v2\/posts\/351740\/revisions\/351748"}],"wp:featuredmedia":[{"embeddable":true,"href":"https:\/\/jundiai.sp.gov.br\/noticias\/wp-json\/wp\/v2\/media\/351742"}],"wp:attachment":[{"href":"https:\/\/jundiai.sp.gov.br\/noticias\/wp-json\/wp\/v2\/media?parent=351740"}],"wp:term":[{"taxonomy":"category","embeddable":true,"href":"https:\/\/jundiai.sp.gov.br\/noticias\/wp-json\/wp\/v2\/categories?post=351740"},{"taxonomy":"post_tag","embeddable":true,"href":"https:\/\/jundiai.sp.gov.br\/noticias\/wp-json\/wp\/v2\/tags?post=351740"},{"taxonomy":"ods","embeddable":true,"href":"https:\/\/jundiai.sp.gov.br\/noticias\/wp-json\/wp\/v2\/ods?post=351740"}],"curies":[{"name":"wp","href":"https:\/\/api.w.org\/{rel}","templated":true}]}}