{"id":351753,"date":"2025-01-07T18:01:58","date_gmt":"2025-01-07T21:01:58","guid":{"rendered":"https:\/\/jundiai.sp.gov.br\/noticias\/?p=351753"},"modified":"2025-01-09T14:33:07","modified_gmt":"2025-01-09T17:33:07","slug":"fundo-social-de-solidariedade-de-jundiai-recebe-visita-do-prefeito-gustavo-martinelli","status":"publish","type":"post","link":"https:\/\/jundiai.sp.gov.br\/noticias\/2025\/01\/07\/fundo-social-de-solidariedade-de-jundiai-recebe-visita-do-prefeito-gustavo-martinelli\/","title":{"rendered":"Fundo Social de Solidariedade de Jundia\u00ed recebe visita do prefeito Gustavo Martinelli"},"content":{"rendered":"\n<p>A presidente do <a href=\"https:\/\/fundosocial.jundiai.sp.gov.br\/\" target=\"_blank\" rel=\"noreferrer noopener\">Fundo Social de Solidariedade de Jundia\u00ed (Funss)<\/a>, Ellen Camila Martinelli, recebeu nesta ter\u00e7a-feira (07) a visita do prefeito Gustavo Martinelli. O vice-prefeito Ricardo Benassi e sua esposa, Ana Paula Benassi, tamb\u00e9m estiveram presentes no encontro.<\/p>\n\n\n\n<p>Durante a reuni\u00e3o, que contou com a participa\u00e7\u00e3o da Diretora do Funns, Cassia Carpi, foram discutidos os planejamentos para a gest\u00e3o e a implanta\u00e7\u00e3o de projetos como Colo de M\u00e3e e Clube das M\u00e3es At\u00edpicas. \u201c\u00c9 uma primeira semana intensa, onde j\u00e1 estamos idealizando alguns projetos do que propomos no plano de governo. No Fundo Social o trabalho j\u00e1 come\u00e7ou com for\u00e7a total, tanto na arrecada\u00e7\u00e3o de doa\u00e7\u00f5es quanto na elabora\u00e7\u00e3o e no planejamento\u201d, explica o prefeito Gustavo Martinelli.<\/p>\n\n\n\n<p>Para a presidente do Funss, este encontro \u00e9 essencial para que toda a gest\u00e3o esteja alinhada. \u201cVamos trabalhar em equipe, com as secretarias, diretorias, presid\u00eancias. O nosso objetivo \u00e9 fazer o melhor por toda popula\u00e7\u00e3o de Jundia\u00ed, em especial aqui no Fundo, atendendo \u00e0s fam\u00edlias com maior vulnerabilidade, oferecendo cursos de gera\u00e7\u00e3o de emprego e renda, al\u00e9m das campanhas de doa\u00e7\u00f5es\u201d.<\/p>\n\n\n\n<p>Ellen ainda refor\u00e7a que o Funss aceita doa\u00e7\u00f5es diariamente, de segunda a sexta-feira, das 8h \u00e0s 17h. \u201cSabemos o quanto a nossa popula\u00e7\u00e3o \u00e9 generosa e caridosa. O que puder doar de alimentos na data de validade, roupas e eletrodom\u00e9sticos em bom estado, tudo \u00e9 bem-vindo\u201d.<\/p>\n\n\n\n<p><strong>Sobre o Fundo Social de Solidariedade de Jundia\u00ed<\/strong><br>O Fundo Social de Solidariedade de Jundia\u00ed (Funss) \u00e9 um \u00f3rg\u00e3o da Prefeitura de Jundia\u00ed, vinculado \u00e0 Unidade de Gest\u00e3o da Casa Civil e presidido pela primeira-dama do munic\u00edpio, Ellen Camila Martinelli.<\/p>\n\n\n\n<p>Com a finalidade de proporcionar qualifica\u00e7\u00e3o profissional, o Funss disponibiliza, sem custos, cursos, oficinas e workshops para indiv\u00edduos em situa\u00e7\u00e3o de vulnerabilidade, visando a cria\u00e7\u00e3o de oportunidades de trabalho e gera\u00e7\u00e3o de renda.<\/p>\n\n\n\n<p>Seu prop\u00f3sito \u00e9 implementar iniciativas que contribuam para o bem-estar das fam\u00edlias residentes em Jundia\u00ed. Para combater as desigualdades sociais, o Fundo Social de Solidariedade realiza parcerias e coordena a\u00e7\u00f5es com a sociedade civil, al\u00e9m de estabelecer colabora\u00e7\u00f5es com entidades privadas e com os governos municipal, estadual e federal.<\/p>\n\n\n<div class=\"wp-block-image\">\n<figure class=\"aligncenter size-full\"><img loading=\"lazy\" decoding=\"async\" width=\"701\" height=\"612\" src=\"https:\/\/jundiai.sp.gov.br\/noticias\/wp-content\/uploads\/sites\/32\/2025\/01\/visita_fundo_social.jpg\" alt=\"\" class=\"wp-image-351754\" srcset=\"https:\/\/jundiai.sp.gov.br\/noticias\/wp-content\/uploads\/sites\/32\/2025\/01\/visita_fundo_social.jpg 701w, https:\/\/jundiai.sp.gov.br\/noticias\/wp-content\/uploads\/sites\/32\/2025\/01\/visita_fundo_social-300x262.jpg 300w\" sizes=\"auto, (max-width: 701px) 100vw, 701px\" \/><figcaption class=\"wp-element-caption\">Durante a reuni\u00e3o, foram discutidos os planejamentos para a gest\u00e3o e a implanta\u00e7\u00e3o de projetos <\/figcaption><\/figure>\n<\/div>\n\n\n<p><strong>Assessoria de Imprensa<br>Fotos: Fot\u00f3grafos PMJ<\/strong><\/p>\n","protected":false},"excerpt":{"rendered":"<p>A presidente do Fundo Social de Solidariedade de Jundia\u00ed (Funss), Ellen Camila Martinelli, recebeu nesta ter\u00e7a-feira (07) a visita do prefeito Gustavo Martinelli. O vice-prefeito Ricardo Benassi e sua esposa, Ana Paula Benassi, tamb\u00e9m estiveram presentes no encontro. Durante a reuni\u00e3o, que contou com a participa\u00e7\u00e3o da Diretora do Funns, Cassia Carpi, foram discutidos os [&hellip;]<\/p>\n","protected":false},"author":14,"featured_media":351754,"comment_status":"closed","ping_status":"0","sticky":false,"template":"","format":"standard","meta":{"footnotes":""},"categories":[4620,2],"tags":[1781,4750],"ods":[],"class_list":["post-351753","post","type-post","status-publish","format-standard","has-post-thumbnail","hentry","category-destaques","category-noticias","tag-fundo-social-de-solidariedade","tag-prefeito-gustavo-martinelli"],"_links":{"self":[{"href":"https:\/\/jundiai.sp.gov.br\/noticias\/wp-json\/wp\/v2\/posts\/351753","targetHints":{"allow":["GET"]}}],"collection":[{"href":"https:\/\/jundiai.sp.gov.br\/noticias\/wp-json\/wp\/v2\/posts"}],"about":[{"href":"https:\/\/jundiai.sp.gov.br\/noticias\/wp-json\/wp\/v2\/types\/post"}],"author":[{"embeddable":true,"href":"https:\/\/jundiai.sp.gov.br\/noticias\/wp-json\/wp\/v2\/users\/14"}],"replies":[{"embeddable":true,"href":"https:\/\/jundiai.sp.gov.br\/noticias\/wp-json\/wp\/v2\/comments?post=351753"}],"version-history":[{"count":6,"href":"https:\/\/jundiai.sp.gov.br\/noticias\/wp-json\/wp\/v2\/posts\/351753\/revisions"}],"predecessor-version":[{"id":351821,"href":"https:\/\/jundiai.sp.gov.br\/noticias\/wp-json\/wp\/v2\/posts\/351753\/revisions\/351821"}],"wp:featuredmedia":[{"embeddable":true,"href":"https:\/\/jundiai.sp.gov.br\/noticias\/wp-json\/wp\/v2\/media\/351754"}],"wp:attachment":[{"href":"https:\/\/jundiai.sp.gov.br\/noticias\/wp-json\/wp\/v2\/media?parent=351753"}],"wp:term":[{"taxonomy":"category","embeddable":true,"href":"https:\/\/jundiai.sp.gov.br\/noticias\/wp-json\/wp\/v2\/categories?post=351753"},{"taxonomy":"post_tag","embeddable":true,"href":"https:\/\/jundiai.sp.gov.br\/noticias\/wp-json\/wp\/v2\/tags?post=351753"},{"taxonomy":"ods","embeddable":true,"href":"https:\/\/jundiai.sp.gov.br\/noticias\/wp-json\/wp\/v2\/ods?post=351753"}],"curies":[{"name":"wp","href":"https:\/\/api.w.org\/{rel}","templated":true}]}}