{"id":351780,"date":"2025-01-08T17:51:00","date_gmt":"2025-01-08T20:51:00","guid":{"rendered":"https:\/\/jundiai.sp.gov.br\/noticias\/?p=351780"},"modified":"2025-01-09T07:21:53","modified_gmt":"2025-01-09T10:21:53","slug":"covid-19-vacinacao-para-criancas-e-retomada","status":"publish","type":"post","link":"https:\/\/jundiai.sp.gov.br\/noticias\/2025\/01\/08\/covid-19-vacinacao-para-criancas-e-retomada\/","title":{"rendered":"Covid-19: vacina\u00e7\u00e3o para crian\u00e7as \u00e9 retomada"},"content":{"rendered":"\n<p>Jundia\u00ed reinicia, a partir desta quinta-feira (9), a aplica\u00e7\u00e3o da vacina contra a Covid-19 para crian\u00e7as de 6 meses a menores de 5 anos. A cidade estava desabastecida das doses desde dezembro.<br><br>A Unidade de Gest\u00e3o de Promo\u00e7\u00e3o da Sa\u00fade (UGPS) tamb\u00e9m prossegue com a aplica\u00e7\u00e3o do imunizante contra o coronav\u00edrus para pessoas a partir de 12 anos pertencentes aos grupos priorit\u00e1rios, ampliando os pontos de vacina\u00e7\u00e3o.<br><br>Para os dois grupos, as doses ser\u00e3o disponibilizadas em todas as Unidades B\u00e1sicas de Sa\u00fade (UBSs) e Cl\u00ednicas da Fam\u00edlia, seguindo o cronograma dispon\u00edvel no link: <a href=\"https:\/\/jundiai.sp.gov.br\/coronavirus\/calendario-de-vacinacao\/\">https:\/\/jundiai.sp.gov.br\/coronavirus\/calendario-de-vacinacao\/<\/a><br><br>N\u00e3o h\u00e1 necessidade de agendamento. Para receber o imunizante, basta apresentar carteira de vacina\u00e7\u00e3o e um documento com CPF. A lista do grupo priorit\u00e1rio para vacina\u00e7\u00e3o contra Covid-19 pode ser consultada no: <a href=\"https:\/\/jundiai.sp.gov.br\/coronavirus\/calendario-de-vacinacao\/\">https:\/\/jundiai.sp.gov.br\/coronavirus\/calendario-de-vacinacao\/<\/a>.<br><br><strong>Demais crian\u00e7as<\/strong><br>Neste momento, o Pa\u00eds ainda n\u00e3o possui vacina para as crian\u00e7as de 5 anos a 11 anos que pertencem aos grupos priorit\u00e1rios, anteriormente contempladas. O Minist\u00e9rio da Sa\u00fade \u00e9 o respons\u00e1vel pela aquisi\u00e7\u00e3o e fornecimento das vacinas aos Estados para distribui\u00e7\u00e3o aos Munic\u00edpios.<br><br><strong>Assessoria de Imprensa<br><\/strong><\/p>\n","protected":false},"excerpt":{"rendered":"<p>Jundia\u00ed reinicia, a partir desta quinta-feira (9), a aplica\u00e7\u00e3o da vacina contra a Covid-19 para crian\u00e7as de 6 meses a menores de 5 anos. A cidade estava desabastecida das doses desde dezembro. A Unidade de Gest\u00e3o de Promo\u00e7\u00e3o da Sa\u00fade (UGPS) tamb\u00e9m prossegue com a aplica\u00e7\u00e3o do imunizante contra o coronav\u00edrus para pessoas a partir [&hellip;]<\/p>\n","protected":false},"author":50,"featured_media":321334,"comment_status":"closed","ping_status":"0","sticky":false,"template":"","format":"standard","meta":{"footnotes":""},"categories":[4620,2],"tags":[1500,981],"ods":[],"class_list":["post-351780","post","type-post","status-publish","format-standard","has-post-thumbnail","hentry","category-destaques","category-noticias","tag-coronavirus","tag-promocao-da-saude"],"_links":{"self":[{"href":"https:\/\/jundiai.sp.gov.br\/noticias\/wp-json\/wp\/v2\/posts\/351780","targetHints":{"allow":["GET"]}}],"collection":[{"href":"https:\/\/jundiai.sp.gov.br\/noticias\/wp-json\/wp\/v2\/posts"}],"about":[{"href":"https:\/\/jundiai.sp.gov.br\/noticias\/wp-json\/wp\/v2\/types\/post"}],"author":[{"embeddable":true,"href":"https:\/\/jundiai.sp.gov.br\/noticias\/wp-json\/wp\/v2\/users\/50"}],"replies":[{"embeddable":true,"href":"https:\/\/jundiai.sp.gov.br\/noticias\/wp-json\/wp\/v2\/comments?post=351780"}],"version-history":[{"count":2,"href":"https:\/\/jundiai.sp.gov.br\/noticias\/wp-json\/wp\/v2\/posts\/351780\/revisions"}],"predecessor-version":[{"id":351782,"href":"https:\/\/jundiai.sp.gov.br\/noticias\/wp-json\/wp\/v2\/posts\/351780\/revisions\/351782"}],"wp:featuredmedia":[{"embeddable":true,"href":"https:\/\/jundiai.sp.gov.br\/noticias\/wp-json\/wp\/v2\/media\/321334"}],"wp:attachment":[{"href":"https:\/\/jundiai.sp.gov.br\/noticias\/wp-json\/wp\/v2\/media?parent=351780"}],"wp:term":[{"taxonomy":"category","embeddable":true,"href":"https:\/\/jundiai.sp.gov.br\/noticias\/wp-json\/wp\/v2\/categories?post=351780"},{"taxonomy":"post_tag","embeddable":true,"href":"https:\/\/jundiai.sp.gov.br\/noticias\/wp-json\/wp\/v2\/tags?post=351780"},{"taxonomy":"ods","embeddable":true,"href":"https:\/\/jundiai.sp.gov.br\/noticias\/wp-json\/wp\/v2\/ods?post=351780"}],"curies":[{"name":"wp","href":"https:\/\/api.w.org\/{rel}","templated":true}]}}