{"id":351803,"date":"2025-01-09T10:25:05","date_gmt":"2025-01-09T13:25:05","guid":{"rendered":"https:\/\/jundiai.sp.gov.br\/noticias\/?p=351803"},"modified":"2025-01-09T10:46:11","modified_gmt":"2025-01-09T13:46:11","slug":"defesas-civis-de-jundiai-varzea-paulista-e-representantes-do-governo-do-estado-de-sp-realizaram-vistoria-tecnica-no-bairro-ivoturucaia","status":"publish","type":"post","link":"https:\/\/jundiai.sp.gov.br\/noticias\/2025\/01\/09\/defesas-civis-de-jundiai-varzea-paulista-e-representantes-do-governo-do-estado-de-sp-realizaram-vistoria-tecnica-no-bairro-ivoturucaia\/","title":{"rendered":"Defesas Civis de Jundia\u00ed, V\u00e1rzea Paulista e representantes do Governo do Estado de SP realizaram vistoria t\u00e9cnica no bairro Ivoturucaia"},"content":{"rendered":"\n<p>Analisar a \u00e1rea de risco com profissionais \u201c<em>in loco\u201d<\/em>, fazer an\u00e1lise dos im\u00f3veis atrav\u00e9s de georreferenciamento, identificar e cadastrar todos os moradores, definir planos para as fam\u00edlias afetadas pelas chuvas do \u00faltimo m\u00eas e que tiveram que deixar suas casas por riscos de deslizamentos ou desmoronamentos. Esse foi o principal objetivo da visita t\u00e9cnica realizada nesta quarta-feira (8), no bairro Ivoturucaia.<\/p>\n\n\n\n<p>Funcion\u00e1rios da Defesa Civil de Jundia\u00ed mapearam todas as ruas da \u00e1rea considerada de risco. Os t\u00e9cnicos fizeram um mapeamento por setores e adotaram a\u00e7\u00f5es que devem mitigar riscos e proteger a popula\u00e7\u00e3o que est\u00e1 nesta \u00e1rea. \u201cNa vistoria n\u00f3s pudemos contar com ge\u00f3logos, engenheiros ambientais e t\u00e9cnicos do IPA, (Instituto de Pesquisas Ambientais do Estado de S\u00e3o Paulo), que est\u00e3o nos auxiliando de forma assertiva. Atrav\u00e9s de relat\u00f3rios e imagens n\u00f3s conseguimos classificar a \u00e1rea entre setores, que s\u00e3o os de risco 4, 3 e 2. Tamb\u00e9m verificamos quais s\u00e3o as casas que est\u00e3o nessa na \u00e1rea. Vale ressaltar que toda a an\u00e1lise pode mudar em caso de chuva forte\u201d, afirmou o coordenador da Defesa Civil de Jundia\u00ed, Coronel Gimenez.<\/p>\n\n\n\n<figure class=\"wp-block-image size-large\"><img loading=\"lazy\" decoding=\"async\" width=\"1280\" height=\"854\" src=\"https:\/\/jundiai.sp.gov.br\/noticias\/wp-content\/uploads\/sites\/32\/2025\/01\/equipes-de-jundiai-e-sp-em-vistoria-no-ivoturucaia-1280x854.jpg\" alt=\"\" class=\"wp-image-351804\" srcset=\"https:\/\/jundiai.sp.gov.br\/noticias\/wp-content\/uploads\/sites\/32\/2025\/01\/equipes-de-jundiai-e-sp-em-vistoria-no-ivoturucaia-1280x854.jpg 1280w, https:\/\/jundiai.sp.gov.br\/noticias\/wp-content\/uploads\/sites\/32\/2025\/01\/equipes-de-jundiai-e-sp-em-vistoria-no-ivoturucaia-300x200.jpg 300w, https:\/\/jundiai.sp.gov.br\/noticias\/wp-content\/uploads\/sites\/32\/2025\/01\/equipes-de-jundiai-e-sp-em-vistoria-no-ivoturucaia-768x512.jpg 768w, https:\/\/jundiai.sp.gov.br\/noticias\/wp-content\/uploads\/sites\/32\/2025\/01\/equipes-de-jundiai-e-sp-em-vistoria-no-ivoturucaia-1536x1024.jpg 1536w, https:\/\/jundiai.sp.gov.br\/noticias\/wp-content\/uploads\/sites\/32\/2025\/01\/equipes-de-jundiai-e-sp-em-vistoria-no-ivoturucaia-450x300.jpg 450w, https:\/\/jundiai.sp.gov.br\/noticias\/wp-content\/uploads\/sites\/32\/2025\/01\/equipes-de-jundiai-e-sp-em-vistoria-no-ivoturucaia.jpg 1900w\" sizes=\"auto, (max-width: 1280px) 100vw, 1280px\" \/><figcaption class=\"wp-element-caption\">Coronel Gimenez e Eduardo de Andrade mapeiam \u00e1rea de risco<\/figcaption><\/figure>\n\n\n\n<p>O engenheiro ambiental do IPA, Eduardo de Andrade, afirmou que a presen\u00e7a do \u00f3rg\u00e3o na \u00e1rea de risco do Ivoturucaia foi para identificar os riscos das encostas. Eduardo afirmou que atualmente a situa\u00e7\u00e3o \u00e9 classificada como cr\u00edtica. \u201cN\u00f3s temos uma ocupa\u00e7\u00e3o de pessoas \u00a0vulner\u00e1veis e de baixo poder aquisitivo, com isso as ocupa\u00e7\u00f5es nas encostas s\u00e3o feitas de maneira inadequada, o que potencializa os riscos que j\u00e1 existem naturalmente\u201d, concluiu o engenheiro.<\/p>\n\n\n\n<p>Segundo os especialistas, al\u00e9m do monitoramento constante na \u00e1rea, ser\u00e1 preciso ainda realizar a\u00e7\u00f5es a m\u00e9dio prazo. \u201cNesse caso n\u00f3s estamos pensando nas provid\u00eancias estruturais, como por exemplo: muros de conten\u00e7\u00e3o e constru\u00e7\u00e3o de escadas hidr\u00e1ulicas, o que pode minimizar a eros\u00e3o. J\u00e1 sabemos que o terreno n\u00e3o \u00e9 t\u00e3o est\u00e1vel, mas caber\u00e1 um estudo dos \u00f3rg\u00e3os para que a gente adote as provid\u00eancias necess\u00e1rias\u201d, concluiu o coordenador da Defesa Civil de Jundia\u00ed. &nbsp;<\/p>\n","protected":false},"excerpt":{"rendered":"<p>Analisar a \u00e1rea de risco com profissionais \u201cin loco\u201d, fazer an\u00e1lise dos im\u00f3veis atrav\u00e9s de georreferenciamento, identificar e cadastrar todos os moradores, definir planos para as fam\u00edlias afetadas pelas chuvas do \u00faltimo m\u00eas e que tiveram que deixar suas casas por riscos de deslizamentos ou desmoronamentos. Esse foi o principal objetivo da visita t\u00e9cnica realizada [&hellip;]<\/p>\n","protected":false},"author":123,"featured_media":351806,"comment_status":"closed","ping_status":"0","sticky":false,"template":"","format":"standard","meta":{"footnotes":""},"categories":[2],"tags":[2629,3699],"ods":[],"class_list":["post-351803","post","type-post","status-publish","format-standard","has-post-thumbnail","hentry","category-noticias","tag-defesa-civil-de-jundiai","tag-vistorias"],"_links":{"self":[{"href":"https:\/\/jundiai.sp.gov.br\/noticias\/wp-json\/wp\/v2\/posts\/351803","targetHints":{"allow":["GET"]}}],"collection":[{"href":"https:\/\/jundiai.sp.gov.br\/noticias\/wp-json\/wp\/v2\/posts"}],"about":[{"href":"https:\/\/jundiai.sp.gov.br\/noticias\/wp-json\/wp\/v2\/types\/post"}],"author":[{"embeddable":true,"href":"https:\/\/jundiai.sp.gov.br\/noticias\/wp-json\/wp\/v2\/users\/123"}],"replies":[{"embeddable":true,"href":"https:\/\/jundiai.sp.gov.br\/noticias\/wp-json\/wp\/v2\/comments?post=351803"}],"version-history":[{"count":3,"href":"https:\/\/jundiai.sp.gov.br\/noticias\/wp-json\/wp\/v2\/posts\/351803\/revisions"}],"predecessor-version":[{"id":351810,"href":"https:\/\/jundiai.sp.gov.br\/noticias\/wp-json\/wp\/v2\/posts\/351803\/revisions\/351810"}],"wp:featuredmedia":[{"embeddable":true,"href":"https:\/\/jundiai.sp.gov.br\/noticias\/wp-json\/wp\/v2\/media\/351806"}],"wp:attachment":[{"href":"https:\/\/jundiai.sp.gov.br\/noticias\/wp-json\/wp\/v2\/media?parent=351803"}],"wp:term":[{"taxonomy":"category","embeddable":true,"href":"https:\/\/jundiai.sp.gov.br\/noticias\/wp-json\/wp\/v2\/categories?post=351803"},{"taxonomy":"post_tag","embeddable":true,"href":"https:\/\/jundiai.sp.gov.br\/noticias\/wp-json\/wp\/v2\/tags?post=351803"},{"taxonomy":"ods","embeddable":true,"href":"https:\/\/jundiai.sp.gov.br\/noticias\/wp-json\/wp\/v2\/ods?post=351803"}],"curies":[{"name":"wp","href":"https:\/\/api.w.org\/{rel}","templated":true}]}}