{"id":351917,"date":"2025-01-13T18:15:31","date_gmt":"2025-01-13T21:15:31","guid":{"rendered":"https:\/\/jundiai.sp.gov.br\/noticias\/?p=351917"},"modified":"2025-01-13T18:15:31","modified_gmt":"2025-01-13T21:15:31","slug":"jundiai-recebe-oito-ambulancias-para-renovar-a-frota-de-saude","status":"publish","type":"post","link":"https:\/\/jundiai.sp.gov.br\/noticias\/2025\/01\/13\/jundiai-recebe-oito-ambulancias-para-renovar-a-frota-de-saude\/","title":{"rendered":"Jundia\u00ed recebe oito ambul\u00e2ncias para renovar a frota de sa\u00fade"},"content":{"rendered":"\n<p>Nesta segunda-feira (13), a Prefeitura de Jundia\u00ed, por meio da Unidade de Gest\u00e3o de Promo\u00e7\u00e3o da Sa\u00fade (UGPS), realizou a troca de oito ambul\u00e2ncias que estavam em opera\u00e7\u00e3o pelo Servi\u00e7o de Atendimento a Pacientes Especiais e Cr\u00f4nicos (SAEC). Os novos ve\u00edculos, em bom estado de conserva\u00e7\u00e3o, substituem viaturas antigas e desgastadas, algumas com mais de 500 mil quil\u00f4metros rodados.<\/p>\n\n\n\n<p>As ambul\u00e2ncias entregues possuem chassi longo, teto alto, ar-condicionado e maior espa\u00e7o interno, garantindo mais seguran\u00e7a e conforto para os usu\u00e1rios e profissionais de sa\u00fade. \u201cEssa troca representa um avan\u00e7o na qualidade do atendimento em Jundia\u00ed. Agradecemos ao prestador pelo empenho e efici\u00eancia na substitui\u00e7\u00e3o das viaturas, assegurando melhores condi\u00e7\u00f5es para quem utiliza esses servi\u00e7os essenciais\u201d, destacou o m\u00e9dico e gestor da UGPS, Dr. Adolfo Martin da Silva.<\/p>\n\n\n\n<figure class=\"wp-block-image size-large\"><img loading=\"lazy\" decoding=\"async\" width=\"1280\" height=\"960\" src=\"https:\/\/jundiai.sp.gov.br\/noticias\/wp-content\/uploads\/sites\/32\/2025\/01\/ambulancia-1280x960.jpeg\" alt=\"\" class=\"wp-image-351919\" srcset=\"https:\/\/jundiai.sp.gov.br\/noticias\/wp-content\/uploads\/sites\/32\/2025\/01\/ambulancia-1280x960.jpeg 1280w, https:\/\/jundiai.sp.gov.br\/noticias\/wp-content\/uploads\/sites\/32\/2025\/01\/ambulancia-300x225.jpeg 300w, https:\/\/jundiai.sp.gov.br\/noticias\/wp-content\/uploads\/sites\/32\/2025\/01\/ambulancia-768x576.jpeg 768w, https:\/\/jundiai.sp.gov.br\/noticias\/wp-content\/uploads\/sites\/32\/2025\/01\/ambulancia-1536x1152.jpeg 1536w, https:\/\/jundiai.sp.gov.br\/noticias\/wp-content\/uploads\/sites\/32\/2025\/01\/ambulancia.jpeg 1600w\" sizes=\"auto, (max-width: 1280px) 100vw, 1280px\" \/><figcaption class=\"wp-element-caption\">A Unidade de Gest\u00e3o de Promo\u00e7\u00e3o da Sa\u00fade realizou a troca de oito ambul\u00e2ncias<\/figcaption><\/figure>\n\n\n\n<p>Classificadas como seminovas, as ambul\u00e2ncias possuem bancos, macas e pneus em bom estado. Antes de entrarem em opera\u00e7\u00e3o, os ve\u00edculos passar\u00e3o por testes rigorosos para garantir pleno funcionamento.<\/p>\n\n\n\n<p>Essa renova\u00e7\u00e3o atende a uma necessidade identificada pelo gestor da pasta e pelo prefeito Gustavo Martinelli em recente visita t\u00e9cnica ao SAMU e SAEC, onde foram constatadas a precariedade da frota e outros problemas estruturais. A substitui\u00e7\u00e3o refor\u00e7a o compromisso da administra\u00e7\u00e3o municipal com a melhoria cont\u00ednua dos servi\u00e7os de sa\u00fade e o bem-estar da popula\u00e7\u00e3o.<\/p>\n\n\n\n<p><strong>Assessoria de Imprensa<br>Fotos: Divulga\u00e7\u00e3o<\/strong><\/p>\n\n\n\n<p><\/p>\n","protected":false},"excerpt":{"rendered":"<p>Nesta segunda-feira (13), a Prefeitura de Jundia\u00ed, por meio da Unidade de Gest\u00e3o de Promo\u00e7\u00e3o da Sa\u00fade (UGPS), realizou a troca de oito ambul\u00e2ncias que estavam em opera\u00e7\u00e3o pelo Servi\u00e7o de Atendimento a Pacientes Especiais e Cr\u00f4nicos (SAEC). Os novos ve\u00edculos, em bom estado de conserva\u00e7\u00e3o, substituem viaturas antigas e desgastadas, algumas com mais de [&hellip;]<\/p>\n","protected":false},"author":121,"featured_media":351919,"comment_status":"closed","ping_status":"0","sticky":false,"template":"","format":"standard","meta":{"footnotes":""},"categories":[4620,2],"tags":[981],"ods":[],"class_list":["post-351917","post","type-post","status-publish","format-standard","has-post-thumbnail","hentry","category-destaques","category-noticias","tag-promocao-da-saude"],"_links":{"self":[{"href":"https:\/\/jundiai.sp.gov.br\/noticias\/wp-json\/wp\/v2\/posts\/351917","targetHints":{"allow":["GET"]}}],"collection":[{"href":"https:\/\/jundiai.sp.gov.br\/noticias\/wp-json\/wp\/v2\/posts"}],"about":[{"href":"https:\/\/jundiai.sp.gov.br\/noticias\/wp-json\/wp\/v2\/types\/post"}],"author":[{"embeddable":true,"href":"https:\/\/jundiai.sp.gov.br\/noticias\/wp-json\/wp\/v2\/users\/121"}],"replies":[{"embeddable":true,"href":"https:\/\/jundiai.sp.gov.br\/noticias\/wp-json\/wp\/v2\/comments?post=351917"}],"version-history":[{"count":1,"href":"https:\/\/jundiai.sp.gov.br\/noticias\/wp-json\/wp\/v2\/posts\/351917\/revisions"}],"predecessor-version":[{"id":351921,"href":"https:\/\/jundiai.sp.gov.br\/noticias\/wp-json\/wp\/v2\/posts\/351917\/revisions\/351921"}],"wp:featuredmedia":[{"embeddable":true,"href":"https:\/\/jundiai.sp.gov.br\/noticias\/wp-json\/wp\/v2\/media\/351919"}],"wp:attachment":[{"href":"https:\/\/jundiai.sp.gov.br\/noticias\/wp-json\/wp\/v2\/media?parent=351917"}],"wp:term":[{"taxonomy":"category","embeddable":true,"href":"https:\/\/jundiai.sp.gov.br\/noticias\/wp-json\/wp\/v2\/categories?post=351917"},{"taxonomy":"post_tag","embeddable":true,"href":"https:\/\/jundiai.sp.gov.br\/noticias\/wp-json\/wp\/v2\/tags?post=351917"},{"taxonomy":"ods","embeddable":true,"href":"https:\/\/jundiai.sp.gov.br\/noticias\/wp-json\/wp\/v2\/ods?post=351917"}],"curies":[{"name":"wp","href":"https:\/\/api.w.org\/{rel}","templated":true}]}}