{"id":352062,"date":"2025-01-16T15:19:38","date_gmt":"2025-01-16T18:19:38","guid":{"rendered":"https:\/\/jundiai.sp.gov.br\/noticias\/?p=352062"},"modified":"2025-01-16T15:23:49","modified_gmt":"2025-01-16T18:23:49","slug":"prova-objetiva-do-concurso-publico-da-dae-jundiai-ocorre-neste-domingo-19","status":"publish","type":"post","link":"https:\/\/jundiai.sp.gov.br\/noticias\/2025\/01\/16\/prova-objetiva-do-concurso-publico-da-dae-jundiai-ocorre-neste-domingo-19\/","title":{"rendered":"Prova objetiva do concurso p\u00fablico da DAE Jundia\u00ed ocorre neste domingo (19)"},"content":{"rendered":"\n<p>A DAE Jundia\u00ed informa que, neste domingo (19), ser\u00e3o realizadas as provas objetivas referente ao Concurso P\u00fablico n\u00ba 001\/2024, conforme os Editais n\u00b0 008\/2025 e n\u00b0009\/2025, publicados na Imprensa Oficial do Munic\u00edpio de Jundia\u00ed de 15 de janeiro de 2025.<\/p>\n\n\n\n<p>No per\u00edodo da manh\u00e3, os candidatos inscritos no emprego p\u00fablico de T\u00e9cnico em Seguran\u00e7a do Trabalho ter\u00e3o a prova aplicada na E.E. Professor Adoniro Ladeira (Rua Dr. Benedito de Godoi Ferraz, 450 \u2013 Jardim Shangai). Os port\u00f5es ser\u00e3o abertos a partir das 8h30. J\u00e1 a prova para os empregos p\u00fablicos de Analista Cont\u00e1bil e Assistente Social ser\u00e1 aplicada na E.E. Bispo Dom Gabriel Paulino Bueno Couto (Rua do Retiro, 680 \u2013 Vila Virg\u00ednia), tamb\u00e9m \u00e0s 8h30.<\/p>\n\n\n\n<p>No per\u00edodo da tarde, a prova para os candidatos inscritos nos empregos p\u00fablicos de Analista de Or\u00e7amento e Custos e Engenheiro de Seguran\u00e7a do Trabalho ser\u00e1 aplicada na E.E. Professor Adoniro Ladeira (Rua Benedito de Godoi Ferraz, 450 \u2013 Jardim Shangai), com abertura dos port\u00f5es a partir das 12h30.<\/p>\n\n\n\n<p>O Instituto Nacional de Desenvolvimento Educacional e Capacita\u00e7\u00e3o (Indec), respons\u00e1vel pela aplica\u00e7\u00e3o das provas, recomenda que os candidatos imprimam o Cart\u00e3o de Ensalamento, com local e hor\u00e1rio da prova, para facilitar a localiza\u00e7\u00e3o. O cart\u00e3o pode ser acessado no site\u00a0<a href=\"https:\/\/institutoindec.org.br\/concursos\/publicacoes\/DAE+SA+%C3%81GUA+E+ESGOTO+DE+JUNDIA%C3%8D\/133\" target=\"_blank\" rel=\"noreferrer noopener\">institutoindec.org.br<\/a>, na op\u00e7\u00e3o \u201cConsultar Local de Prova\u201d.<\/p>\n\n\n\n<p>Os candidatos dever\u00e3o levar l\u00e1pis, borracha, caneta esferogr\u00e1fica transparente de tinta azul ou preta, al\u00e9m do protocolo de inscri\u00e7\u00e3o, comprovante de pagamento e documento original de identifica\u00e7\u00e3o, com foto.<\/p>\n\n\n\n<p>Mais detalhes sobre a prova, est\u00e3o nos Editais dispon\u00edveis nos sites da <a href=\"http:\/\/www.daejundiai.com.br\" target=\"_blank\" rel=\"noreferrer noopener\">DAE<\/a> e <a href=\"http:\/\/institutoindec.org.br\">Indec<\/a>.<\/p>\n\n\n\n<p><strong>DAE Jundia\u00ed<\/strong><\/p>\n\n\n\n<p><\/p>\n","protected":false},"excerpt":{"rendered":"<p>A DAE Jundia\u00ed informa que, neste domingo (19), ser\u00e3o realizadas as provas objetivas referente ao Concurso P\u00fablico n\u00ba 001\/2024, conforme os Editais n\u00b0 008\/2025 e n\u00b0009\/2025, publicados na Imprensa Oficial do Munic\u00edpio de Jundia\u00ed de 15 de janeiro de 2025. No per\u00edodo da manh\u00e3, os candidatos inscritos no emprego p\u00fablico de T\u00e9cnico em Seguran\u00e7a do [&hellip;]<\/p>\n","protected":false},"author":121,"featured_media":349340,"comment_status":"closed","ping_status":"0","sticky":false,"template":"","format":"standard","meta":{"footnotes":""},"categories":[2],"tags":[646,1940],"ods":[],"class_list":["post-352062","post","type-post","status-publish","format-standard","has-post-thumbnail","hentry","category-noticias","tag-concurso-publico","tag-dae-jundiai"],"_links":{"self":[{"href":"https:\/\/jundiai.sp.gov.br\/noticias\/wp-json\/wp\/v2\/posts\/352062","targetHints":{"allow":["GET"]}}],"collection":[{"href":"https:\/\/jundiai.sp.gov.br\/noticias\/wp-json\/wp\/v2\/posts"}],"about":[{"href":"https:\/\/jundiai.sp.gov.br\/noticias\/wp-json\/wp\/v2\/types\/post"}],"author":[{"embeddable":true,"href":"https:\/\/jundiai.sp.gov.br\/noticias\/wp-json\/wp\/v2\/users\/121"}],"replies":[{"embeddable":true,"href":"https:\/\/jundiai.sp.gov.br\/noticias\/wp-json\/wp\/v2\/comments?post=352062"}],"version-history":[{"count":2,"href":"https:\/\/jundiai.sp.gov.br\/noticias\/wp-json\/wp\/v2\/posts\/352062\/revisions"}],"predecessor-version":[{"id":352065,"href":"https:\/\/jundiai.sp.gov.br\/noticias\/wp-json\/wp\/v2\/posts\/352062\/revisions\/352065"}],"wp:featuredmedia":[{"embeddable":true,"href":"https:\/\/jundiai.sp.gov.br\/noticias\/wp-json\/wp\/v2\/media\/349340"}],"wp:attachment":[{"href":"https:\/\/jundiai.sp.gov.br\/noticias\/wp-json\/wp\/v2\/media?parent=352062"}],"wp:term":[{"taxonomy":"category","embeddable":true,"href":"https:\/\/jundiai.sp.gov.br\/noticias\/wp-json\/wp\/v2\/categories?post=352062"},{"taxonomy":"post_tag","embeddable":true,"href":"https:\/\/jundiai.sp.gov.br\/noticias\/wp-json\/wp\/v2\/tags?post=352062"},{"taxonomy":"ods","embeddable":true,"href":"https:\/\/jundiai.sp.gov.br\/noticias\/wp-json\/wp\/v2\/ods?post=352062"}],"curies":[{"name":"wp","href":"https:\/\/api.w.org\/{rel}","templated":true}]}}