{"id":352121,"date":"2025-01-21T12:00:00","date_gmt":"2025-01-21T15:00:00","guid":{"rendered":"https:\/\/jundiai.sp.gov.br\/noticias\/?p=352121"},"modified":"2025-01-21T10:22:15","modified_gmt":"2025-01-21T13:22:15","slug":"reuniao-define-detalhes-com-os-agricultores-que-participarao-da-festa-da-uva-e-expo-vinhos","status":"publish","type":"post","link":"https:\/\/jundiai.sp.gov.br\/noticias\/2025\/01\/21\/reuniao-define-detalhes-com-os-agricultores-que-participarao-da-festa-da-uva-e-expo-vinhos\/","title":{"rendered":"Reuni\u00e3o define detalhes com os agricultores que participar\u00e3o da Festa da Uva e Expo Vinhos"},"content":{"rendered":"\n<p>Assim como j\u00e1 \u00e9 tradi\u00e7\u00e3o como boas-vindas aos visitantes do pavilh\u00e3o principal do Parque da Uva, a <a href=\"https:\/\/festadauva.jundiai.sp.gov.br\/\" target=\"_blank\" rel=\"noreferrer noopener\">40\u00aa Festa da Uva e 11\u00aa Expo Vinhos<\/a> contar\u00e1 tamb\u00e9m nesta edi\u00e7\u00e3o com a exposi\u00e7\u00e3o das frutas premiadas dos agricultores do Munic\u00edpio.<\/p>\n\n\n\n<p>A fim de definir os detalhes e regulamentos da competi\u00e7\u00e3o, cerca de dez agricultores representantes de diversos bairros do Munic\u00edpio participaram de uma reuni\u00e3o de alinhamento, realizado no audit\u00f3rio do Pa\u00e7o Municipal. Participaram do encontro o vice-prefeito Ricardo Benassi; o diretor do Departamento de Agroneg\u00f3cio da Unidade de Gest\u00e3o de Agroneg\u00f3cio, Abastecimento e Turismo (UGAAT), S\u00e9rgio Pompermaier; e o presidente da Associa\u00e7\u00e3o Agr\u00edcola de Jundia\u00ed, Ren\u00ea Tomasetto.<\/p>\n\n\n\n<figure class=\"wp-block-gallery has-nested-images columns-default is-cropped wp-block-gallery-1 is-layout-flex wp-block-gallery-is-layout-flex\">\n<figure class=\"wp-block-image size-large\"><img loading=\"lazy\" decoding=\"async\" width=\"1280\" height=\"854\" data-id=\"352129\" src=\"https:\/\/jundiai.sp.gov.br\/noticias\/wp-content\/uploads\/sites\/32\/2025\/01\/frutas_premiadas-1-1280x854.jpg\" alt=\"\" class=\"wp-image-352129\" srcset=\"https:\/\/jundiai.sp.gov.br\/noticias\/wp-content\/uploads\/sites\/32\/2025\/01\/frutas_premiadas-1-1280x854.jpg 1280w, https:\/\/jundiai.sp.gov.br\/noticias\/wp-content\/uploads\/sites\/32\/2025\/01\/frutas_premiadas-1-300x200.jpg 300w, https:\/\/jundiai.sp.gov.br\/noticias\/wp-content\/uploads\/sites\/32\/2025\/01\/frutas_premiadas-1-768x512.jpg 768w, https:\/\/jundiai.sp.gov.br\/noticias\/wp-content\/uploads\/sites\/32\/2025\/01\/frutas_premiadas-1-1536x1024.jpg 1536w, https:\/\/jundiai.sp.gov.br\/noticias\/wp-content\/uploads\/sites\/32\/2025\/01\/frutas_premiadas-1-450x300.jpg 450w, https:\/\/jundiai.sp.gov.br\/noticias\/wp-content\/uploads\/sites\/32\/2025\/01\/frutas_premiadas-1.jpg 1900w\" sizes=\"auto, (max-width: 1280px) 100vw, 1280px\" \/><\/figure>\n\n\n\n<figure class=\"wp-block-image size-large\"><img loading=\"lazy\" decoding=\"async\" width=\"1280\" height=\"854\" data-id=\"352128\" src=\"https:\/\/jundiai.sp.gov.br\/noticias\/wp-content\/uploads\/sites\/32\/2025\/01\/frutas_premiadas-2-1280x854.jpg\" alt=\"\" class=\"wp-image-352128\" srcset=\"https:\/\/jundiai.sp.gov.br\/noticias\/wp-content\/uploads\/sites\/32\/2025\/01\/frutas_premiadas-2-1280x854.jpg 1280w, https:\/\/jundiai.sp.gov.br\/noticias\/wp-content\/uploads\/sites\/32\/2025\/01\/frutas_premiadas-2-300x200.jpg 300w, https:\/\/jundiai.sp.gov.br\/noticias\/wp-content\/uploads\/sites\/32\/2025\/01\/frutas_premiadas-2-768x512.jpg 768w, https:\/\/jundiai.sp.gov.br\/noticias\/wp-content\/uploads\/sites\/32\/2025\/01\/frutas_premiadas-2-1536x1024.jpg 1536w, https:\/\/jundiai.sp.gov.br\/noticias\/wp-content\/uploads\/sites\/32\/2025\/01\/frutas_premiadas-2-450x300.jpg 450w, https:\/\/jundiai.sp.gov.br\/noticias\/wp-content\/uploads\/sites\/32\/2025\/01\/frutas_premiadas-2.jpg 1900w\" sizes=\"auto, (max-width: 1280px) 100vw, 1280px\" \/><\/figure>\n<figcaption class=\"blocks-gallery-caption wp-element-caption\">Frutas premiadas ficam expostas ao longo de cada fim de semana, at\u00e9 a realiza\u00e7\u00e3o do leil\u00e3o, aos domingos, no Palco Uva Niagara Rosada de Jundiahy<\/figcaption><\/figure>\n\n\n\n<p>Entre os bairros participantes, contaram com representantes do Caxambu, Corrupira, Engordadouro, Mato Dentro, Rio Acima, Roseira, Toca, Travi\u00fa e Vera Cruz, que, al\u00e9m das competi\u00e7\u00f5es, marcar\u00e3o presen\u00e7a na festa no pavilh\u00e3o da venda de frutas.<\/p>\n\n\n\n<p><strong>Frutas premiadas<\/strong><br>O julgamento das frutas premiadas ser\u00e1 realizado semanalmente, no audit\u00f3rio do Fundo Social de Solidariedade (Funss). No primeiro final de semana de Festa, ele ser\u00e1 realizado excepcionalmente na quinta-feira (23); nos demais finais de semana ser\u00e1 \u00e0s sextas-feiras.<\/p>\n\n\n\n<p>&#8220;Cada agricultor ter\u00e1 das 11h \u00e0s 14h para entregar as frutas com as quais pretende competir. A partir desse hor\u00e1rio, \u00e9 realizado o julgamento e as campe\u00e3s ser\u00e3o expostas no pavilh\u00e3o principal a partir das 18h, onde poder\u00e3o ser apreciadas pelo olhar do p\u00fablico at\u00e9 o domingo, \u00e0s 16h, quando ser\u00e1 realizado o leil\u00e3o no Palco Interno \u2013 Uva Niagara Rosada de Jundiahy\u201d, explicou Pompermaier.<\/p>\n\n\n\n<p>Al\u00e9m da uva \u2013 e, claro, da Uva Niagara Rosada de Jundiahy -, outras frutas participam da competi\u00e7\u00e3o, como goiabas, lichias e pitayas, em diversas categorias e modalidades, avaliadas por crit\u00e9rios, como apar\u00eancia, tamanho, sabor e embalagem. O dinheiro arrecadado nos leil\u00f5es \u00e9 integralmente destinado ao Fundo Social de Solidariedade (Funss).<\/p>\n\n\n\n<p>J\u00e1 as demais frutas utilizadas na decora\u00e7\u00e3o de outras ambi\u00eancias do Parque ser\u00e3o semanalmente destinadas entidades socioassistenciais vinculadas \u00e0 Unidade de Gest\u00e3o de Assist\u00eancia e Desenvolvimento Social (UGADS).<\/p>\n\n\n\n<figure class=\"wp-block-image size-large\"><img loading=\"lazy\" decoding=\"async\" width=\"1280\" height=\"841\" src=\"https:\/\/jundiai.sp.gov.br\/noticias\/wp-content\/uploads\/sites\/32\/2025\/01\/reuniao_agricultores_festa_da_uva_1-1280x841.jpg\" alt=\"\" class=\"wp-image-352126\" srcset=\"https:\/\/jundiai.sp.gov.br\/noticias\/wp-content\/uploads\/sites\/32\/2025\/01\/reuniao_agricultores_festa_da_uva_1-1280x841.jpg 1280w, https:\/\/jundiai.sp.gov.br\/noticias\/wp-content\/uploads\/sites\/32\/2025\/01\/reuniao_agricultores_festa_da_uva_1-300x197.jpg 300w, https:\/\/jundiai.sp.gov.br\/noticias\/wp-content\/uploads\/sites\/32\/2025\/01\/reuniao_agricultores_festa_da_uva_1-768x504.jpg 768w, https:\/\/jundiai.sp.gov.br\/noticias\/wp-content\/uploads\/sites\/32\/2025\/01\/reuniao_agricultores_festa_da_uva_1-1536x1009.jpg 1536w, https:\/\/jundiai.sp.gov.br\/noticias\/wp-content\/uploads\/sites\/32\/2025\/01\/reuniao_agricultores_festa_da_uva_1.jpg 1900w\" sizes=\"auto, (max-width: 1280px) 100vw, 1280px\" \/><figcaption class=\"wp-element-caption\">Reuni\u00e3o com os agricultores contou com os representantes dos bairros envolvidos com a Festa, al\u00e9m da Prefeitura e Associa\u00e7\u00e3o Agr\u00edcola<\/figcaption><\/figure>\n\n\n\n<p><strong>Festa<\/strong> <br>A 40\u00aa Festa da Uva e 11\u00aa Expo Vinhos ter\u00e1 sua abertura oficial na quinta-feira (23) e segue com programa\u00e7\u00e3o nos dias 24, 25, 26 e 31 de janeiro e 01, 02, 07, 08, 09, 14, 15 e 16 de fevereiro. Os hor\u00e1rios ser\u00e3o os seguintes: sextas-feiras, das 18h \u00e0s 22h; s\u00e1bados, das 10h \u00e0s 22h; e domingos, das 10h \u00e0s 21h.<\/p>\n\n\n\n<p>A entrada \u00e9 gratuita, com sugest\u00e3o volunt\u00e1ria de doa\u00e7\u00e3o de alimento n\u00e3o perec\u00edvel para destina\u00e7\u00e3o ao Fundo Social de Solidariedade. O Parque da Uva fica na avenida Jundia\u00ed, s\/n \u2013 Anhangaba\u00fa.<\/p>\n\n\n\n<p><strong>Assessoria de Imprensa<br>Fotos: Fot\u00f3grafos PMJ <\/strong><\/p>\n\n\n\n<p><\/p>\n","protected":false},"excerpt":{"rendered":"<p>Assim como j\u00e1 \u00e9 tradi\u00e7\u00e3o como boas-vindas aos visitantes do pavilh\u00e3o principal do Parque da Uva, a 40\u00aa Festa da Uva e 11\u00aa Expo Vinhos contar\u00e1 tamb\u00e9m nesta edi\u00e7\u00e3o com a exposi\u00e7\u00e3o das frutas premiadas dos agricultores do Munic\u00edpio. A fim de definir os detalhes e regulamentos da competi\u00e7\u00e3o, cerca de dez agricultores representantes de [&hellip;]<\/p>\n","protected":false},"author":14,"featured_media":352129,"comment_status":"closed","ping_status":"0","sticky":false,"template":"","format":"standard","meta":{"footnotes":""},"categories":[4620,2],"tags":[4751,974,29,1315,3772],"ods":[],"class_list":["post-352121","post","type-post","status-publish","format-standard","has-post-thumbnail","hentry","category-destaques","category-noticias","tag-40a-festa-da-uva-e-11a-expo-vinhos","tag-agronegocio-abastecimento-e-turismo","tag-cultura","tag-turismo","tag-uva-niagara-rosada-de-jundiahy"],"_links":{"self":[{"href":"https:\/\/jundiai.sp.gov.br\/noticias\/wp-json\/wp\/v2\/posts\/352121","targetHints":{"allow":["GET"]}}],"collection":[{"href":"https:\/\/jundiai.sp.gov.br\/noticias\/wp-json\/wp\/v2\/posts"}],"about":[{"href":"https:\/\/jundiai.sp.gov.br\/noticias\/wp-json\/wp\/v2\/types\/post"}],"author":[{"embeddable":true,"href":"https:\/\/jundiai.sp.gov.br\/noticias\/wp-json\/wp\/v2\/users\/14"}],"replies":[{"embeddable":true,"href":"https:\/\/jundiai.sp.gov.br\/noticias\/wp-json\/wp\/v2\/comments?post=352121"}],"version-history":[{"count":10,"href":"https:\/\/jundiai.sp.gov.br\/noticias\/wp-json\/wp\/v2\/posts\/352121\/revisions"}],"predecessor-version":[{"id":352228,"href":"https:\/\/jundiai.sp.gov.br\/noticias\/wp-json\/wp\/v2\/posts\/352121\/revisions\/352228"}],"wp:featuredmedia":[{"embeddable":true,"href":"https:\/\/jundiai.sp.gov.br\/noticias\/wp-json\/wp\/v2\/media\/352129"}],"wp:attachment":[{"href":"https:\/\/jundiai.sp.gov.br\/noticias\/wp-json\/wp\/v2\/media?parent=352121"}],"wp:term":[{"taxonomy":"category","embeddable":true,"href":"https:\/\/jundiai.sp.gov.br\/noticias\/wp-json\/wp\/v2\/categories?post=352121"},{"taxonomy":"post_tag","embeddable":true,"href":"https:\/\/jundiai.sp.gov.br\/noticias\/wp-json\/wp\/v2\/tags?post=352121"},{"taxonomy":"ods","embeddable":true,"href":"https:\/\/jundiai.sp.gov.br\/noticias\/wp-json\/wp\/v2\/ods?post=352121"}],"curies":[{"name":"wp","href":"https:\/\/api.w.org\/{rel}","templated":true}]}}