{"id":352149,"date":"2025-01-17T18:22:59","date_gmt":"2025-01-17T21:22:59","guid":{"rendered":"https:\/\/jundiai.sp.gov.br\/noticias\/?p=352149"},"modified":"2025-01-17T18:22:59","modified_gmt":"2025-01-17T21:22:59","slug":"cultura-abre-credenciamento-para-desfiles-de-blocos-de-rua-do-carnaval-2025","status":"publish","type":"post","link":"https:\/\/jundiai.sp.gov.br\/noticias\/2025\/01\/17\/cultura-abre-credenciamento-para-desfiles-de-blocos-de-rua-do-carnaval-2025\/","title":{"rendered":"Cultura abre credenciamento para desfiles de blocos de rua do Carnaval 2025"},"content":{"rendered":"\n<p>A Unidade de Gest\u00e3o de Cultura (UGC) est\u00e1 com o credenciamento aberto para os proponentes interessados na realiza\u00e7\u00e3o de desfiles de blocos de rua pelo Carnaval 2025. Os interessados t\u00eam at\u00e9 o pr\u00f3ximo domingo (26) para realizar a inscri\u00e7\u00e3o, <a href=\"https:\/\/docs.google.com\/forms\/d\/e\/1FAIpQLSf4zk9vWutz3-7CfdikyAA4hTaq0On90P7svUWlPqA3omch0w\/viewform\" target=\"_blank\" rel=\"noreferrer noopener\">por meio de formul\u00e1rio on-line<\/a>.<\/p>\n\n\n\n<p>A UGC ressalta ainda que, antes do preenchimento do formul\u00e1rio, \u00e9 necess\u00e1rio que o proponente tenha feito o <a href=\"https:\/\/cultura.jundiai.sp.gov.br\/cadastro-de-artistas\/\" target=\"_blank\" rel=\"noreferrer noopener\">Cadastro de Artistas da Cultura<\/a>.<\/p>\n\n\n\n<p>Al\u00e9m do fornecimento da documenta\u00e7\u00e3o exigida, os proponentes dever\u00e3o sugerir as datas e trajeto pretendidos para desfile, al\u00e9m de hist\u00f3rico das atividades culturais e demais a\u00e7\u00f5es sociais realizadas pela agremia\u00e7\u00e3o junto \u00e0 comunidade.<\/p>\n\n\n\n<p>Os desfiles dos blocos de rua este ano poder\u00e3o ser realizados entre os dias 23 de fevereiro e 03 de mar\u00e7o, todos eles com t\u00e9rmino de hor\u00e1rio fixado para as 20h.<\/p>\n\n\n\n<p>No <a href=\"https:\/\/cultura.jundiai.sp.gov.br\/wp-content\/uploads\/2025\/01\/edital_credenciamento_blocos_de_rua_2025.pdf\" target=\"_blank\" rel=\"noreferrer noopener\">edital de credenciamento n\u00ba 01\/2025, publicado entre as p\u00e1ginas 30 e 32 da edi\u00e7\u00e3o 5580 da Imprensa Oficial<\/a>, os interessados podem conferir todos os detalhes, que incluem as obriga\u00e7\u00f5es previstas para cumprimento da Prefeitura e as contrapartidas obrigat\u00f3rias dos proponentes habilitados para a realiza\u00e7\u00e3o dos desfiles.<\/p>\n\n\n\n<p>O resultado final tem previs\u00e3o de publica\u00e7\u00e3o para o dia 05 de fevereiro, a partir de quando os contemplados dever\u00e3o participar de s\u00e9rie de reuni\u00f5es com representantes de diversos setores da Prefeitura para organiza\u00e7\u00e3o, como das Unidades de Cultura, Mobilidade e Transporte, Seguran\u00e7a Municipal e Guarda Municipal.<\/p>\n\n\n\n<p>Mais informa\u00e7\u00f5es podem ser tamb\u00e9m obtidas pelo e-mail <a href=\"mailto:dcultura@jundiai.sp.gov.br\" target=\"_blank\" rel=\"noreferrer noopener\">dcultura@jundiai.sp.gov.br<\/a> ou pelo telefone (11) 4589-6800.<\/p>\n\n\n\n<figure class=\"wp-block-image size-large\"><img loading=\"lazy\" decoding=\"async\" width=\"1280\" height=\"854\" src=\"https:\/\/jundiai.sp.gov.br\/noticias\/wp-content\/uploads\/sites\/32\/2025\/01\/carnaval-bloco-refogado-do-sandi-no-centro_fm_-148-1280x854.jpg\" alt=\"\" class=\"wp-image-352154\" srcset=\"https:\/\/jundiai.sp.gov.br\/noticias\/wp-content\/uploads\/sites\/32\/2025\/01\/carnaval-bloco-refogado-do-sandi-no-centro_fm_-148-1280x854.jpg 1280w, https:\/\/jundiai.sp.gov.br\/noticias\/wp-content\/uploads\/sites\/32\/2025\/01\/carnaval-bloco-refogado-do-sandi-no-centro_fm_-148-300x200.jpg 300w, https:\/\/jundiai.sp.gov.br\/noticias\/wp-content\/uploads\/sites\/32\/2025\/01\/carnaval-bloco-refogado-do-sandi-no-centro_fm_-148-768x512.jpg 768w, https:\/\/jundiai.sp.gov.br\/noticias\/wp-content\/uploads\/sites\/32\/2025\/01\/carnaval-bloco-refogado-do-sandi-no-centro_fm_-148-1536x1024.jpg 1536w, https:\/\/jundiai.sp.gov.br\/noticias\/wp-content\/uploads\/sites\/32\/2025\/01\/carnaval-bloco-refogado-do-sandi-no-centro_fm_-148-450x300.jpg 450w, https:\/\/jundiai.sp.gov.br\/noticias\/wp-content\/uploads\/sites\/32\/2025\/01\/carnaval-bloco-refogado-do-sandi-no-centro_fm_-148.jpg 1900w\" sizes=\"auto, (max-width: 1280px) 100vw, 1280px\" \/><figcaption class=\"wp-element-caption\">Os desfiles dos blocos de rua ser\u00e3o realizados entre os dias 23 de fevereiro e 03 de mar\u00e7o<\/figcaption><\/figure>\n\n\n\n<p><strong>Assessoria de Imprensa<br>Fotos: Arquivo PMJ <\/strong><\/p>\n","protected":false},"excerpt":{"rendered":"<p>A Unidade de Gest\u00e3o de Cultura (UGC) est\u00e1 com o credenciamento aberto para os proponentes interessados na realiza\u00e7\u00e3o de desfiles de blocos de rua pelo Carnaval 2025. Os interessados t\u00eam at\u00e9 o pr\u00f3ximo domingo (26) para realizar a inscri\u00e7\u00e3o, por meio de formul\u00e1rio on-line. A UGC ressalta ainda que, antes do preenchimento do formul\u00e1rio, \u00e9 [&hellip;]<\/p>\n","protected":false},"author":14,"featured_media":352153,"comment_status":"closed","ping_status":"0","sticky":false,"template":"","format":"standard","meta":{"footnotes":""},"categories":[4620,2],"tags":[13,4771,29],"ods":[],"class_list":["post-352149","post","type-post","status-publish","format-standard","has-post-thumbnail","hentry","category-destaques","category-noticias","tag-carnaval","tag-carnaval-2025","tag-cultura"],"_links":{"self":[{"href":"https:\/\/jundiai.sp.gov.br\/noticias\/wp-json\/wp\/v2\/posts\/352149","targetHints":{"allow":["GET"]}}],"collection":[{"href":"https:\/\/jundiai.sp.gov.br\/noticias\/wp-json\/wp\/v2\/posts"}],"about":[{"href":"https:\/\/jundiai.sp.gov.br\/noticias\/wp-json\/wp\/v2\/types\/post"}],"author":[{"embeddable":true,"href":"https:\/\/jundiai.sp.gov.br\/noticias\/wp-json\/wp\/v2\/users\/14"}],"replies":[{"embeddable":true,"href":"https:\/\/jundiai.sp.gov.br\/noticias\/wp-json\/wp\/v2\/comments?post=352149"}],"version-history":[{"count":4,"href":"https:\/\/jundiai.sp.gov.br\/noticias\/wp-json\/wp\/v2\/posts\/352149\/revisions"}],"predecessor-version":[{"id":352160,"href":"https:\/\/jundiai.sp.gov.br\/noticias\/wp-json\/wp\/v2\/posts\/352149\/revisions\/352160"}],"wp:featuredmedia":[{"embeddable":true,"href":"https:\/\/jundiai.sp.gov.br\/noticias\/wp-json\/wp\/v2\/media\/352153"}],"wp:attachment":[{"href":"https:\/\/jundiai.sp.gov.br\/noticias\/wp-json\/wp\/v2\/media?parent=352149"}],"wp:term":[{"taxonomy":"category","embeddable":true,"href":"https:\/\/jundiai.sp.gov.br\/noticias\/wp-json\/wp\/v2\/categories?post=352149"},{"taxonomy":"post_tag","embeddable":true,"href":"https:\/\/jundiai.sp.gov.br\/noticias\/wp-json\/wp\/v2\/tags?post=352149"},{"taxonomy":"ods","embeddable":true,"href":"https:\/\/jundiai.sp.gov.br\/noticias\/wp-json\/wp\/v2\/ods?post=352149"}],"curies":[{"name":"wp","href":"https:\/\/api.w.org\/{rel}","templated":true}]}}