{"id":352179,"date":"2025-01-20T18:00:29","date_gmt":"2025-01-20T21:00:29","guid":{"rendered":"https:\/\/jundiai.sp.gov.br\/noticias\/?p=352179"},"modified":"2025-01-20T18:00:29","modified_gmt":"2025-01-20T21:00:29","slug":"fundacao-serra-do-japi-retoma-projeto-de-estradas-parque-para-preservacao-e-turismo-sustentavel","status":"publish","type":"post","link":"https:\/\/jundiai.sp.gov.br\/noticias\/2025\/01\/20\/fundacao-serra-do-japi-retoma-projeto-de-estradas-parque-para-preservacao-e-turismo-sustentavel\/","title":{"rendered":"Funda\u00e7\u00e3o Serra do Japi retoma projeto de Estradas Parque para preserva\u00e7\u00e3o e turismo sustent\u00e1vel"},"content":{"rendered":"\n<p>A Funda\u00e7\u00e3o Serra do Japi, em parceria com a Prefeitura de Jundia\u00ed, anunciou a retomada do projeto de regulamenta\u00e7\u00e3o das Estradas Parque como parte das a\u00e7\u00f5es de preserva\u00e7\u00e3o e conserva\u00e7\u00e3o da Serra do Japi. O superintendente da Funda\u00e7\u00e3o Serra do Japi, Fl\u00e1vio Gramolelli Junior, informou que, nos pr\u00f3ximos meses, ser\u00e1 dado andamento \u00e0 implementa\u00e7\u00e3o dos estudos do projeto no Territ\u00f3rio de Gest\u00e3o da Serra do Japi, com o objetivo de integrar conserva\u00e7\u00e3o ambiental e ecoturismo como alternativa sustent\u00e1vel para os bairros rurais.<\/p>\n\n\n\n<p>O projeto abranger\u00e1 todas as principais vias do Territ\u00f3rio de Gest\u00e3o da Serra do Japi, com destaque para seis rotas: Santa Clara, Terra Nova, Paiol Velho, Laranja Azeda, Jos\u00e9 Luiz Sereno e Malota. Ele seguir\u00e1 o conceito de Estrada Parque, que estabelece restri\u00e7\u00f5es de uso para proteger a fauna e a flora da regi\u00e3o. As medidas incluem a\u00e7\u00f5es para viabilizar um turismo ecol\u00f3gico que respeite o equil\u00edbrio ambiental. &#8220;Estaremos avaliando os impactos e os benef\u00edcios das restri\u00e7\u00f5es que poder\u00e3o ser aplicadas, com o objetivo de garantir a preserva\u00e7\u00e3o dos ecossistemas da regi\u00e3o&#8221;, afirmou Gramolelli.<\/p>\n\n\n\n<figure class=\"wp-block-image size-large\"><img loading=\"lazy\" decoding=\"async\" width=\"1280\" height=\"854\" src=\"https:\/\/jundiai.sp.gov.br\/noticias\/wp-content\/uploads\/sites\/32\/2025\/01\/visc_reuniao_fundacao_serra_japi-10-1280x854.jpg\" alt=\"\" class=\"wp-image-352183\" srcset=\"https:\/\/jundiai.sp.gov.br\/noticias\/wp-content\/uploads\/sites\/32\/2025\/01\/visc_reuniao_fundacao_serra_japi-10-1280x854.jpg 1280w, https:\/\/jundiai.sp.gov.br\/noticias\/wp-content\/uploads\/sites\/32\/2025\/01\/visc_reuniao_fundacao_serra_japi-10-300x200.jpg 300w, https:\/\/jundiai.sp.gov.br\/noticias\/wp-content\/uploads\/sites\/32\/2025\/01\/visc_reuniao_fundacao_serra_japi-10-768x512.jpg 768w, https:\/\/jundiai.sp.gov.br\/noticias\/wp-content\/uploads\/sites\/32\/2025\/01\/visc_reuniao_fundacao_serra_japi-10-1536x1024.jpg 1536w, https:\/\/jundiai.sp.gov.br\/noticias\/wp-content\/uploads\/sites\/32\/2025\/01\/visc_reuniao_fundacao_serra_japi-10-450x300.jpg 450w, https:\/\/jundiai.sp.gov.br\/noticias\/wp-content\/uploads\/sites\/32\/2025\/01\/visc_reuniao_fundacao_serra_japi-10.jpg 1900w\" sizes=\"auto, (max-width: 1280px) 100vw, 1280px\" \/><\/figure>\n\n\n\n<p>Segundo o diretor t\u00e9cnico da Funda\u00e7\u00e3o, Wagner de Paiva, o conceito de Estrada Parque adotado ser\u00e1 o de &#8220;museu a c\u00e9u aberto&#8221;, com foco na identifica\u00e7\u00e3o de propriedades particulares aptas ao ecoturismo, an\u00e1lise da capacidade de fluxo das vias e das propriedades, e implementa\u00e7\u00e3o de sinaliza\u00e7\u00e3o e educa\u00e7\u00e3o ambiental.<\/p>\n\n\n\n<p>&#8220;A proposta busca, ainda, reduzir a vulnerabilidade da vida silvestre, permitindo o acesso consciente \u00e0s \u00e1reas da Serra do Japi&#8221;, explicou Paiva. O projeto est\u00e1 alinhado com o regramento territorial municipal e visa integrar, de maneira harm\u00f4nica, o contato com a natureza e a preserva\u00e7\u00e3o ambiental.<\/p>\n\n\n\n<p>A Serra do Japi, com 354 quil\u00f4metros quadrados de \u00e1rea, foi tombada pelo Conselho de Defesa do Patrim\u00f4nio Hist\u00f3rico, Art\u00edstico, Arqueol\u00f3gico e Tur\u00edstico do Estado de S\u00e3o Paulo (Condephaat) em 1983. Em 1992, foi reconhecida pela UNESCO como patrim\u00f4nio da humanidade e declarada reserva da biosfera. A Serra abrange quatro munic\u00edpios: Jundia\u00ed, Pirapora do Bom Jesus, Cajamar e Cabre\u00fava.<\/p>\n\n\n\n<p><strong>Assessoria de Imprensa<br>Foto: Fot\u00f3grafo PMJ<\/strong><\/p>\n\n\n\n<p><\/p>\n\n\n\n<p><\/p>\n\n\n\n<p><\/p>\n","protected":false},"excerpt":{"rendered":"<p>A Funda\u00e7\u00e3o Serra do Japi, em parceria com a Prefeitura de Jundia\u00ed, anunciou a retomada do projeto de regulamenta\u00e7\u00e3o das Estradas Parque como parte das a\u00e7\u00f5es de preserva\u00e7\u00e3o e conserva\u00e7\u00e3o da Serra do Japi. O superintendente da Funda\u00e7\u00e3o Serra do Japi, Fl\u00e1vio Gramolelli Junior, informou que, nos pr\u00f3ximos meses, ser\u00e1 dado andamento \u00e0 implementa\u00e7\u00e3o dos [&hellip;]<\/p>\n","protected":false},"author":69,"featured_media":0,"comment_status":"closed","ping_status":"0","sticky":false,"template":"","format":"standard","meta":{"footnotes":""},"categories":[2],"tags":[574,4494],"ods":[],"class_list":["post-352179","post","type-post","status-publish","format-standard","hentry","category-noticias","tag-fundacao-serra-do-japi","tag-turismo-jundiai"],"_links":{"self":[{"href":"https:\/\/jundiai.sp.gov.br\/noticias\/wp-json\/wp\/v2\/posts\/352179","targetHints":{"allow":["GET"]}}],"collection":[{"href":"https:\/\/jundiai.sp.gov.br\/noticias\/wp-json\/wp\/v2\/posts"}],"about":[{"href":"https:\/\/jundiai.sp.gov.br\/noticias\/wp-json\/wp\/v2\/types\/post"}],"author":[{"embeddable":true,"href":"https:\/\/jundiai.sp.gov.br\/noticias\/wp-json\/wp\/v2\/users\/69"}],"replies":[{"embeddable":true,"href":"https:\/\/jundiai.sp.gov.br\/noticias\/wp-json\/wp\/v2\/comments?post=352179"}],"version-history":[{"count":4,"href":"https:\/\/jundiai.sp.gov.br\/noticias\/wp-json\/wp\/v2\/posts\/352179\/revisions"}],"predecessor-version":[{"id":352213,"href":"https:\/\/jundiai.sp.gov.br\/noticias\/wp-json\/wp\/v2\/posts\/352179\/revisions\/352213"}],"wp:attachment":[{"href":"https:\/\/jundiai.sp.gov.br\/noticias\/wp-json\/wp\/v2\/media?parent=352179"}],"wp:term":[{"taxonomy":"category","embeddable":true,"href":"https:\/\/jundiai.sp.gov.br\/noticias\/wp-json\/wp\/v2\/categories?post=352179"},{"taxonomy":"post_tag","embeddable":true,"href":"https:\/\/jundiai.sp.gov.br\/noticias\/wp-json\/wp\/v2\/tags?post=352179"},{"taxonomy":"ods","embeddable":true,"href":"https:\/\/jundiai.sp.gov.br\/noticias\/wp-json\/wp\/v2\/ods?post=352179"}],"curies":[{"name":"wp","href":"https:\/\/api.w.org\/{rel}","templated":true}]}}