{"id":352326,"date":"2025-01-23T11:44:23","date_gmt":"2025-01-23T14:44:23","guid":{"rendered":"https:\/\/jundiai.sp.gov.br\/noticias\/?p=352326"},"modified":"2025-01-23T16:59:56","modified_gmt":"2025-01-23T19:59:56","slug":"espolios-e-preto-branco-sao-as-novas-exposicoes-do-espaco-expressa","status":"publish","type":"post","link":"https:\/\/jundiai.sp.gov.br\/noticias\/2025\/01\/23\/espolios-e-preto-branco-sao-as-novas-exposicoes-do-espaco-expressa\/","title":{"rendered":"\u2018Esp\u00f3lios\u2019 e \u2018Preto &amp; Branco\u2019 s\u00e3o as novas exposi\u00e7\u00f5es do Espa\u00e7o Expressa"},"content":{"rendered":"\n<p>O espa\u00e7o expositivo ao lado da Sala Santos-Jundia\u00ed de espet\u00e1culos do Espa\u00e7o Expressa recebeu esta semana duas novas exposi\u00e7\u00f5es com visita\u00e7\u00e3o gratuitas: <a href=\"https:\/\/cultura.jundiai.sp.gov.br\/exposicoes\/espolios\/\" target=\"_blank\" rel=\"noreferrer noopener\">Esp\u00f3lios<\/a> e <a href=\"https:\/\/cultura.jundiai.sp.gov.br\/exposicoes\/preto-branco\/\" target=\"_blank\" rel=\"noreferrer noopener\">Preto &amp; Branco<\/a>.<\/p>\n\n\n\n<p>Com concep\u00e7\u00e3o e montagem das equipes do Departamento de Museus do Arquivo Hist\u00f3rico Professora Maria \u00c2ngela Borges Salvadori e do Departamento de Gest\u00e3o do Espa\u00e7o Expressa da Unidade de Gest\u00e3o de Cultura (UGC), as exposi\u00e7\u00f5es podem ser conferidas at\u00e9 o dia 31 de mar\u00e7o deste ano.<\/p>\n\n\n\n<p>Em \u201cEsp\u00f3lios\u201d, o visitante poder\u00e1 conferir itens que compunham a rotina dos trabalhadores da ferrovia em companhias extintas que atuavam na regi\u00e3o, como a Cia. Paulista e a Fepasa. S\u00e3o eles: um tel\u00e9grafo com gerador de corrente do final do s\u00e9culo 19, m\u00e1quinas de escrever, radiovitrolas, calculadoras, marcadores de ponto e televisores de diversos per\u00edodos do s\u00e9culo 20, al\u00e9m de diversas cadeiras, poltronas e carriolas nos mais distintos formatos e materiais.<\/p>\n\n\n\n<figure class=\"wp-block-image size-large\"><img loading=\"lazy\" decoding=\"async\" width=\"1280\" height=\"854\" src=\"https:\/\/jundiai.sp.gov.br\/noticias\/wp-content\/uploads\/sites\/32\/2025\/01\/exposicao_expressa_espolios-15-1280x854.jpg\" alt=\"\" class=\"wp-image-352328\" srcset=\"https:\/\/jundiai.sp.gov.br\/noticias\/wp-content\/uploads\/sites\/32\/2025\/01\/exposicao_expressa_espolios-15-1280x854.jpg 1280w, https:\/\/jundiai.sp.gov.br\/noticias\/wp-content\/uploads\/sites\/32\/2025\/01\/exposicao_expressa_espolios-15-300x200.jpg 300w, https:\/\/jundiai.sp.gov.br\/noticias\/wp-content\/uploads\/sites\/32\/2025\/01\/exposicao_expressa_espolios-15-768x512.jpg 768w, https:\/\/jundiai.sp.gov.br\/noticias\/wp-content\/uploads\/sites\/32\/2025\/01\/exposicao_expressa_espolios-15-1536x1024.jpg 1536w, https:\/\/jundiai.sp.gov.br\/noticias\/wp-content\/uploads\/sites\/32\/2025\/01\/exposicao_expressa_espolios-15-450x300.jpg 450w, https:\/\/jundiai.sp.gov.br\/noticias\/wp-content\/uploads\/sites\/32\/2025\/01\/exposicao_expressa_espolios-15.jpg 1900w\" sizes=\"auto, (max-width: 1280px) 100vw, 1280px\" \/><figcaption class=\"wp-element-caption\">Em \u201cEsp\u00f3lios\u201d, visitante confere itens que compunham a rotina dos trabalhadores da ferrovia <\/figcaption><\/figure>\n\n\n\n<p>J\u00e1 \u201cPreto &amp; Branco\u201d reserva aos visitantes cenas diversas da vida urbana e rural, tanto em Jundia\u00ed como no mundo. Do Munic\u00edpio, est\u00e3o presentes na exposi\u00e7\u00e3o ruas como a Ros\u00e1rio e Bar\u00e3o, rostos an\u00f4nimos e conhecidos, como a professora Deolinda Copelli e do arquiteto e ex-prefeito Vasco Ant\u00f4nio Venchiarutti.<\/p>\n\n\n\n<p>Outros lugares, como a Casa Rosa, e manifesta\u00e7\u00f5es culturais jundiaienses, como prociss\u00f5es religiosas e a torcida do Paulista de Jundia\u00ed, tamb\u00e9m dividem espa\u00e7o com um xadrez gigante e com os cavaletes assinados por Frato, acr\u00f4nimo das iniciais do psicopedagogo italiano Francesco Tonucci, sobre a import\u00e2ncia do brincar para as crian\u00e7as.<\/p>\n\n\n\n<p>O Espa\u00e7o Expressa fica na avenida Uni\u00e3o dos Ferrovi\u00e1rios, 1760 (antigo Complexo Fepasa) e tem entrada e estacionamento gratuitos.<\/p>\n\n\n\n<figure class=\"wp-block-image size-large\"><img loading=\"lazy\" decoding=\"async\" width=\"1280\" height=\"854\" src=\"https:\/\/jundiai.sp.gov.br\/noticias\/wp-content\/uploads\/sites\/32\/2025\/01\/exposicao_pretoebranco-3-1280x854.jpg\" alt=\"\" class=\"wp-image-352329\" srcset=\"https:\/\/jundiai.sp.gov.br\/noticias\/wp-content\/uploads\/sites\/32\/2025\/01\/exposicao_pretoebranco-3-1280x854.jpg 1280w, https:\/\/jundiai.sp.gov.br\/noticias\/wp-content\/uploads\/sites\/32\/2025\/01\/exposicao_pretoebranco-3-300x200.jpg 300w, https:\/\/jundiai.sp.gov.br\/noticias\/wp-content\/uploads\/sites\/32\/2025\/01\/exposicao_pretoebranco-3-768x512.jpg 768w, https:\/\/jundiai.sp.gov.br\/noticias\/wp-content\/uploads\/sites\/32\/2025\/01\/exposicao_pretoebranco-3-1536x1024.jpg 1536w, https:\/\/jundiai.sp.gov.br\/noticias\/wp-content\/uploads\/sites\/32\/2025\/01\/exposicao_pretoebranco-3-450x300.jpg 450w, https:\/\/jundiai.sp.gov.br\/noticias\/wp-content\/uploads\/sites\/32\/2025\/01\/exposicao_pretoebranco-3.jpg 1900w\" sizes=\"auto, (max-width: 1280px) 100vw, 1280px\" \/><figcaption class=\"wp-element-caption\">Ambas as exposi\u00e7\u00f5es ficam em cartaz at\u00e9 31 de mar\u00e7o <\/figcaption><\/figure>\n\n\n\n<p><strong>Assessoria de Imprensa<br>Fotos: Fot\u00f3grafos PMJ <\/strong><\/p>\n","protected":false},"excerpt":{"rendered":"<p>O espa\u00e7o expositivo ao lado da Sala Santos-Jundia\u00ed de espet\u00e1culos do Espa\u00e7o Expressa recebeu esta semana duas novas exposi\u00e7\u00f5es com visita\u00e7\u00e3o gratuitas: Esp\u00f3lios e Preto &amp; Branco. Com concep\u00e7\u00e3o e montagem das equipes do Departamento de Museus do Arquivo Hist\u00f3rico Professora Maria \u00c2ngela Borges Salvadori e do Departamento de Gest\u00e3o do Espa\u00e7o Expressa da Unidade [&hellip;]<\/p>\n","protected":false},"author":14,"featured_media":352330,"comment_status":"closed","ping_status":"0","sticky":false,"template":"","format":"standard","meta":{"footnotes":""},"categories":[2],"tags":[2693,29,449,423,4253],"ods":[],"class_list":["post-352326","post","type-post","status-publish","format-standard","has-post-thumbnail","hentry","category-noticias","tag-arquivo-historico-professora-maria-angela-borges-salvadori","tag-cultura","tag-espaco-expressa","tag-exposicao","tag-sala-santos-jundiai"],"_links":{"self":[{"href":"https:\/\/jundiai.sp.gov.br\/noticias\/wp-json\/wp\/v2\/posts\/352326","targetHints":{"allow":["GET"]}}],"collection":[{"href":"https:\/\/jundiai.sp.gov.br\/noticias\/wp-json\/wp\/v2\/posts"}],"about":[{"href":"https:\/\/jundiai.sp.gov.br\/noticias\/wp-json\/wp\/v2\/types\/post"}],"author":[{"embeddable":true,"href":"https:\/\/jundiai.sp.gov.br\/noticias\/wp-json\/wp\/v2\/users\/14"}],"replies":[{"embeddable":true,"href":"https:\/\/jundiai.sp.gov.br\/noticias\/wp-json\/wp\/v2\/comments?post=352326"}],"version-history":[{"count":3,"href":"https:\/\/jundiai.sp.gov.br\/noticias\/wp-json\/wp\/v2\/posts\/352326\/revisions"}],"predecessor-version":[{"id":352357,"href":"https:\/\/jundiai.sp.gov.br\/noticias\/wp-json\/wp\/v2\/posts\/352326\/revisions\/352357"}],"wp:featuredmedia":[{"embeddable":true,"href":"https:\/\/jundiai.sp.gov.br\/noticias\/wp-json\/wp\/v2\/media\/352330"}],"wp:attachment":[{"href":"https:\/\/jundiai.sp.gov.br\/noticias\/wp-json\/wp\/v2\/media?parent=352326"}],"wp:term":[{"taxonomy":"category","embeddable":true,"href":"https:\/\/jundiai.sp.gov.br\/noticias\/wp-json\/wp\/v2\/categories?post=352326"},{"taxonomy":"post_tag","embeddable":true,"href":"https:\/\/jundiai.sp.gov.br\/noticias\/wp-json\/wp\/v2\/tags?post=352326"},{"taxonomy":"ods","embeddable":true,"href":"https:\/\/jundiai.sp.gov.br\/noticias\/wp-json\/wp\/v2\/ods?post=352326"}],"curies":[{"name":"wp","href":"https:\/\/api.w.org\/{rel}","templated":true}]}}