{"id":352396,"date":"2025-01-26T10:00:00","date_gmt":"2025-01-26T13:00:00","guid":{"rendered":"https:\/\/jundiai.sp.gov.br\/noticias\/?p=352396"},"modified":"2025-01-24T19:09:38","modified_gmt":"2025-01-24T22:09:38","slug":"jundiai-avanca-com-obra-do-prolongamento-da-avenida-frederico-ozanan","status":"publish","type":"post","link":"https:\/\/jundiai.sp.gov.br\/noticias\/2025\/01\/26\/jundiai-avanca-com-obra-do-prolongamento-da-avenida-frederico-ozanan\/","title":{"rendered":"Jundia\u00ed avan\u00e7a com obra do prolongamento da Avenida Frederico Ozanan"},"content":{"rendered":"\n<p>As obras na regi\u00e3o da Vila Hortol\u00e2ndia seguem em ritmo acelerado e compreendem um conjunto de melhorias estrat\u00e9gicas. O projeto inclui o prolongamento da Avenida Ant\u00f4nio Frederico Ozanan, sua interliga\u00e7\u00e3o com as marginais do C\u00f3rrego das Valqu\u00edrias e a Avenida Luiz Latorre, a transposi\u00e7\u00e3o da Rodovia Jo\u00e3o Cereser e o acesso \u00e0 regi\u00e3o situada entre essa rodovia e a Rodovia Anhanguera.<\/p>\n\n\n\n<p>\u201cEssa obra vai transformar a mobilidade da cidade, desafogando o tr\u00e2nsito em uma \u00e1rea cr\u00edtica e garantindo maior seguran\u00e7a e agilidade para os motoristas. \u00c9 um marco importante para a infraestrutura vi\u00e1ria de Jundia\u00ed, que est\u00e1 crescendo com planejamento e qualidade,\u201d destacou o prefeito Gustavo Martinelli.<\/p>\n\n\n\n<figure class=\"wp-block-image size-large\"><img loading=\"lazy\" decoding=\"async\" width=\"1280\" height=\"854\" src=\"https:\/\/jundiai.sp.gov.br\/noticias\/wp-content\/uploads\/sites\/32\/2025\/01\/visita_ponte_espraiada-16-1280x854.jpg\" alt=\"\" class=\"wp-image-352424\" srcset=\"https:\/\/jundiai.sp.gov.br\/noticias\/wp-content\/uploads\/sites\/32\/2025\/01\/visita_ponte_espraiada-16-1280x854.jpg 1280w, https:\/\/jundiai.sp.gov.br\/noticias\/wp-content\/uploads\/sites\/32\/2025\/01\/visita_ponte_espraiada-16-300x200.jpg 300w, https:\/\/jundiai.sp.gov.br\/noticias\/wp-content\/uploads\/sites\/32\/2025\/01\/visita_ponte_espraiada-16-768x512.jpg 768w, https:\/\/jundiai.sp.gov.br\/noticias\/wp-content\/uploads\/sites\/32\/2025\/01\/visita_ponte_espraiada-16-1536x1024.jpg 1536w, https:\/\/jundiai.sp.gov.br\/noticias\/wp-content\/uploads\/sites\/32\/2025\/01\/visita_ponte_espraiada-16-450x300.jpg 450w, https:\/\/jundiai.sp.gov.br\/noticias\/wp-content\/uploads\/sites\/32\/2025\/01\/visita_ponte_espraiada-16.jpg 1900w\" sizes=\"auto, (max-width: 1280px) 100vw, 1280px\" \/><\/figure>\n\n\n\n<p>O contrato contempla a constru\u00e7\u00e3o de quatro pontes, sendo duas nas marginais do C\u00f3rrego das Valqu\u00edrias e uma de acesso \u00e0s \u00e1reas pr\u00f3ximas \u00e0 Unip, j\u00e1 conclu\u00eddas. A quarta ser\u00e1 uma ponte estaiada que conectar\u00e1 a Avenida Luiz Latorre. No trecho das avenidas, o canal do Rio Jundia\u00ed foi adequado para suportar vaz\u00f5es de chuva com recorr\u00eancia de 100 anos, aumentando a seguran\u00e7a hidr\u00e1ulica da regi\u00e3o.<\/p>\n\n\n\n<p>Al\u00e9m disso, ser\u00e1 constru\u00edda uma nova passagem sob a Rodovia Jo\u00e3o Cereser, duplicando a capacidade de transposi\u00e7\u00e3o. Uma das etapas mais avan\u00e7adas do projeto est\u00e1 chegando \u00e0 fase final, com previs\u00e3o de entrega de cerca de 3,5 quil\u00f4metros \u2014 70% da extens\u00e3o total da obra \u2014 nos pr\u00f3ximos meses. Essa fase permitir\u00e1 a conex\u00e3o da Avenida Ant\u00f4nio Frederico Ozanan com as marginais do C\u00f3rrego das Valqu\u00edrias e o acesso ao Jardim Shangai.<\/p>\n\n\n\n<p>O investimento total na obra \u00e9 de R$ 170.447.697,96, dos quais R$ 100,5 milh\u00f5es s\u00e3o custeados pelo Estado, a fundo perdido, e o restante \u00e9 contrapartida do Munic\u00edpio.<\/p>\n\n\n\n<p>O vice-prefeito Ricardo Benassi tamb\u00e9m ressaltou a import\u00e2ncia da interven\u00e7\u00e3o para a mobilidade urbana. \u201cO prolongamento da Avenida Frederico Ozanan resolver\u00e1 um dos principais gargalos do tr\u00e2nsito na regi\u00e3o. Estamos nos esfor\u00e7ando para concluir as desapropria\u00e7\u00f5es e definir a sinaliza\u00e7\u00e3o e ilumina\u00e7\u00e3o necess\u00e1rias, para liberar os trechos conclu\u00eddos o quanto antes e com seguran\u00e7a,\u201d afirmou.<\/p>\n\n\n\n<p><strong>Detalhes da Obra<\/strong><br>A ponte estaiada, que conectar\u00e1 a Avenida Frederico Ozanan \u00e0 Avenida Luiz Latorre, na altura da Rua Dr. Benedito de Godoi Ferraz, est\u00e1 com 50% das obras conclu\u00eddas. O bin\u00e1rio que liga a Avenida Frederico Ozanan \u00e0 Avenida Jacyro Martinasso j\u00e1 foi finalizado, otimizando o fluxo na regi\u00e3o.<\/p>\n\n\n\n<p>O complexo tamb\u00e9m engloba a requalifica\u00e7\u00e3o vi\u00e1ria das marginais da Rodovia Jo\u00e3o Cereser, beneficiando os bairros Engordadouro, Vila Hortol\u00e2ndia e Jardim Shangai. As melhorias incluem o recapeamento e duplica\u00e7\u00e3o de trechos da Avenida Ol\u00edvio Roncoletta, a implanta\u00e7\u00e3o de ciclovias e o prolongamento da Avenida Paulo Benassi, que conectar\u00e1 a marginal da Rodovia Jo\u00e3o Cereser \u00e0 Avenida Frederico Ozanan, criando mais uma alternativa de acesso ao bairro Engordadouro.<\/p>\n\n\n\n<p><strong>Assessoria de Imprensa<br>Foto: Fot\u00f3grafo PMJ<\/strong><\/p>\n\n\n","protected":false},"excerpt":{"rendered":"<p>As obras na regi\u00e3o da Vila Hortol\u00e2ndia seguem em ritmo acelerado e compreendem um conjunto de melhorias estrat\u00e9gicas. O projeto inclui o prolongamento da Avenida Ant\u00f4nio Frederico Ozanan, sua interliga\u00e7\u00e3o com as marginais do C\u00f3rrego das Valqu\u00edrias e a Avenida Luiz Latorre, a transposi\u00e7\u00e3o da Rodovia Jo\u00e3o Cereser e o acesso \u00e0 regi\u00e3o situada entre [&hellip;]<\/p>\n","protected":false},"author":69,"featured_media":352424,"comment_status":"closed","ping_status":"0","sticky":false,"template":"","format":"standard","meta":{"footnotes":""},"categories":[2],"tags":[4781,4782,982,4430],"ods":[],"class_list":["post-352396","post","type-post","status-publish","format-standard","has-post-thumbnail","hentry","category-noticias","tag-avenida-frederico-ozanan","tag-complexo-viario","tag-mobilidade-e-transporte","tag-ponte-estaiada"],"_links":{"self":[{"href":"https:\/\/jundiai.sp.gov.br\/noticias\/wp-json\/wp\/v2\/posts\/352396","targetHints":{"allow":["GET"]}}],"collection":[{"href":"https:\/\/jundiai.sp.gov.br\/noticias\/wp-json\/wp\/v2\/posts"}],"about":[{"href":"https:\/\/jundiai.sp.gov.br\/noticias\/wp-json\/wp\/v2\/types\/post"}],"author":[{"embeddable":true,"href":"https:\/\/jundiai.sp.gov.br\/noticias\/wp-json\/wp\/v2\/users\/69"}],"replies":[{"embeddable":true,"href":"https:\/\/jundiai.sp.gov.br\/noticias\/wp-json\/wp\/v2\/comments?post=352396"}],"version-history":[{"count":3,"href":"https:\/\/jundiai.sp.gov.br\/noticias\/wp-json\/wp\/v2\/posts\/352396\/revisions"}],"predecessor-version":[{"id":352426,"href":"https:\/\/jundiai.sp.gov.br\/noticias\/wp-json\/wp\/v2\/posts\/352396\/revisions\/352426"}],"wp:featuredmedia":[{"embeddable":true,"href":"https:\/\/jundiai.sp.gov.br\/noticias\/wp-json\/wp\/v2\/media\/352424"}],"wp:attachment":[{"href":"https:\/\/jundiai.sp.gov.br\/noticias\/wp-json\/wp\/v2\/media?parent=352396"}],"wp:term":[{"taxonomy":"category","embeddable":true,"href":"https:\/\/jundiai.sp.gov.br\/noticias\/wp-json\/wp\/v2\/categories?post=352396"},{"taxonomy":"post_tag","embeddable":true,"href":"https:\/\/jundiai.sp.gov.br\/noticias\/wp-json\/wp\/v2\/tags?post=352396"},{"taxonomy":"ods","embeddable":true,"href":"https:\/\/jundiai.sp.gov.br\/noticias\/wp-json\/wp\/v2\/ods?post=352396"}],"curies":[{"name":"wp","href":"https:\/\/api.w.org\/{rel}","templated":true}]}}