{"id":352402,"date":"2025-01-24T15:17:23","date_gmt":"2025-01-24T18:17:23","guid":{"rendered":"https:\/\/jundiai.sp.gov.br\/noticias\/?p=352402"},"modified":"2025-01-24T15:17:23","modified_gmt":"2025-01-24T18:17:23","slug":"jundiai-se-consolida-como-polo-estrategico-em-encontro-com-secretario-estadual-e-empresarios","status":"publish","type":"post","link":"https:\/\/jundiai.sp.gov.br\/noticias\/2025\/01\/24\/jundiai-se-consolida-como-polo-estrategico-em-encontro-com-secretario-estadual-e-empresarios\/","title":{"rendered":"Jundia\u00ed se consolida como polo estrat\u00e9gico em encontro com secret\u00e1rio estadual e empres\u00e1rios"},"content":{"rendered":"\n<p>O prefeito de Jundia\u00ed, Gustavo Martinelli, reuniu-se com o secret\u00e1rio estadual de Desenvolvimento Econ\u00f4mico, Jorge Luiz Lima, para discutir iniciativas voltadas ao fortalecimento da economia local e regional. O encontro, que contou com a participa\u00e7\u00e3o do gestor de Desenvolvimento Econ\u00f4mico e Tecnologia, Humberto Cereser, do diretor-geral da pasta, Mark Willian, da gestora de Cultura, Clarina Fasanaro, e de empres\u00e1rios jundiaienses, destacou a import\u00e2ncia estrat\u00e9gica de Jundia\u00ed tanto para a Regi\u00e3o Metropolitana de Jundia\u00ed (RMJ) quanto para o Estado de S\u00e3o Paulo.<\/p>\n\n\n\n<figure class=\"wp-block-image size-large\"><img loading=\"lazy\" decoding=\"async\" width=\"1280\" height=\"854\" src=\"https:\/\/jundiai.sp.gov.br\/noticias\/wp-content\/uploads\/sites\/32\/2025\/01\/img_6387-1-1280x854.jpg\" alt=\"\" class=\"wp-image-352406\" srcset=\"https:\/\/jundiai.sp.gov.br\/noticias\/wp-content\/uploads\/sites\/32\/2025\/01\/img_6387-1-1280x854.jpg 1280w, https:\/\/jundiai.sp.gov.br\/noticias\/wp-content\/uploads\/sites\/32\/2025\/01\/img_6387-1-300x200.jpg 300w, https:\/\/jundiai.sp.gov.br\/noticias\/wp-content\/uploads\/sites\/32\/2025\/01\/img_6387-1-768x512.jpg 768w, https:\/\/jundiai.sp.gov.br\/noticias\/wp-content\/uploads\/sites\/32\/2025\/01\/img_6387-1-1536x1024.jpg 1536w, https:\/\/jundiai.sp.gov.br\/noticias\/wp-content\/uploads\/sites\/32\/2025\/01\/img_6387-1-450x300.jpg 450w, https:\/\/jundiai.sp.gov.br\/noticias\/wp-content\/uploads\/sites\/32\/2025\/01\/img_6387-1.jpg 1900w\" sizes=\"auto, (max-width: 1280px) 100vw, 1280px\" \/><figcaption class=\"wp-element-caption\">Encontrou contou com a presen\u00e7a de autoridades e empres\u00e1rios<\/figcaption><\/figure>\n\n\n\n<p>\u201cQueremos construir uma cidade que combina qualidade de vida com inova\u00e7\u00e3o e desenvolvimento econ\u00f4mico, sempre com foco na gera\u00e7\u00e3o de emprego e renda para nossa popula\u00e7\u00e3o\u201d, afirmou o prefeito Gustavo Martinelli.<\/p>\n\n\n\n<p>Durante o encontro, foram discutidos projetos que ampliam as oportunidades de desenvolvimento para Jundia\u00ed e munic\u00edpios vizinhos, incluindo a\u00e7\u00f5es voltadas \u00e0 atra\u00e7\u00e3o de novas empresas, otimiza\u00e7\u00e3o de \u00e1reas industriais e fortalecimento da infraestrutura e sustentabilidade. Tamb\u00e9m foi abordada a import\u00e2ncia de pol\u00edticas integradas para promover o crescimento econ\u00f4mico regional de forma planejada e eficiente.<\/p>\n\n\n\n<figure class=\"wp-block-image size-large\"><img loading=\"lazy\" decoding=\"async\" width=\"1280\" height=\"960\" src=\"https:\/\/jundiai.sp.gov.br\/noticias\/wp-content\/uploads\/sites\/32\/2025\/01\/whatsapp-image-2025-01-24-at-11-47-56-1280x960.jpeg\" alt=\"\" class=\"wp-image-352403\" srcset=\"https:\/\/jundiai.sp.gov.br\/noticias\/wp-content\/uploads\/sites\/32\/2025\/01\/whatsapp-image-2025-01-24-at-11-47-56-1280x960.jpeg 1280w, https:\/\/jundiai.sp.gov.br\/noticias\/wp-content\/uploads\/sites\/32\/2025\/01\/whatsapp-image-2025-01-24-at-11-47-56-300x225.jpeg 300w, https:\/\/jundiai.sp.gov.br\/noticias\/wp-content\/uploads\/sites\/32\/2025\/01\/whatsapp-image-2025-01-24-at-11-47-56-768x576.jpeg 768w, https:\/\/jundiai.sp.gov.br\/noticias\/wp-content\/uploads\/sites\/32\/2025\/01\/whatsapp-image-2025-01-24-at-11-47-56-1536x1152.jpeg 1536w, https:\/\/jundiai.sp.gov.br\/noticias\/wp-content\/uploads\/sites\/32\/2025\/01\/whatsapp-image-2025-01-24-at-11-47-56.jpeg 1900w\" sizes=\"auto, (max-width: 1280px) 100vw, 1280px\" \/><figcaption class=\"wp-element-caption\">O Secret\u00e1rio de Desenvolvimento Econ\u00f4mico, Jorge Lima, destacou a import\u00e2ncia de Jundia\u00ed para o Estado<\/figcaption><\/figure>\n\n\n\n<p>Jorge Luiz Lima enfatizou a relev\u00e2ncia de Jundia\u00ed dentro da economia estadual, destacando sua lideran\u00e7a econ\u00f4mica na RMJ e na Regi\u00e3o Metropolitana de Campinas (RMC). \u201cPoucas cidades t\u00eam a for\u00e7a econ\u00f4mica de Jundia\u00ed, que possui um PIB robusto, um IDHM elevado e caracter\u00edsticas \u00fanicas. A cria\u00e7\u00e3o de uma coaliz\u00e3o regional focada em Jundia\u00ed \u00e9 essencial para potencializar ainda mais o desenvolvimento local e as voca\u00e7\u00f5es da regi\u00e3o, como a log\u00edstica, a vinicultura e a ind\u00fastria\u201d, disse o secret\u00e1rio.<\/p>\n\n\n\n<p>\u201cJundia\u00ed re\u00fane atributos \u00fanicos, como localiza\u00e7\u00e3o privilegiada, infraestrutura log\u00edstica de excel\u00eancia e uma base econ\u00f4mica diversificada. Nossa meta \u00e9 garantir que esses diferenciais continuem atraindo investimentos e gerando desenvolvimento sustent\u00e1vel para toda a regi\u00e3o\u201d, finalizou Humberto Cereser.<\/p>\n\n\n\n<p><strong>Assessoria de Imprensa<br>Foto: Fot\u00f3grafo PMJ<\/strong><\/p>\n\n\n\n<p><\/p>\n","protected":false},"excerpt":{"rendered":"<p>O prefeito de Jundia\u00ed, Gustavo Martinelli, reuniu-se com o secret\u00e1rio estadual de Desenvolvimento Econ\u00f4mico, Jorge Luiz Lima, para discutir iniciativas voltadas ao fortalecimento da economia local e regional. O encontro, que contou com a participa\u00e7\u00e3o do gestor de Desenvolvimento Econ\u00f4mico e Tecnologia, Humberto Cereser, do diretor-geral da pasta, Mark Willian, da gestora de Cultura, Clarina [&hellip;]<\/p>\n","protected":false},"author":121,"featured_media":352407,"comment_status":"closed","ping_status":"0","sticky":false,"template":"","format":"standard","meta":{"footnotes":""},"categories":[2],"tags":[365],"ods":[],"class_list":["post-352402","post","type-post","status-publish","format-standard","has-post-thumbnail","hentry","category-noticias","tag-desenvolvimento-economico-ciencia-e-tecnologia"],"_links":{"self":[{"href":"https:\/\/jundiai.sp.gov.br\/noticias\/wp-json\/wp\/v2\/posts\/352402","targetHints":{"allow":["GET"]}}],"collection":[{"href":"https:\/\/jundiai.sp.gov.br\/noticias\/wp-json\/wp\/v2\/posts"}],"about":[{"href":"https:\/\/jundiai.sp.gov.br\/noticias\/wp-json\/wp\/v2\/types\/post"}],"author":[{"embeddable":true,"href":"https:\/\/jundiai.sp.gov.br\/noticias\/wp-json\/wp\/v2\/users\/121"}],"replies":[{"embeddable":true,"href":"https:\/\/jundiai.sp.gov.br\/noticias\/wp-json\/wp\/v2\/comments?post=352402"}],"version-history":[{"count":2,"href":"https:\/\/jundiai.sp.gov.br\/noticias\/wp-json\/wp\/v2\/posts\/352402\/revisions"}],"predecessor-version":[{"id":352408,"href":"https:\/\/jundiai.sp.gov.br\/noticias\/wp-json\/wp\/v2\/posts\/352402\/revisions\/352408"}],"wp:featuredmedia":[{"embeddable":true,"href":"https:\/\/jundiai.sp.gov.br\/noticias\/wp-json\/wp\/v2\/media\/352407"}],"wp:attachment":[{"href":"https:\/\/jundiai.sp.gov.br\/noticias\/wp-json\/wp\/v2\/media?parent=352402"}],"wp:term":[{"taxonomy":"category","embeddable":true,"href":"https:\/\/jundiai.sp.gov.br\/noticias\/wp-json\/wp\/v2\/categories?post=352402"},{"taxonomy":"post_tag","embeddable":true,"href":"https:\/\/jundiai.sp.gov.br\/noticias\/wp-json\/wp\/v2\/tags?post=352402"},{"taxonomy":"ods","embeddable":true,"href":"https:\/\/jundiai.sp.gov.br\/noticias\/wp-json\/wp\/v2\/ods?post=352402"}],"curies":[{"name":"wp","href":"https:\/\/api.w.org\/{rel}","templated":true}]}}