{"id":352458,"date":"2025-01-26T15:31:55","date_gmt":"2025-01-26T18:31:55","guid":{"rendered":"https:\/\/jundiai.sp.gov.br\/noticias\/?p=352458"},"modified":"2025-01-26T18:48:48","modified_gmt":"2025-01-26T21:48:48","slug":"um-evento-de-todos-festa-da-uva-2024-se-destaca-pela-acessibilidade","status":"publish","type":"post","link":"https:\/\/jundiai.sp.gov.br\/noticias\/2025\/01\/26\/um-evento-de-todos-festa-da-uva-2024-se-destaca-pela-acessibilidade\/","title":{"rendered":"Prefeitura de Jundia\u00ed garante acessibilidade na Festa da Uva e Expo Vinhos"},"content":{"rendered":"\n<p>A Prefeitura de Jundia\u00ed reafirma seu compromisso com a inclus\u00e3o ao promover um modelo de acessibilidade universal na <a href=\"https:\/\/festadauva.jundiai.sp.gov.br\/\" target=\"_blank\" rel=\"noreferrer noopener\">Festa da Uva e Expo Vinhos<\/a>. A edi\u00e7\u00e3o deste ano conta com in\u00fameras iniciativas para garantir que todos os visitantes, independentemente de suas condi\u00e7\u00f5es, possam aproveitar integralmente o evento.<\/p>\n\n\n\n<p>Entre as novidades, destacam-se os servi\u00e7os de \u00e1udio descri\u00e7\u00e3o e tradu\u00e7\u00e3o em L\u00edngua Brasileira de Sinais (Libras), que podem ser solicitados gratuitamente durante os dias de Festa. \u201cNosso objetivo \u00e9 incluir na Festa um modelo de acessibilidade universal, atender todos os perfis de p\u00fablico de maneira confort\u00e1vel e hospitaleira e garantir que todos tenham a melhor experi\u00eancia\u201d, explica Marcela Moro, gestora da Unidade de Agroneg\u00f3cio Abastecimento e Turismo.<\/p>\n\n\n\n<p><a href=\"https:\/\/www.flickr.com\/photos\/prefeituradejundiai\/albums\/72177720323380291\/\" target=\"_blank\" rel=\"noreferrer noopener\">CONFIRA AS FOTOS DO PRIMEIRO FIM DE SEMANA<\/a><\/p>\n\n\n\n<figure class=\"wp-block-image size-large\"><img loading=\"lazy\" decoding=\"async\" width=\"1280\" height=\"854\" src=\"https:\/\/jundiai.sp.gov.br\/noticias\/wp-content\/uploads\/sites\/32\/2025\/01\/capa-acessib-1280x854.jpg\" alt=\"\" class=\"wp-image-352459\" srcset=\"https:\/\/jundiai.sp.gov.br\/noticias\/wp-content\/uploads\/sites\/32\/2025\/01\/capa-acessib-1280x854.jpg 1280w, https:\/\/jundiai.sp.gov.br\/noticias\/wp-content\/uploads\/sites\/32\/2025\/01\/capa-acessib-300x200.jpg 300w, https:\/\/jundiai.sp.gov.br\/noticias\/wp-content\/uploads\/sites\/32\/2025\/01\/capa-acessib-768x512.jpg 768w, https:\/\/jundiai.sp.gov.br\/noticias\/wp-content\/uploads\/sites\/32\/2025\/01\/capa-acessib-1536x1024.jpg 1536w, https:\/\/jundiai.sp.gov.br\/noticias\/wp-content\/uploads\/sites\/32\/2025\/01\/capa-acessib-450x300.jpg 450w, https:\/\/jundiai.sp.gov.br\/noticias\/wp-content\/uploads\/sites\/32\/2025\/01\/capa-acessib.jpg 1900w\" sizes=\"auto, (max-width: 1280px) 100vw, 1280px\" \/><figcaption class=\"wp-element-caption\">Equipe durante a visita guiada com \u00e1udio transcri\u00e7\u00e3o<\/figcaption><\/figure>\n\n\n\n<p>Jessica Figueiredo, uma das visitantes beneficiadas pela \u00e1udio descri\u00e7\u00e3o, compartilhou sua experi\u00eancia: \u201cEu nunca tive a oportunidade de ir a uma festa, sempre tive medo. Ter algu\u00e9m descrevendo tudo para mim \u00e9 como se eu estivesse vendo. Ainda posso tocar e sentir as frutas e interagir com os colonos. \u00c9 uma experi\u00eancia incr\u00edvel. Sou muito grata\u201d.<\/p>\n\n\n\n<p>Patr\u00edcia Gon\u00e7alves, membro do Conselho de Cultura e coordenadora da iniciativa, detalha o trabalho da equipe: \u201cAl\u00e9m do int\u00e9rprete de Libras, oferecemos \u00e1udio descri\u00e7\u00e3o, proporcionando visitas guiadas com autonomia e qualidade. Desde a divulga\u00e7\u00e3o, feita com recursos acess\u00edveis, at\u00e9 a assist\u00eancia presencial no evento, buscamos garantir que todos possam aproveitar a Festa de maneira plena. Recebemos os visitantes na administra\u00e7\u00e3o e os acompanhamos em toda a experi\u00eancia, incluindo o desembarque\u201d.<\/p>\n\n\n\n<div class=\"wp-block-columns is-layout-flex wp-container-core-columns-is-layout-9d6595d7 wp-block-columns-is-layout-flex\">\n<div class=\"wp-block-column is-layout-flow wp-block-column-is-layout-flow\">\n<figure class=\"wp-block-image size-large\"><img loading=\"lazy\" decoding=\"async\" width=\"1280\" height=\"827\" src=\"https:\/\/jundiai.sp.gov.br\/noticias\/wp-content\/uploads\/sites\/32\/2025\/01\/interna-acess-1-2-1280x827.jpg\" alt=\"\" class=\"wp-image-352464\" srcset=\"https:\/\/jundiai.sp.gov.br\/noticias\/wp-content\/uploads\/sites\/32\/2025\/01\/interna-acess-1-2-1280x827.jpg 1280w, https:\/\/jundiai.sp.gov.br\/noticias\/wp-content\/uploads\/sites\/32\/2025\/01\/interna-acess-1-2-300x194.jpg 300w, https:\/\/jundiai.sp.gov.br\/noticias\/wp-content\/uploads\/sites\/32\/2025\/01\/interna-acess-1-2-768x496.jpg 768w, https:\/\/jundiai.sp.gov.br\/noticias\/wp-content\/uploads\/sites\/32\/2025\/01\/interna-acess-1-2-1536x992.jpg 1536w, https:\/\/jundiai.sp.gov.br\/noticias\/wp-content\/uploads\/sites\/32\/2025\/01\/interna-acess-1-2.jpg 1900w\" sizes=\"auto, (max-width: 1280px) 100vw, 1280px\" \/><figcaption class=\"wp-element-caption\">J\u00e9ssica Figueiredo recebe a transcri\u00e7\u00e3o \u00e1udio visual<\/figcaption><\/figure>\n<\/div>\n\n\n\n<div class=\"wp-block-column is-layout-flow wp-block-column-is-layout-flow\">\n<figure class=\"wp-block-image size-large\"><img loading=\"lazy\" decoding=\"async\" width=\"1280\" height=\"854\" src=\"https:\/\/jundiai.sp.gov.br\/noticias\/wp-content\/uploads\/sites\/32\/2025\/01\/interna-acesss-1280x854.jpg\" alt=\"\" class=\"wp-image-352462\" srcset=\"https:\/\/jundiai.sp.gov.br\/noticias\/wp-content\/uploads\/sites\/32\/2025\/01\/interna-acesss-1280x854.jpg 1280w, https:\/\/jundiai.sp.gov.br\/noticias\/wp-content\/uploads\/sites\/32\/2025\/01\/interna-acesss-300x200.jpg 300w, https:\/\/jundiai.sp.gov.br\/noticias\/wp-content\/uploads\/sites\/32\/2025\/01\/interna-acesss-768x512.jpg 768w, https:\/\/jundiai.sp.gov.br\/noticias\/wp-content\/uploads\/sites\/32\/2025\/01\/interna-acesss-1536x1024.jpg 1536w, https:\/\/jundiai.sp.gov.br\/noticias\/wp-content\/uploads\/sites\/32\/2025\/01\/interna-acesss-450x300.jpg 450w, https:\/\/jundiai.sp.gov.br\/noticias\/wp-content\/uploads\/sites\/32\/2025\/01\/interna-acesss.jpg 1900w\" sizes=\"auto, (max-width: 1280px) 100vw, 1280px\" \/><figcaption class=\"wp-element-caption\">Libras facilita expressar as emo\u00e7\u00f5es  <\/figcaption><\/figure>\n<\/div>\n<\/div>\n\n\n\n<p>Carmem Silva, deficiente visual, tamb\u00e9m elogiou a iniciativa: \u201cPoder tocar nos proporciona uma sensa\u00e7\u00e3o real do que \u00e9 cada coisa. A experi\u00eancia foi maravilhosa, eu amei a Festa\u201d. <\/p>\n\n\n\n<h4 class=\"wp-block-heading\">Estrutura pensada para todos<\/h4>\n\n\n\n<p>Todos os espa\u00e7os do Parque foram projetados com foco no conforto e mobilidade dos visitantes. O local conta com banheiros acess\u00edveis, rampas para acesso a diferentes \u00e1reas e servi\u00e7os como transporte interno com carrinhos el\u00e9tricos. Para utilizar o transporte, basta aguardar em um dos pontos de parada.<\/p>\n\n\n\n<p>No Port\u00e3o 8, na administra\u00e7\u00e3o da Festa, est\u00e3o dispon\u00edveis gratuitamente os servi\u00e7os de tradu\u00e7\u00e3o em Libras, \u00e1udio descri\u00e7\u00e3o e empr\u00e9stimo de cadeiras de rodas. Tudo para garantir que a inclus\u00e3o seja a marca registrada do evento.<\/p>\n\n\n\n<p>A Festa da Uva e Expo Vinhos segue como um exemplo de acolhimento e respeito, garantindo que todos tenham acesso a momentos inesquec\u00edveis no cora\u00e7\u00e3o de Jundia\u00ed.<\/p>\n\n\n\n<p><strong>Assessoria de Imprensa<br>Foto: Fot\u00f3grafo PMJ<\/strong><\/p>\n","protected":false},"excerpt":{"rendered":"<p>A Prefeitura de Jundia\u00ed reafirma seu compromisso com a inclus\u00e3o ao promover um modelo de acessibilidade universal na Festa da Uva e Expo Vinhos. A edi\u00e7\u00e3o deste ano conta com in\u00fameras iniciativas para garantir que todos os visitantes, independentemente de suas condi\u00e7\u00f5es, possam aproveitar integralmente o evento. Entre as novidades, destacam-se os servi\u00e7os de \u00e1udio [&hellip;]<\/p>\n","protected":false},"author":69,"featured_media":352466,"comment_status":"closed","ping_status":"0","sticky":false,"template":"","format":"standard","meta":{"footnotes":""},"categories":[2],"tags":[4751,974,4689,29,276,1315],"ods":[],"class_list":["post-352458","post","type-post","status-publish","format-standard","has-post-thumbnail","hentry","category-noticias","tag-40a-festa-da-uva-e-11a-expo-vinhos","tag-agronegocio-abastecimento-e-turismo","tag-corte-da-uva-2025","tag-cultura","tag-parque-da-uva","tag-turismo"],"_links":{"self":[{"href":"https:\/\/jundiai.sp.gov.br\/noticias\/wp-json\/wp\/v2\/posts\/352458","targetHints":{"allow":["GET"]}}],"collection":[{"href":"https:\/\/jundiai.sp.gov.br\/noticias\/wp-json\/wp\/v2\/posts"}],"about":[{"href":"https:\/\/jundiai.sp.gov.br\/noticias\/wp-json\/wp\/v2\/types\/post"}],"author":[{"embeddable":true,"href":"https:\/\/jundiai.sp.gov.br\/noticias\/wp-json\/wp\/v2\/users\/69"}],"replies":[{"embeddable":true,"href":"https:\/\/jundiai.sp.gov.br\/noticias\/wp-json\/wp\/v2\/comments?post=352458"}],"version-history":[{"count":14,"href":"https:\/\/jundiai.sp.gov.br\/noticias\/wp-json\/wp\/v2\/posts\/352458\/revisions"}],"predecessor-version":[{"id":352485,"href":"https:\/\/jundiai.sp.gov.br\/noticias\/wp-json\/wp\/v2\/posts\/352458\/revisions\/352485"}],"wp:featuredmedia":[{"embeddable":true,"href":"https:\/\/jundiai.sp.gov.br\/noticias\/wp-json\/wp\/v2\/media\/352466"}],"wp:attachment":[{"href":"https:\/\/jundiai.sp.gov.br\/noticias\/wp-json\/wp\/v2\/media?parent=352458"}],"wp:term":[{"taxonomy":"category","embeddable":true,"href":"https:\/\/jundiai.sp.gov.br\/noticias\/wp-json\/wp\/v2\/categories?post=352458"},{"taxonomy":"post_tag","embeddable":true,"href":"https:\/\/jundiai.sp.gov.br\/noticias\/wp-json\/wp\/v2\/tags?post=352458"},{"taxonomy":"ods","embeddable":true,"href":"https:\/\/jundiai.sp.gov.br\/noticias\/wp-json\/wp\/v2\/ods?post=352458"}],"curies":[{"name":"wp","href":"https:\/\/api.w.org\/{rel}","templated":true}]}}