{"id":352596,"date":"2025-01-30T11:30:00","date_gmt":"2025-01-30T14:30:00","guid":{"rendered":"https:\/\/jundiai.sp.gov.br\/noticias\/?p=352596"},"modified":"2025-01-30T10:27:08","modified_gmt":"2025-01-30T13:27:08","slug":"departamento-de-transporte-promove-ajustes-e-ampliacao-de-horarios-em-linhas-de-onibus","status":"publish","type":"post","link":"https:\/\/jundiai.sp.gov.br\/noticias\/2025\/01\/30\/departamento-de-transporte-promove-ajustes-e-ampliacao-de-horarios-em-linhas-de-onibus\/","title":{"rendered":"Departamento de transporte promove ajustes e amplia\u00e7\u00e3o de hor\u00e1rios em linhas de \u00f4nibus"},"content":{"rendered":"\n<p>A Unidade de Gest\u00e3o de Mobilidade e Transporte (UGMT) de Jundia\u00ed iniciar\u00e1, a partir dos dias 2 e 3 de fevereiro, uma s\u00e9rie de ajustes e amplia\u00e7\u00f5es nos hor\u00e1rios de algumas linhas de \u00f4nibus municipais. As altera\u00e7\u00f5es fazem parte do projeto de revis\u00e3o das linhas de transporte p\u00fablico para 2025 e visam melhorar a oferta de servi\u00e7os, reduzindo o tempo de espera e atendendo \u00e0s necessidades dos passageiros.<\/p>\n\n\n\n<figure class=\"wp-block-image size-large\"><img loading=\"lazy\" decoding=\"async\" width=\"1280\" height=\"864\" src=\"https:\/\/jundiai.sp.gov.br\/noticias\/wp-content\/uploads\/sites\/32\/2025\/01\/20250129_114705-1-1280x864.jpg\" alt=\"\" class=\"wp-image-352598\" srcset=\"https:\/\/jundiai.sp.gov.br\/noticias\/wp-content\/uploads\/sites\/32\/2025\/01\/20250129_114705-1-1280x864.jpg 1280w, https:\/\/jundiai.sp.gov.br\/noticias\/wp-content\/uploads\/sites\/32\/2025\/01\/20250129_114705-1-300x203.jpg 300w, https:\/\/jundiai.sp.gov.br\/noticias\/wp-content\/uploads\/sites\/32\/2025\/01\/20250129_114705-1-768x519.jpg 768w, https:\/\/jundiai.sp.gov.br\/noticias\/wp-content\/uploads\/sites\/32\/2025\/01\/20250129_114705-1-1536x1037.jpg 1536w, https:\/\/jundiai.sp.gov.br\/noticias\/wp-content\/uploads\/sites\/32\/2025\/01\/20250129_114705-1.jpg 1900w\" sizes=\"auto, (max-width: 1280px) 100vw, 1280px\" \/><\/figure>\n\n\n\n<h2 class=\"wp-block-heading\"><strong>Confira as principais altera\u00e7\u00f5es:<\/strong><\/h2>\n\n\n\n<p><strong>A partir de 02\/02\/2025<\/strong><\/p>\n\n\n\n<ul class=\"wp-block-list\">\n<li><strong>Linha 947 (Terminal Eloy Chaves \u2013 Terminal Hortol\u00e2ndia)<\/strong>: Ajustes nos hor\u00e1rios aos domingos e feriados para melhorar o cumprimento da programa\u00e7\u00e3o e reduzir atrasos.<\/li>\n<\/ul>\n\n\n\n<p><strong>A partir de 03\/02\/2025<\/strong><\/p>\n\n\n\n<ul class=\"wp-block-list\">\n<li><strong>Linha 549 (Terminal Eloy Chaves \u2013 Jardim das Tulipas)<\/strong>: Ter\u00e1 acr\u00e9scimo de frota e hor\u00e1rios de segunda a sexta-feira, acompanhando o aumento da demanda. Nos hor\u00e1rios de pico, de manh\u00e3 e a tarde, o intervalo entre as viagens ser\u00e1 reduzido de 60 para 30 a 35 minutos.<\/li>\n\n\n\n<li><strong>Linha 562 (Terminal Cecap \u2013 Morada das Vinhas)<\/strong>: Para atender a crescente demanda no in\u00edcio do dia, a linha contar\u00e1 com novos hor\u00e1rios entre 5h30 e 7h30, reduzindo o intervalo entre as partidas de 12 para 8 minutos.<\/li>\n\n\n\n<li><strong>Linha 547 (Jardim Ermida)<\/strong>: Amplia\u00e7\u00e3o dos hor\u00e1rios de segunda a sexta-feira e inclus\u00e3o de viagens aos finais de semana, visando atender a popula\u00e7\u00e3o do bairro e da \u00e1rea industrial local.<\/li>\n\n\n\n<li><strong>Linha 448 (Terminal Eloy Chaves \u2013 Cidade dos Meninos e Meninas)<\/strong>: Passar\u00e1 a atender a institui\u00e7\u00e3o no hor\u00e1rio das 18h50, substituindo a linha 543.<\/li>\n\n\n\n<li><strong>Linha 543 (Fazenda Grande)<\/strong>: Deixar\u00e1 de atender a Cidade dos Meninos e Meninas no hor\u00e1rio das 18h50, tornando-se exclusiva para o bairro Fazenda Grande.<\/li>\n<\/ul>\n\n\n\n<p>As novas tabelas hor\u00e1rias j\u00e1 est\u00e3o dispon\u00edveis no site oficial do <a href=\"https:\/\/situ.jundiai.sp.gov.br\/\">Sistema Integrado de Transporte Urbano (SITU)<\/a> ou atrav\u00e9s dos aplicativos: Cittamobi e Google Maps que permite ver a localiza\u00e7\u00e3o do \u00f4nibus em tempo real. A atualiza\u00e7\u00e3o dos hor\u00e1rios \u00e9 autom\u00e1tica e possibilita a consulta dos itiner\u00e1rios.&nbsp; Al\u00e9m disso, equipes de fiscaliza\u00e7\u00e3o estar\u00e3o nos terminais para orientar os passageiros sobre as mudan\u00e7as.<\/p>\n\n\n\n<p>A Prefeitura de Jundia\u00ed segue comprometida em aprimorar a mobilidade urbana e oferecer um transporte p\u00fablico de qualidade para a popula\u00e7\u00e3o. Para sugest\u00f5es e mais informa\u00e7\u00f5es, os usu\u00e1rios podem entrar em contato pelos canais oficiais da UGMT pelo telefone: (11) 4589-8763 ou e-mail:&nbsp;<a href=\"mailto:dtp@jundiai.sp.gov.br\">dtp@jundiai.sp.gov.br<\/a>.<\/p>\n\n\n\n<p><strong>Assessoria de Imprensa<br>Foto: Fot\u00f3grafo PMJ<\/strong><\/p>\n","protected":false},"excerpt":{"rendered":"<p>A Unidade de Gest\u00e3o de Mobilidade e Transporte (UGMT) de Jundia\u00ed iniciar\u00e1, a partir dos dias 2 e 3 de fevereiro, uma s\u00e9rie de ajustes e amplia\u00e7\u00f5es nos hor\u00e1rios de algumas linhas de \u00f4nibus municipais. As altera\u00e7\u00f5es fazem parte do projeto de revis\u00e3o das linhas de transporte p\u00fablico para 2025 e visam melhorar a oferta [&hellip;]<\/p>\n","protected":false},"author":69,"featured_media":352598,"comment_status":"closed","ping_status":"0","sticky":false,"template":"","format":"standard","meta":{"footnotes":""},"categories":[2],"tags":[2155,982,1198],"ods":[],"class_list":["post-352596","post","type-post","status-publish","format-standard","has-post-thumbnail","hentry","category-noticias","tag-linhas-de-onibus","tag-mobilidade-e-transporte","tag-onibus"],"_links":{"self":[{"href":"https:\/\/jundiai.sp.gov.br\/noticias\/wp-json\/wp\/v2\/posts\/352596","targetHints":{"allow":["GET"]}}],"collection":[{"href":"https:\/\/jundiai.sp.gov.br\/noticias\/wp-json\/wp\/v2\/posts"}],"about":[{"href":"https:\/\/jundiai.sp.gov.br\/noticias\/wp-json\/wp\/v2\/types\/post"}],"author":[{"embeddable":true,"href":"https:\/\/jundiai.sp.gov.br\/noticias\/wp-json\/wp\/v2\/users\/69"}],"replies":[{"embeddable":true,"href":"https:\/\/jundiai.sp.gov.br\/noticias\/wp-json\/wp\/v2\/comments?post=352596"}],"version-history":[{"count":5,"href":"https:\/\/jundiai.sp.gov.br\/noticias\/wp-json\/wp\/v2\/posts\/352596\/revisions"}],"predecessor-version":[{"id":352655,"href":"https:\/\/jundiai.sp.gov.br\/noticias\/wp-json\/wp\/v2\/posts\/352596\/revisions\/352655"}],"wp:featuredmedia":[{"embeddable":true,"href":"https:\/\/jundiai.sp.gov.br\/noticias\/wp-json\/wp\/v2\/media\/352598"}],"wp:attachment":[{"href":"https:\/\/jundiai.sp.gov.br\/noticias\/wp-json\/wp\/v2\/media?parent=352596"}],"wp:term":[{"taxonomy":"category","embeddable":true,"href":"https:\/\/jundiai.sp.gov.br\/noticias\/wp-json\/wp\/v2\/categories?post=352596"},{"taxonomy":"post_tag","embeddable":true,"href":"https:\/\/jundiai.sp.gov.br\/noticias\/wp-json\/wp\/v2\/tags?post=352596"},{"taxonomy":"ods","embeddable":true,"href":"https:\/\/jundiai.sp.gov.br\/noticias\/wp-json\/wp\/v2\/ods?post=352596"}],"curies":[{"name":"wp","href":"https:\/\/api.w.org\/{rel}","templated":true}]}}