{"id":352682,"date":"2025-01-31T12:26:06","date_gmt":"2025-01-31T15:26:06","guid":{"rendered":"https:\/\/jundiai.sp.gov.br\/noticias\/?p=352682"},"modified":"2025-01-31T12:26:06","modified_gmt":"2025-01-31T15:26:06","slug":"centro-das-artes-tem-mais-programacao-de-ferias-com-os-corpos-artisticos-da-cultura","status":"publish","type":"post","link":"https:\/\/jundiai.sp.gov.br\/noticias\/2025\/01\/31\/centro-das-artes-tem-mais-programacao-de-ferias-com-os-corpos-artisticos-da-cultura\/","title":{"rendered":"Centro das Artes tem mais programa\u00e7\u00e3o de f\u00e9rias com os corpos art\u00edsticos da Cultura"},"content":{"rendered":"\n<p>A Unidade de Gest\u00e3o de Cultura (UGC) preparou para mais este final de semana uma s\u00e9rie de espet\u00e1culos gratuitos com seus corpos art\u00edsticos no Centro das Artes Prefeito Pedro F\u00e1varo. Trata-se de uma programa\u00e7\u00e3o especial com a Companhia de Teatro de Dan\u00e7a e a Cia. Jovem de Dan\u00e7a destinada ao p\u00fablico infantojuvenil em f\u00e9rias e \u00e0s fam\u00edlias.<\/p>\n\n\n\n<p>Neste s\u00e1bado (01), a programa\u00e7\u00e3o come\u00e7a na Sala Gl\u00f3ria Rocha, com a apresenta\u00e7\u00e3o de <a href=\"https:\/\/cultura.jundiai.sp.gov.br\/agenda-cultural\/folia-dos-bichos-com-a-cia-jovem-de-danca-de-jundiai-2\/\" target=\"_blank\" rel=\"noreferrer noopener\">Folia dos Bichos<\/a>, com a Cia. Jovem de Dan\u00e7a. Com coreografia de Andressa Rondon e dire\u00e7\u00e3o art\u00edstica de Alex Soares, a pe\u00e7a combina a magia da obra \u201cCarnaval dos Animais\u201d, de Camille Saint-Sa\u00ebns, com a vivacidade e a tradi\u00e7\u00e3o do Carnaval brasileiro.<\/p>\n\n\n\n<p>\u00c0s 20h, a Cia. Jovem de Dan\u00e7a volta \u00e0 Sala Gl\u00f3ria Rocha com um <a href=\"https:\/\/cultura.jundiai.sp.gov.br\/agenda-cultural\/programa-triplo-de-coreografias-com-a-cia-jovem-de-danca-de-jundiai-4\/\" target=\"_blank\" rel=\"noreferrer noopener\">programa triplo das coreografias \u201cSuite Quebrakovsky\u201d, \u201cJ\u2019ai pens\u00e9\u201d e \u201cAquilo que guardo\u201d<\/a>, que, respectivamente, s\u00e3o assinadas por Alex Soares, Jo\u00e3o Lucas Alves e Sarah Raquel.<\/p>\n\n\n\n<figure class=\"wp-block-image size-large\"><img loading=\"lazy\" decoding=\"async\" width=\"1280\" height=\"854\" src=\"https:\/\/jundiai.sp.gov.br\/noticias\/wp-content\/uploads\/sites\/32\/2025\/01\/folia-dos-bichos-cia-jovem-de-danca-apresentacao-para-emeb-no-polytheama-_ws-413-1280x854.jpg\" alt=\"\" class=\"wp-image-352684\" srcset=\"https:\/\/jundiai.sp.gov.br\/noticias\/wp-content\/uploads\/sites\/32\/2025\/01\/folia-dos-bichos-cia-jovem-de-danca-apresentacao-para-emeb-no-polytheama-_ws-413-1280x854.jpg 1280w, https:\/\/jundiai.sp.gov.br\/noticias\/wp-content\/uploads\/sites\/32\/2025\/01\/folia-dos-bichos-cia-jovem-de-danca-apresentacao-para-emeb-no-polytheama-_ws-413-300x200.jpg 300w, https:\/\/jundiai.sp.gov.br\/noticias\/wp-content\/uploads\/sites\/32\/2025\/01\/folia-dos-bichos-cia-jovem-de-danca-apresentacao-para-emeb-no-polytheama-_ws-413-768x512.jpg 768w, https:\/\/jundiai.sp.gov.br\/noticias\/wp-content\/uploads\/sites\/32\/2025\/01\/folia-dos-bichos-cia-jovem-de-danca-apresentacao-para-emeb-no-polytheama-_ws-413-1536x1024.jpg 1536w, https:\/\/jundiai.sp.gov.br\/noticias\/wp-content\/uploads\/sites\/32\/2025\/01\/folia-dos-bichos-cia-jovem-de-danca-apresentacao-para-emeb-no-polytheama-_ws-413-450x300.jpg 450w, https:\/\/jundiai.sp.gov.br\/noticias\/wp-content\/uploads\/sites\/32\/2025\/01\/folia-dos-bichos-cia-jovem-de-danca-apresentacao-para-emeb-no-polytheama-_ws-413.jpg 1900w\" sizes=\"auto, (max-width: 1280px) 100vw, 1280px\" \/><figcaption class=\"wp-element-caption\">Para esta temporada de f\u00e9rias, Cia. Jovem de Dan\u00e7a apresenta &#8220;Folia dos Bichos&#8221; (foto), \u201cSuite Quebrakovsky\u201d, \u201cJ\u2019ai pens\u00e9\u201d e \u201cAquilo que guardo\u201d<\/figcaption><\/figure>\n\n\n\n<p>No domingo (01), quem sobe ao palco da Sala Gl\u00f3ria Rocha \u00e9 a Companhia de Teatro, com <a href=\"https:\/\/cultura.jundiai.sp.gov.br\/agenda-cultural\/r-i-p-uma-historia-de-amor-com-a-companhia-de-teatro-de-jundiai-3\/\" target=\"_blank\" rel=\"noreferrer noopener\">R.I.P. \u2013 Uma hist\u00f3ria de amor<\/a>, a partir das 19h. Com dire\u00e7\u00e3o de Carla Candiotto, o espet\u00e1culo mistura rimas, brincadeiras, sustos, atrapalhadas e intera\u00e7\u00e3o do p\u00fablico para contar as tentativas do protagonista M\u00e1rio em declarar o seu amor a Maria e todas as suas dificuldades para desviar das artimanhas do rival Enrico, o Talarico.<\/p>\n\n\n\n<p>Todas as atra\u00e7\u00f5es t\u00eam entrada gratuita. Os ingressos ficam acess\u00edveis sempre no dia anterior a cada apresenta\u00e7\u00e3o, a partir das 10h30 na bilheteria do Centro das Artes e <a href=\"https:\/\/www.sympla.com.br\/eventos?s=sala%20gloria%20rocha\" target=\"_blank\" rel=\"noreferrer noopener\">na internet, por meio da plataforma Sympla<\/a>; e a partir das 15h na bilheteria do Teatro Polytheama. Cada interessado pode retirar at\u00e9 dois ingressos.<\/p>\n\n\n\n<p>A temporada de f\u00e9rias da <a href=\"https:\/\/cultura.jundiai.sp.gov.br\/eventos\/tag\/cia-de-teatro-de-jundiai\/\" target=\"_blank\" rel=\"noreferrer noopener\">Companhia de Teatro<\/a> segue com a pe\u00e7a \u201cRobin Hood\u201d, \u00e0s quintas-feiras \u2013 dias 06, 13 e 20 de fevereiro, sempre \u00e0s 16h, na Sala Josette Feres. J\u00e1 \u201cR.I.P.\u201d ter\u00e1 mais uma apresenta\u00e7\u00e3o no domingo (09), \u00e0s 19h, na Sala Gl\u00f3ria Rocha. J\u00e1 a <a href=\"https:\/\/cultura.jundiai.sp.gov.br\/eventos\/tag\/cia-jovem-de-danca\/\" target=\"_blank\" rel=\"noreferrer noopener\">Cia. Jovem de Dan\u00e7a<\/a> tem mais apresenta\u00e7\u00f5es na Sala Gl\u00f3ria Rocha nos s\u00e1bados &#8211; dias 08, 15 e 22 de fevereiro -, com \u201cFolia dos Bichos\u201d, sempre \u00e0s 16h, e com o programa triplo de coreografias, a partir das 20h.<\/p>\n\n\n\n<p>O Centro das Artes fica na rua Bar\u00e3o de Jundia\u00ed, 1093 \u2013 Centro. Mais informa\u00e7\u00f5es podem ser obtidas pelo telefone 4589-6805.<\/p>\n\n\n\n<figure class=\"wp-block-image size-full\"><img loading=\"lazy\" decoding=\"async\" width=\"1200\" height=\"800\" src=\"https:\/\/jundiai.sp.gov.br\/noticias\/wp-content\/uploads\/sites\/32\/2025\/01\/cia_de_teatro_sala_gloria_rocha_rip_2024_pa-85-1200x800-1.jpg\" alt=\"\" class=\"wp-image-352685\" srcset=\"https:\/\/jundiai.sp.gov.br\/noticias\/wp-content\/uploads\/sites\/32\/2025\/01\/cia_de_teatro_sala_gloria_rocha_rip_2024_pa-85-1200x800-1.jpg 1200w, https:\/\/jundiai.sp.gov.br\/noticias\/wp-content\/uploads\/sites\/32\/2025\/01\/cia_de_teatro_sala_gloria_rocha_rip_2024_pa-85-1200x800-1-300x200.jpg 300w, https:\/\/jundiai.sp.gov.br\/noticias\/wp-content\/uploads\/sites\/32\/2025\/01\/cia_de_teatro_sala_gloria_rocha_rip_2024_pa-85-1200x800-1-768x512.jpg 768w, https:\/\/jundiai.sp.gov.br\/noticias\/wp-content\/uploads\/sites\/32\/2025\/01\/cia_de_teatro_sala_gloria_rocha_rip_2024_pa-85-1200x800-1-450x300.jpg 450w\" sizes=\"auto, (max-width: 1200px) 100vw, 1200px\" \/><figcaption class=\"wp-element-caption\">J\u00e1 a Companhia de Teatro apresenta &#8220;R.I.P. \u2013 Uma hist\u00f3ria de amor&#8221; (foto) e &#8220;Robin Hood&#8221; <\/figcaption><\/figure>\n\n\n\n<p><strong>Mais agenda cultural<\/strong><br>A <a href=\"https:\/\/festadauva.jundiai.sp.gov.br\/\" target=\"_blank\" rel=\"noreferrer noopener\">40\u00aa Festa da Uva e 11\u00aa Expo Vinhos 2025<\/a> tamb\u00e9m traz em seu segundo final de semana uma uma diversidade de atra\u00e7\u00f5es musicais e interven\u00e7\u00f5es art\u00edsticas espalhadas pelo Parque Comendador Antonio Carbonari (Parque da Uva).<\/p>\n\n\n\n<p>Al\u00e9m dos shows nos cinco palcos tem\u00e1ticos (Palco Interno \u2013 Uva Niagara Rosada de Jundiahy, Palco Externo \u2013 Uva Isabel, Palco do Samba \u2013 Uva Bord\u00f4, Coreto do Rock \u2013 Uva M\u00e1ximo e Palco das Crian\u00e7as \u2013 Uva Ribas), a Festa traz ainda a tradicional Pisa da Uva, o Cortejo da Uva, o Brinde ao Por do Sol, e muitas mais atra\u00e7\u00f5es, que podem ser <a href=\"https:\/\/5by.me\/festadauva\/programacao\/\" target=\"_blank\" rel=\"noreferrer noopener\">conferidas no site oficial.<\/a><\/p>\n\n\n\n<p>O Parque da Uva fica na avenida Jundia\u00ed, s\/n \u2013 Anhangaba\u00fa e tem entrada gratuita, com doa\u00e7\u00e3o volunt\u00e1ria de alimentos n\u00e3o perec\u00edveis para o Fundo Social de Solidariedade (Funss).<\/p>\n\n\n\n<p>Ao longo da semana, os interessados tamb\u00e9m t\u00eam a oportunidade para as visitas gratuitas aos <a href=\"https:\/\/cultura.jundiai.sp.gov.br\/espacos-culturais\/\" target=\"_blank\" rel=\"noreferrer noopener\">equipamentos culturais municipais<\/a> e \u00e0s <a href=\"https:\/\/cultura.jundiai.sp.gov.br\/exposicoes\/em-exibicao\/\" target=\"_blank\" rel=\"noreferrer noopener\">exposi\u00e7\u00f5es em cartaz<\/a>.<\/p>\n\n\n\n<figure class=\"wp-block-image size-full\"><img loading=\"lazy\" decoding=\"async\" width=\"1200\" height=\"675\" src=\"https:\/\/jundiai.sp.gov.br\/noticias\/wp-content\/uploads\/sites\/32\/2025\/01\/jai_pense_cia_jovem_de_danca-12-1200x675-1.jpg\" alt=\"\" class=\"wp-image-352687\" srcset=\"https:\/\/jundiai.sp.gov.br\/noticias\/wp-content\/uploads\/sites\/32\/2025\/01\/jai_pense_cia_jovem_de_danca-12-1200x675-1.jpg 1200w, https:\/\/jundiai.sp.gov.br\/noticias\/wp-content\/uploads\/sites\/32\/2025\/01\/jai_pense_cia_jovem_de_danca-12-1200x675-1-300x169.jpg 300w, https:\/\/jundiai.sp.gov.br\/noticias\/wp-content\/uploads\/sites\/32\/2025\/01\/jai_pense_cia_jovem_de_danca-12-1200x675-1-768x432.jpg 768w\" sizes=\"auto, (max-width: 1200px) 100vw, 1200px\" \/><figcaption class=\"wp-element-caption\">A Cia. Jovem de Dan\u00e7a e a Companhia de Teatro s\u00e3o dois dos corpos art\u00edsticos municipais ligados \u00e0 UGC<\/figcaption><\/figure>\n\n\n\n<p><strong>Assessoria de Imprensa<br>Fotos: Fot\u00f3grafos PMJ<\/strong><\/p>\n","protected":false},"excerpt":{"rendered":"<p>A Unidade de Gest\u00e3o de Cultura (UGC) preparou para mais este final de semana uma s\u00e9rie de espet\u00e1culos gratuitos com seus corpos art\u00edsticos no Centro das Artes Prefeito Pedro F\u00e1varo. Trata-se de uma programa\u00e7\u00e3o especial com a Companhia de Teatro de Dan\u00e7a e a Cia. Jovem de Dan\u00e7a destinada ao p\u00fablico infantojuvenil em f\u00e9rias e [&hellip;]<\/p>\n","protected":false},"author":14,"featured_media":352689,"comment_status":"closed","ping_status":"0","sticky":false,"template":"","format":"standard","meta":{"footnotes":""},"categories":[2],"tags":[718,1130,812,29,2225],"ods":[],"class_list":["post-352682","post","type-post","status-publish","format-standard","has-post-thumbnail","hentry","category-noticias","tag-centro-das-artes-prefeito-pedro-favaro","tag-cia-jovem-de-danca","tag-companhia-de-teatro-de-jundiai","tag-cultura","tag-sala-gloria-rocha"],"_links":{"self":[{"href":"https:\/\/jundiai.sp.gov.br\/noticias\/wp-json\/wp\/v2\/posts\/352682","targetHints":{"allow":["GET"]}}],"collection":[{"href":"https:\/\/jundiai.sp.gov.br\/noticias\/wp-json\/wp\/v2\/posts"}],"about":[{"href":"https:\/\/jundiai.sp.gov.br\/noticias\/wp-json\/wp\/v2\/types\/post"}],"author":[{"embeddable":true,"href":"https:\/\/jundiai.sp.gov.br\/noticias\/wp-json\/wp\/v2\/users\/14"}],"replies":[{"embeddable":true,"href":"https:\/\/jundiai.sp.gov.br\/noticias\/wp-json\/wp\/v2\/comments?post=352682"}],"version-history":[{"count":4,"href":"https:\/\/jundiai.sp.gov.br\/noticias\/wp-json\/wp\/v2\/posts\/352682\/revisions"}],"predecessor-version":[{"id":352690,"href":"https:\/\/jundiai.sp.gov.br\/noticias\/wp-json\/wp\/v2\/posts\/352682\/revisions\/352690"}],"wp:featuredmedia":[{"embeddable":true,"href":"https:\/\/jundiai.sp.gov.br\/noticias\/wp-json\/wp\/v2\/media\/352689"}],"wp:attachment":[{"href":"https:\/\/jundiai.sp.gov.br\/noticias\/wp-json\/wp\/v2\/media?parent=352682"}],"wp:term":[{"taxonomy":"category","embeddable":true,"href":"https:\/\/jundiai.sp.gov.br\/noticias\/wp-json\/wp\/v2\/categories?post=352682"},{"taxonomy":"post_tag","embeddable":true,"href":"https:\/\/jundiai.sp.gov.br\/noticias\/wp-json\/wp\/v2\/tags?post=352682"},{"taxonomy":"ods","embeddable":true,"href":"https:\/\/jundiai.sp.gov.br\/noticias\/wp-json\/wp\/v2\/ods?post=352682"}],"curies":[{"name":"wp","href":"https:\/\/api.w.org\/{rel}","templated":true}]}}